{"id":889,"date":"2024-10-03T15:23:17","date_gmt":"2024-10-03T15:23:17","guid":{"rendered":"https:\/\/futureg.sk\/hu\/?p=889"},"modified":"2024-11-21T08:27:20","modified_gmt":"2024-11-21T08:27:20","slug":"digit4all-kickoff-meeting-dunaszerdahelyen","status":"publish","type":"post","link":"https:\/\/futureg.sk\/hu\/digit4all-kickoff-meeting-dunaszerdahelyen\/","title":{"rendered":"DIGIT4ALL KickOff Meeting Dunaszerdahelyen"},"content":{"rendered":"<div class=\"field field-name-field-teaser field-type-text-long field-label-hidden\">\n<div class=\"field-items\">\n<div class=\"field-item even\">A DIGIT4ALL KickOff Meeting k\u00e9tnapos szem\u00e9lyes tal\u00e1lkoz\u00f3t a FutuReg Polg\u00e1ri T\u00e1rsulat szervez\u00e9s\u00e9ben \u00e9s az ALTERNAT\u00cdVA Egyes\u00fclet magyar partnerszervezet k\u00f6zrem\u0171k\u00f6d\u00e9s\u00e9vel rendezt\u00e9k Dunaszerdahelyen 2023. janu\u00e1r 20-\u00e1n \u00e9s 21-\u00e9n, az Eur\u00f3pai Uni\u00f3 Erasmus+ programj\u00e1nak t\u00e1mogat\u00e1s\u00e1val, melyen 10 szem\u00e9ly vett r\u00e9szt.<\/div>\n<div><\/div>\n<\/div>\n<\/div>\n<p><!--more--><\/p>\n<div class=\"field field-name-field-image field-type-image field-label-hidden\">\n<div class=\"field-items\">\n<div class=\"field-item even\"><img loading=\"lazy\" decoding=\"async\" title=\"FutuReg Polg\u00e1ri T\u00e1rsulat\" src=\"https:\/\/dunaszerdahelyi.sk\/files\/styles\/840x\/public\/images\/article\/2023\/jan\/26\/2023-01-27-digit4all_kickoff-img_1452-4001_0.jpg?itok=KgK0zade\" alt=\"DIGIT4ALL KickOff Meeting Dunaszerdahelyen\" width=\"840\" height=\"630\" \/><span class=\"img-title\">FutuReg Polg\u00e1ri T\u00e1rsulat<\/span><\/div>\n<\/div>\n<\/div>\n<div class=\"field-collection-container clearfix\">\n<div class=\"field field-name-field-content field-type-field-collection field-label-hidden\">\n<div class=\"field-items\">\n<div class=\"field-item even\">\n<div class=\"field-collection-view clearfix view-mode-full field-collection-view-final\">\n<div class=\"entity entity-field-collection-item field-collection-item-field-content clearfix\">\n<div class=\"content\">\n<div class=\"field field-name-field-content-text field-type-text-long field-label-hidden\">\n<div class=\"field-items\">\n<div class=\"field-item even\">\n<p class=\"rtejustify\">A tal\u00e1lkoz\u00f3 sor\u00e1n a r\u00e9sztvev\u0151k v\u00e9lem\u00e9nyt, gondolatokat \u00e9s elk\u00e9pzel\u00e9seket osztottak meg egym\u00e1ssal, az egy\u00fcttm\u0171k\u00f6d\u00e9sr\u0151l, a k\u00e9t partner munk\u00e1j\u00e1r\u00f3l. A partnereknek \u00e9s a r\u00e9sztvev\u0151knek lehet\u0151s\u00e9g\u00fck volt a j\u00f6v\u0151beli egy\u00fcttm\u0171k\u00f6d\u00e9s\u00fckr\u0151l besz\u00e9lgetni, aj\u00e1nl\u00e1sokat kidolgozni \u00e9s munka\u00f6tleteiket bemutatni. A k\u00e9t szervezet j\u00f6v\u0151beli k\u00f6z\u00f6s tev\u00e9kenys\u00e9g\u00e9nek legfontosabb c\u00e9lter\u00fcletei ker\u00fcltek megvitat\u00e1sra, ezek a k\u00f6vetkez\u0151 ter\u00fcleteket \u00e9rintett\u00e9k: m\u00e9diam\u0171velts\u00e9g \u00e9s a dezinform\u00e1ci\u00f3 elleni k\u00fczdelem, digit\u00e1lis k\u00e9szs\u00e9gek \u00e9s kompetenci\u00e1k, digit\u00e1lis ifj\u00fas\u00e1gi munka.<\/p>\n<p class=\"rtejustify\">A tal\u00e1lkoz\u00f3 els\u0151 napja az ALTERNAT\u00cdVA Egyes\u00fclet partnerszervezet\u00e9nek \u00e9rkez\u00e9s\u00e9vel \u00e9s regisztr\u00e1ci\u00f3j\u00e1val kezd\u0151d\u00f6tt. Eb\u00e9d ut\u00e1n mindenki \u00e1tvonult a konferenciaterembe, ahol a d\u00e9lut\u00e1ni \u00fcl\u00e9sszakra ker\u00fclt sor.<\/p>\n<blockquote>\n<p class=\"rtejustify\">A d\u00e9lut\u00e1ni \u00fcl\u00e9s mindk\u00e9t szervezet bemutatkoz\u00e1s\u00e1val kezd\u0151d\u00f6tt. A FutuReg el\u0151ad\u00e1s\u00e1val kezd\u0151d\u00f6tt, melyet M\u00e9sz\u00e1ros Krisztina vezetett, aki a FutuReg Polg\u00e1ri Egyes\u00fclet projektmenedzsere, medi\u00e1tor. Az el\u0151ad\u00e1s keret\u00e9ben a partnerek ismereteket szereztek a FutuReg t\u00f6rt\u00e9net\u00e9r\u0151l, megalakul\u00e1s\u00e1r\u00f3l \u00e9s c\u00e9lj\u00e1r\u00f3l. A partnerek megismerkedtek a FutuReg k\u00fcldet\u00e9seivel, j\u00f6v\u0151k\u00e9p\u00e9vel \u00e9s strat\u00e9gi\u00e1j\u00e1val, melynek c\u00e9lja a r\u00e9gi\u00f3 fenntarthat\u00f3 n\u00f6veked\u00e9s\u00e9nek t\u00e1mogat\u00e1sa gyermekeink j\u00f6v\u0151je \u00e9rdek\u00e9ben.<\/p>\n<\/blockquote>\n<p class=\"rtejustify\">A programot az ALTERNAT\u00cdVA Egyes\u00fclet partnerszervezet\u00e9nek bemutat\u00e1sa k\u00f6vette Vajda \u00c1rp\u00e1d \u00far \u00e1ltal. F\u0151 c\u00e9ljuk a h\u00e1tr\u00e1nyos helyzet\u0171 csoportok \u00e9letmin\u0151s\u00e9g\u00e9nek jav\u00edt\u00e1sa, ez\u00e1ltal a k\u00fcl\u00f6nb\u00f6z\u0151 szolg\u00e1ltat\u00e1sokhoz val\u00f3 egyenl\u0151 hozz\u00e1f\u00e9r\u00e9s megteremt\u00e9se. Az ALTERNAT\u00cdVA Egyes\u00fclet az interneten is szeretn\u00e9 szolg\u00e1lni c\u00e9lj\u00e1t, hogy magas sz\u00ednvonal\u00fa szolg\u00e1ltat\u00e1sokat \u00e9s naprak\u00e9sz inform\u00e1ci\u00f3kat tudjon ny\u00fajtani a c\u00e9lcsoportoknak. Mott\u00f3juk sokat elmond c\u00e9ljukr\u00f3l \u00e9s c\u00e9lcsoportjukr\u00f3l, amely a fiatalokat k\u00e9pviseli: fiatal k\u00f6z\u00f6ss\u00e9gek szolg\u00e1lat\u00e1ban 1993 \u00f3ta.<\/p>\n<p class=\"rtejustify\">Az el\u0151ad\u00e1sokat k\u00f6vet\u0151en mindk\u00e9t f\u00e9l feladatainak \u00e9s k\u00f6telezetts\u00e9geinek \u00e1ttekint\u00e9se, a feladatok eloszt\u00e1sa ker\u00fclt megvitat\u00e1sra \u00e9s c\u00e9lzottan (a DIGIT4ALL projekt priorit\u00e1saib\u00f3l kiindulva).<\/p>\n<blockquote>\n<p class=\"rtejustify\">A DIGIT4ALL projekt c\u00e9lkit\u0171z\u00e9sei, amelyeket a KickOff Meeting sor\u00e1n megc\u00e9loztak, p\u00e9ld\u00e1ul a k\u00f6vetkez\u0151k: a m\u00e9diam\u0171velts\u00e9ggel kapcsolatos oktat\u00e1s terjeszt\u00e9se mind a fiatalok, mind az ifj\u00fas\u00e1gi munk\u00e1sok k\u00f6r\u00e9ben, az online biztons\u00e1ghoz \u00e9s a digit\u00e1lis \u00edr\u00e1stud\u00e1shoz val\u00f3 jogok biztos\u00edt\u00e1sa \u00e9s a gy\u0171l\u00f6letbesz\u00e9d jelenl\u00e9te n\u00e9lk\u00fcl, oktat\u00e1si folyamatokon kereszt\u00fcl. A DIGIT4ALL c\u00e9lkit\u0171z\u00e9sei alapj\u00e1n a k\u00e9t partner k\u00f6z\u00f6tti egy\u00fcttm\u0171k\u00f6d\u00e9s f\u0151 c\u00e9lja teh\u00e1t a gyermekek \u00e9s a fiatalok online biztons\u00e1g\u00e1nak garant\u00e1l\u00e1sa.<\/p>\n<\/blockquote>\n<p class=\"rtejustify\">Tov\u00e1bb\u00e1 bemutattak egy terjeszt\u00e9si list\u00e1t, hogy sikeresen kezelj\u00e9k az egy\u00fcttm\u0171k\u00f6d\u00e9s c\u00e9ljainak gyakorlati, j\u00f6v\u0151beli megval\u00f3s\u00edt\u00e1s\u00e1t \u00e9s a DIGIT4ALL projekt c\u00e9ljait a partnerek k\u00f6z\u00f6tt. A terjeszt\u00e9si list\u00e1t k\u00f6vet\u0151en felv\u00e1zolt\u00e1k a kommunik\u00e1ci\u00f3s \u00e9s strat\u00e9gia terv\u00e9t, \u00e9s megkezd\u0151d\u00f6tt az els\u0151 kommunik\u00e1ci\u00f3s terv v\u00e9gs\u0151 \u00e9rt\u00e9kel\u00e9se. Ezt egy kis megbesz\u00e9l\u00e9s \u00e9s a r\u00e9sztvev\u0151k megismerked\u00e9se z\u00e1rta a KickOff Meeting m\u00e1sodik napj\u00e1val. Az els\u0151 nap lez\u00e1r\u00e1s\u00e1t egy finom vacsora k\u00f6vette, egy laza t\u00e1rsalg\u00e1si programmal.<\/p>\n<p class=\"rtejustify\">A DIGIT4ALL KickOff Meeting m\u00e1sodik napja a partnerek k\u00f6z\u00f6tti j\u00f3 gyakorlatok p\u00e9ld\u00e1inak cser\u00e9j\u00e9vel kezd\u0151d\u00f6tt, majd a c\u00e9lcsoport, a f\u0151bb l\u00e9p\u00e9sek, elj\u00e1r\u00e1sok \u00e9s m\u00f3dszerek bemutat\u00e1s\u00e1val folytat\u00f3dott. A partnerek a tov\u00e1bbiakban olyan visszajelz\u00e9sekkel \u00e9s \u00e9szrev\u00e9telekkel \u00e1lltak el\u0151, amelyek seg\u00edtenek a DIGIT4ALL projekt keret\u00e9ben a j\u00f6v\u0151beni egy\u00fcttm\u0171k\u00f6d\u00e9s\u00fck meger\u0151s\u00edt\u00e9s\u00e9ben. A DIGIT4ALL KickOff Meeting j\u00f3 hangulatban \u00e9rt v\u00e9get, \u00e9s minden r\u00e9sztvev\u0151 sok tapasztalattal gazdagodott. Minden r\u00e9sztvev\u0151t r\u00e9szv\u00e9teli tan\u00fas\u00edtv\u00e1nnyal jutalmaztak, amely eml\u00e9keztetni fogja \u0151ket az Eur\u00f3pai Uni\u00f3 Erasmus+ programja keret\u00e9ben v\u00e9gzett k\u00f6z\u00f6s tev\u00e9kenys\u00e9gek \u00e9s projektek &#8211; mint p\u00e9ld\u00e1ul a DIGIT4ALL projekt &#8211; fontoss\u00e1g\u00e1ra \u00e9s \u00e9rt\u00e9k\u00e9re.<\/p>\n<p class=\"rtejustify\"><em>FutuReg Polg\u00e1ri T\u00e1rsulat<\/em><\/p>\n<\/div>\n<\/div>\n<\/div>\n<div class=\"article-gallery field field-name-field-content-gallery field-type-image field-label-hidden\">\n<div class=\"items\"><a class=\"colorbox init-colorbox-processed cboxElement\" title=\"Tartalom 1\" href=\"https:\/\/dunaszerdahelyi.sk\/files\/styles\/colorbox_watermark\/public\/images\/article\/2023\/jan\/26\/2023-01-27-digit4all_kickoff-img_1492-4002.jpg?itok=Yqpr4KLU\" rel=\"gallery-field_collection_item-34850-KJuhjxds1og\"><img loading=\"lazy\" decoding=\"async\" title=\"\" src=\"https:\/\/dunaszerdahelyi.sk\/files\/styles\/840x\/public\/images\/article\/2023\/jan\/26\/2023-01-27-digit4all_kickoff-img_1492-4002.jpg?itok=97v70maX\" alt=\"\" width=\"840\" height=\"630\" \/><\/a><a class=\"colorbox init-colorbox-processed cboxElement\" title=\"Tartalom 1\" href=\"https:\/\/dunaszerdahelyi.sk\/files\/styles\/colorbox_watermark\/public\/images\/article\/2023\/jan\/26\/2023-01-27-digit4all_kickoff-img_1497-4003.jpg?itok=pNvHOg1O\" rel=\"gallery-field_collection_item-34850-KJuhjxds1og\"><img loading=\"lazy\" decoding=\"async\" title=\"\" src=\"https:\/\/dunaszerdahelyi.sk\/files\/styles\/gallery_thumb\/public\/images\/article\/2023\/jan\/26\/2023-01-27-digit4all_kickoff-img_1497-4003.jpg?itok=71Yq30MU\" alt=\"\" width=\"250\" height=\"250\" \/><\/a><\/div>\n<div>\n<p><strong>Funded by the European Union Project Number: 2022-1-SK02-KA210-YOU-000083196<\/strong><\/p>\n<p><a href=\"https:\/\/futureg.sk\/en\/2022\/11\/14\/best-practice-guide-wowit\/2022-correct-logo-eu-funded_official-logo-from-2022\/\" rel=\"attachment wp-att-198\"><img loading=\"lazy\" decoding=\"async\" class=\"alignnone size-medium wp-image-198\" src=\"https:\/\/futureg.sk\/en\/wp-content\/uploads\/sites\/3\/2022\/11\/2022-CORRECT-LOGO-EU-FUNDED_official-logo-from-2022-300x63.jpg\" alt=\"\" width=\"300\" height=\"63\" \/><\/a><a href=\"https:\/\/futureg.sk\/en\/2023\/01\/26\/digit4all-kickoff-meeting\/copy-of-1200px-erasmus_logo-svg1\/\" rel=\"attachment wp-att-219\"><img loading=\"lazy\" decoding=\"async\" class=\"alignnone size-medium wp-image-219\" src=\"https:\/\/futureg.sk\/en\/wp-content\/uploads\/sites\/3\/2023\/01\/Copy-of-1200px-Erasmus_Logo.svg1_-300x86.png\" alt=\"\" width=\"300\" height=\"86\" \/><\/a><\/p>\n<\/div>\n<\/div>\n<\/div>\n<\/div>\n<\/div>\n<\/div>\n<\/div>\n<\/div>\n<\/div>\n","protected":false},"excerpt":{"rendered":"<p>A DIGIT4ALL KickOff Meeting k\u00e9tnapos szem\u00e9lyes tal\u00e1lkoz\u00f3t a FutuReg Polg\u00e1ri T\u00e1rsulat szervez\u00e9s\u00e9ben \u00e9s az ALTERNAT\u00cdVA Egyes\u00fclet magyar partnerszervezet k\u00f6zrem\u0171k\u00f6d\u00e9s\u00e9vel rendezt\u00e9k Dunaszerdahelyen 2023. janu\u00e1r 20-\u00e1n \u00e9s 21-\u00e9n, az Eur\u00f3pai Uni\u00f3 Erasmus+ programj\u00e1nak t\u00e1mogat\u00e1s\u00e1val, melyen 10 szem\u00e9ly vett r\u00e9szt.<\/p>\n","protected":false},"author":8,"featured_media":952,"comment_status":"closed","ping_status":"open","sticky":false,"template":"","format":"standard","meta":{"_monsterinsights_skip_tracking":false,"_monsterinsights_sitenote_active":false,"_monsterinsights_sitenote_note":"","_monsterinsights_sitenote_category":0,"footnotes":""},"categories":[8],"tags":[],"class_list":["post-889","post","type-post","status-publish","format-standard","has-post-thumbnail","hentry","category-projekt"],"yoast_head":"<!-- This site is optimized with the Yoast SEO plugin v26.1.1 - https:\/\/yoast.com\/wordpress\/plugins\/seo\/ -->\n<title>DIGIT4ALL KickOff Meeting Dunaszerdahelyen - FutuReg PT<\/title>\n<meta name=\"robots\" content=\"index, follow, max-snippet:-1, max-image-preview:large, max-video-preview:-1\" \/>\n<link rel=\"canonical\" href=\"https:\/\/futureg.sk\/hu\/digit4all-kickoff-meeting-dunaszerdahelyen\/\" \/>\n<meta property=\"og:locale\" content=\"hu_HU\" \/>\n<meta property=\"og:type\" content=\"article\" \/>\n<meta property=\"og:title\" content=\"DIGIT4ALL KickOff Meeting Dunaszerdahelyen - FutuReg PT\" \/>\n<meta property=\"og:description\" content=\"A DIGIT4ALL KickOff Meeting k\u00e9tnapos szem\u00e9lyes tal\u00e1lkoz\u00f3t a FutuReg Polg\u00e1ri T\u00e1rsulat szervez\u00e9s\u00e9ben \u00e9s az ALTERNAT\u00cdVA Egyes\u00fclet magyar partnerszervezet k\u00f6zrem\u0171k\u00f6d\u00e9s\u00e9vel rendezt\u00e9k Dunaszerdahelyen 2023. janu\u00e1r 20-\u00e1n \u00e9s 21-\u00e9n, az Eur\u00f3pai Uni\u00f3 Erasmus+ programj\u00e1nak t\u00e1mogat\u00e1s\u00e1val, melyen 10 szem\u00e9ly vett r\u00e9szt.\" \/>\n<meta property=\"og:url\" content=\"https:\/\/futureg.sk\/hu\/digit4all-kickoff-meeting-dunaszerdahelyen\/\" \/>\n<meta property=\"og:site_name\" content=\"FutuReg PT\" \/>\n<meta property=\"article:published_time\" content=\"2024-10-03T15:23:17+00:00\" \/>\n<meta property=\"article:modified_time\" content=\"2024-11-21T08:27:20+00:00\" \/>\n<meta property=\"og:image\" content=\"https:\/\/futureg.sk\/hu\/wp-content\/uploads\/sites\/2\/2024\/10\/meeting-594091_640.jpg\" \/>\n\t<meta property=\"og:image:width\" content=\"640\" \/>\n\t<meta property=\"og:image:height\" content=\"427\" \/>\n\t<meta property=\"og:image:type\" content=\"image\/jpeg\" \/>\n<meta name=\"author\" content=\"krisztina\" \/>\n<meta name=\"twitter:card\" content=\"summary_large_image\" \/>\n<meta name=\"twitter:label1\" content=\"Szerz\u0151:\" \/>\n\t<meta name=\"twitter:data1\" content=\"krisztina\" \/>\n\t<meta name=\"twitter:label2\" content=\"Becs\u00fclt olvas\u00e1si id\u0151\" \/>\n\t<meta name=\"twitter:data2\" content=\"4 perc\" \/>\n<script type=\"application\/ld+json\" class=\"yoast-schema-graph\">{\"@context\":\"https:\/\/schema.org\",\"@graph\":[{\"@type\":\"WebPage\",\"@id\":\"https:\/\/futureg.sk\/hu\/digit4all-kickoff-meeting-dunaszerdahelyen\/\",\"url\":\"https:\/\/futureg.sk\/hu\/digit4all-kickoff-meeting-dunaszerdahelyen\/\",\"name\":\"DIGIT4ALL KickOff Meeting Dunaszerdahelyen - FutuReg PT\",\"isPartOf\":{\"@id\":\"https:\/\/futureg.sk\/hu\/#website\"},\"primaryImageOfPage\":{\"@id\":\"https:\/\/futureg.sk\/hu\/digit4all-kickoff-meeting-dunaszerdahelyen\/#primaryimage\"},\"image\":{\"@id\":\"https:\/\/futureg.sk\/hu\/digit4all-kickoff-meeting-dunaszerdahelyen\/#primaryimage\"},\"thumbnailUrl\":\"https:\/\/futureg.sk\/hu\/wp-content\/uploads\/sites\/2\/2024\/10\/meeting-594091_640.jpg\",\"datePublished\":\"2024-10-03T15:23:17+00:00\",\"dateModified\":\"2024-11-21T08:27:20+00:00\",\"author\":{\"@id\":\"https:\/\/futureg.sk\/hu\/#\/schema\/person\/bb5ff2c9a941e645e8dcae613d225988\"},\"breadcrumb\":{\"@id\":\"https:\/\/futureg.sk\/hu\/digit4all-kickoff-meeting-dunaszerdahelyen\/#breadcrumb\"},\"inLanguage\":\"hu\",\"potentialAction\":[{\"@type\":\"ReadAction\",\"target\":[\"https:\/\/futureg.sk\/hu\/digit4all-kickoff-meeting-dunaszerdahelyen\/\"]}]},{\"@type\":\"ImageObject\",\"inLanguage\":\"hu\",\"@id\":\"https:\/\/futureg.sk\/hu\/digit4all-kickoff-meeting-dunaszerdahelyen\/#primaryimage\",\"url\":\"https:\/\/futureg.sk\/hu\/wp-content\/uploads\/sites\/2\/2024\/10\/meeting-594091_640.jpg\",\"contentUrl\":\"https:\/\/futureg.sk\/hu\/wp-content\/uploads\/sites\/2\/2024\/10\/meeting-594091_640.jpg\",\"width\":640,\"height\":427},{\"@type\":\"BreadcrumbList\",\"@id\":\"https:\/\/futureg.sk\/hu\/digit4all-kickoff-meeting-dunaszerdahelyen\/#breadcrumb\",\"itemListElement\":[{\"@type\":\"ListItem\",\"position\":1,\"name\":\"Home\",\"item\":\"https:\/\/futureg.sk\/hu\/\"},{\"@type\":\"ListItem\",\"position\":2,\"name\":\"DIGIT4ALL KickOff Meeting Dunaszerdahelyen\"}]},{\"@type\":\"WebSite\",\"@id\":\"https:\/\/futureg.sk\/hu\/#website\",\"url\":\"https:\/\/futureg.sk\/hu\/\",\"name\":\"FutuReg PT\",\"description\":\"R\u00e9gi\u00f3nk \u00e9s gyermekeink fejleszt\u00e9s\u00e9\u00e9rt\",\"potentialAction\":[{\"@type\":\"SearchAction\",\"target\":{\"@type\":\"EntryPoint\",\"urlTemplate\":\"https:\/\/futureg.sk\/hu\/?s={search_term_string}\"},\"query-input\":{\"@type\":\"PropertyValueSpecification\",\"valueRequired\":true,\"valueName\":\"search_term_string\"}}],\"inLanguage\":\"hu\"},{\"@type\":\"Person\",\"@id\":\"https:\/\/futureg.sk\/hu\/#\/schema\/person\/bb5ff2c9a941e645e8dcae613d225988\",\"name\":\"krisztina\",\"image\":{\"@type\":\"ImageObject\",\"inLanguage\":\"hu\",\"@id\":\"https:\/\/futureg.sk\/hu\/#\/schema\/person\/image\/\",\"url\":\"https:\/\/secure.gravatar.com\/avatar\/ed2e67525e56f4bb6cdc6f46c13f4621a40bfa1753b9db9095ea868aca4b1769?s=96&d=mm&r=g\",\"contentUrl\":\"https:\/\/secure.gravatar.com\/avatar\/ed2e67525e56f4bb6cdc6f46c13f4621a40bfa1753b9db9095ea868aca4b1769?s=96&d=mm&r=g\",\"caption\":\"krisztina\"},\"url\":\"https:\/\/futureg.sk\/hu\/author\/krisztina\/\"}]}<\/script>\n<!-- \/ Yoast SEO plugin. -->","yoast_head_json":{"title":"DIGIT4ALL KickOff Meeting Dunaszerdahelyen - FutuReg PT","robots":{"index":"index","follow":"follow","max-snippet":"max-snippet:-1","max-image-preview":"max-image-preview:large","max-video-preview":"max-video-preview:-1"},"canonical":"https:\/\/futureg.sk\/hu\/digit4all-kickoff-meeting-dunaszerdahelyen\/","og_locale":"hu_HU","og_type":"article","og_title":"DIGIT4ALL KickOff Meeting Dunaszerdahelyen - FutuReg PT","og_description":"A DIGIT4ALL KickOff Meeting k\u00e9tnapos szem\u00e9lyes tal\u00e1lkoz\u00f3t a FutuReg Polg\u00e1ri T\u00e1rsulat szervez\u00e9s\u00e9ben \u00e9s az ALTERNAT\u00cdVA Egyes\u00fclet magyar partnerszervezet k\u00f6zrem\u0171k\u00f6d\u00e9s\u00e9vel rendezt\u00e9k Dunaszerdahelyen 2023. janu\u00e1r 20-\u00e1n \u00e9s 21-\u00e9n, az Eur\u00f3pai Uni\u00f3 Erasmus+ programj\u00e1nak t\u00e1mogat\u00e1s\u00e1val, melyen 10 szem\u00e9ly vett r\u00e9szt.","og_url":"https:\/\/futureg.sk\/hu\/digit4all-kickoff-meeting-dunaszerdahelyen\/","og_site_name":"FutuReg PT","article_published_time":"2024-10-03T15:23:17+00:00","article_modified_time":"2024-11-21T08:27:20+00:00","og_image":[{"width":640,"height":427,"url":"https:\/\/futureg.sk\/hu\/wp-content\/uploads\/sites\/2\/2024\/10\/meeting-594091_640.jpg","type":"image\/jpeg"}],"author":"krisztina","twitter_card":"summary_large_image","twitter_misc":{"Szerz\u0151:":"krisztina","Becs\u00fclt olvas\u00e1si id\u0151":"4 perc"},"schema":{"@context":"https:\/\/schema.org","@graph":[{"@type":"WebPage","@id":"https:\/\/futureg.sk\/hu\/digit4all-kickoff-meeting-dunaszerdahelyen\/","url":"https:\/\/futureg.sk\/hu\/digit4all-kickoff-meeting-dunaszerdahelyen\/","name":"DIGIT4ALL KickOff Meeting Dunaszerdahelyen - FutuReg PT","isPartOf":{"@id":"https:\/\/futureg.sk\/hu\/#website"},"primaryImageOfPage":{"@id":"https:\/\/futureg.sk\/hu\/digit4all-kickoff-meeting-dunaszerdahelyen\/#primaryimage"},"image":{"@id":"https:\/\/futureg.sk\/hu\/digit4all-kickoff-meeting-dunaszerdahelyen\/#primaryimage"},"thumbnailUrl":"https:\/\/futureg.sk\/hu\/wp-content\/uploads\/sites\/2\/2024\/10\/meeting-594091_640.jpg","datePublished":"2024-10-03T15:23:17+00:00","dateModified":"2024-11-21T08:27:20+00:00","author":{"@id":"https:\/\/futureg.sk\/hu\/#\/schema\/person\/bb5ff2c9a941e645e8dcae613d225988"},"breadcrumb":{"@id":"https:\/\/futureg.sk\/hu\/digit4all-kickoff-meeting-dunaszerdahelyen\/#breadcrumb"},"inLanguage":"hu","potentialAction":[{"@type":"ReadAction","target":["https:\/\/futureg.sk\/hu\/digit4all-kickoff-meeting-dunaszerdahelyen\/"]}]},{"@type":"ImageObject","inLanguage":"hu","@id":"https:\/\/futureg.sk\/hu\/digit4all-kickoff-meeting-dunaszerdahelyen\/#primaryimage","url":"https:\/\/futureg.sk\/hu\/wp-content\/uploads\/sites\/2\/2024\/10\/meeting-594091_640.jpg","contentUrl":"https:\/\/futureg.sk\/hu\/wp-content\/uploads\/sites\/2\/2024\/10\/meeting-594091_640.jpg","width":640,"height":427},{"@type":"BreadcrumbList","@id":"https:\/\/futureg.sk\/hu\/digit4all-kickoff-meeting-dunaszerdahelyen\/#breadcrumb","itemListElement":[{"@type":"ListItem","position":1,"name":"Home","item":"https:\/\/futureg.sk\/hu\/"},{"@type":"ListItem","position":2,"name":"DIGIT4ALL KickOff Meeting Dunaszerdahelyen"}]},{"@type":"WebSite","@id":"https:\/\/futureg.sk\/hu\/#website","url":"https:\/\/futureg.sk\/hu\/","name":"FutuReg PT","description":"R\u00e9gi\u00f3nk \u00e9s gyermekeink fejleszt\u00e9s\u00e9\u00e9rt","potentialAction":[{"@type":"SearchAction","target":{"@type":"EntryPoint","urlTemplate":"https:\/\/futureg.sk\/hu\/?s={search_term_string}"},"query-input":{"@type":"PropertyValueSpecification","valueRequired":true,"valueName":"search_term_string"}}],"inLanguage":"hu"},{"@type":"Person","@id":"https:\/\/futureg.sk\/hu\/#\/schema\/person\/bb5ff2c9a941e645e8dcae613d225988","name":"krisztina","image":{"@type":"ImageObject","inLanguage":"hu","@id":"https:\/\/futureg.sk\/hu\/#\/schema\/person\/image\/","url":"https:\/\/secure.gravatar.com\/avatar\/ed2e67525e56f4bb6cdc6f46c13f4621a40bfa1753b9db9095ea868aca4b1769?s=96&d=mm&r=g","contentUrl":"https:\/\/secure.gravatar.com\/avatar\/ed2e67525e56f4bb6cdc6f46c13f4621a40bfa1753b9db9095ea868aca4b1769?s=96&d=mm&r=g","caption":"krisztina"},"url":"https:\/\/futureg.sk\/hu\/author\/krisztina\/"}]}},"_links":{"self":[{"href":"https:\/\/futureg.sk\/hu\/wp-json\/wp\/v2\/posts\/889","targetHints":{"allow":["GET"]}}],"collection":[{"href":"https:\/\/futureg.sk\/hu\/wp-json\/wp\/v2\/posts"}],"about":[{"href":"https:\/\/futureg.sk\/hu\/wp-json\/wp\/v2\/types\/post"}],"author":[{"embeddable":true,"href":"https:\/\/futureg.sk\/hu\/wp-json\/wp\/v2\/users\/8"}],"replies":[{"embeddable":true,"href":"https:\/\/futureg.sk\/hu\/wp-json\/wp\/v2\/comments?post=889"}],"version-history":[{"count":1,"href":"https:\/\/futureg.sk\/hu\/wp-json\/wp\/v2\/posts\/889\/revisions"}],"predecessor-version":[{"id":890,"href":"https:\/\/futureg.sk\/hu\/wp-json\/wp\/v2\/posts\/889\/revisions\/890"}],"wp:featuredmedia":[{"embeddable":true,"href":"https:\/\/futureg.sk\/hu\/wp-json\/wp\/v2\/media\/952"}],"wp:attachment":[{"href":"https:\/\/futureg.sk\/hu\/wp-json\/wp\/v2\/media?parent=889"}],"wp:term":[{"taxonomy":"category","embeddable":true,"href":"https:\/\/futureg.sk\/hu\/wp-json\/wp\/v2\/categories?post=889"},{"taxonomy":"post_tag","embeddable":true,"href":"https:\/\/futureg.sk\/hu\/wp-json\/wp\/v2\/tags?post=889"}],"curies":[{"name":"wp","href":"https:\/\/api.w.org\/{rel}","templated":true}]}}