{"id":861,"date":"2024-06-11T07:19:07","date_gmt":"2024-06-11T07:19:07","guid":{"rendered":"https:\/\/futureg.sk\/hu\/?p=861"},"modified":"2024-06-11T07:19:07","modified_gmt":"2024-06-11T07:19:07","slug":"szlovakiai-magyar-kisebbsegi-tamogatasok-palyazati-lehetosegek-es-feltetelek","status":"publish","type":"post","link":"https:\/\/futureg.sk\/hu\/szlovakiai-magyar-kisebbsegi-tamogatasok-palyazati-lehetosegek-es-feltetelek\/","title":{"rendered":"Szlov\u00e1kiai magyar kisebbs\u00e9gi t\u00e1mogat\u00e1sok: p\u00e1ly\u00e1zati lehet\u0151s\u00e9gek \u00e9s felt\u00e9telek"},"content":{"rendered":"<p>A Szlov\u00e1ki\u00e1ban \u00e9l\u0151 magyar kisebbs\u00e9g hossz\u00fa t\u00f6rt\u00e9nelmet \u00e9s \u00f6sszetett kultur\u00e1lis \u00f6r\u00f6ks\u00e9get \u00f6lel fel, amely nemcsak a hat\u00e1ron t\u00fali magyar k\u00f6z\u00f6ss\u00e9gek, hanem az eg\u00e9sz r\u00e9gi\u00f3 sz\u00e1m\u00e1ra is jelent\u0151s. Az, hogy ez a k\u00f6z\u00f6ss\u00e9g hogyan \u0151rzi meg identit\u00e1s\u00e1t, nyelv\u00e9t \u00e9s kultur\u00e1lis hagyom\u00e1nyait, nagym\u00e9rt\u00e9kben f\u00fcgg a szlov\u00e1k kisebbs\u00e9gi t\u00e1mogat\u00e1sok rendszer\u00e9t\u0151l, amely lehet\u0151s\u00e9get biztos\u00edt sz\u00e1mukra a fejl\u0151d\u00e9sre \u00e9s a vir\u00e1gz\u00e1sra.<\/p>\n<p>A szlov\u00e1kiai magyar kisebbs\u00e9gi t\u00e1mogat\u00e1sok nemcsak egy konkr\u00e9t n\u00e9pcsoport t\u00e1mogat\u00e1s\u00e1t jelentik, hanem kultur\u00e1lis \u00e9s t\u00e1rsadalmi gazdagod\u00e1st is eredm\u00e9nyeznek az eg\u00e9sz orsz\u00e1g sz\u00e1m\u00e1ra. Ebben a cikkben \u00e1ttekintj\u00fck a szlov\u00e1kiai magyar kisebbs\u00e9gi t\u00e1mogat\u00e1sok t\u00f6rt\u00e9net\u00e9t \u00e9s alapelveit, bele\u00e9rtve a Kisebbs\u00e9gi Kultur\u00e1lis Alap szerep\u00e9t \u00e9s tev\u00e9kenys\u00e9g\u00e9t. Megvizsg\u00e1ljuk a kisebbs\u00e9gi szervezetek sz\u00e1m\u00e1ra el\u00e9rhet\u0151 p\u00e1ly\u00e1zati rendszereket \u00e9s krit\u00e9riumokat, \u00e9s kiemelj\u00fck azoknak a t\u00e1rsadalmi \u00e9s kultur\u00e1lis hat\u00e1s\u00e1t, amelyek a szlov\u00e1kiai magyar k\u00f6z\u00f6ss\u00e9g \u00e9let\u00e9ben meghat\u00e1roz\u00f3ak. Ezek az elemz\u00e9sek seg\u00edtenek meg\u00e9rteni, hogyan form\u00e1lj\u00e1k a t\u00e1mogat\u00e1sok a kisebbs\u00e9gi k\u00f6z\u00f6ss\u00e9gek j\u00f6v\u0151j\u00e9t \u00e9s hogyan j\u00e1rulnak hozz\u00e1 Szlov\u00e1kia kultur\u00e1lis soksz\u00edn\u0171s\u00e9g\u00e9nek meg\u0151rz\u00e9s\u00e9hez.<\/p>\n<p><strong>Szlov\u00e1kiai kisebbs\u00e9gi t\u00e1mogat\u00e1sok t\u00f6rt\u00e9nete \u00e9s alapelvei <\/strong><\/p>\n<p>A Szlov\u00e1k K\u00f6zt\u00e1rsas\u00e1g 1992-es alkotm\u00e1nya biztos\u00edtotta a kisebbs\u00e9gek jog\u00e1t saj\u00e1t kult\u00far\u00e1juk fejleszt\u00e9s\u00e9re, \u00e1llami hivatalokkal saj\u00e1t nyelven val\u00f3 kommunik\u00e1ci\u00f3ra, valamint szlov\u00e1k \u00e9s anyanyelvi oktat\u00e1sban val\u00f3 r\u00e9szv\u00e9telre [7]. Azonban a kilencvenes \u00e9vek elej\u00e9n a korm\u00e1nyzat nyelvi \u00e9s kultur\u00e1lis korl\u00e1toz\u00e1sokat vezetett be, amelyek aggodalmat keltettek a kisebbs\u00e9gi jogok ter\u00e9n [7]. A nemzetk\u00f6zi nyom\u00e1sra 1998-ban demokratikus reformokat s\u00fcrget\u0151 korm\u00e1ny v\u00e1ltotta fel az el\u0151z\u0151t, ami jav\u00edtotta a magyar kisebbs\u00e9g helyzet\u00e9t Szlov\u00e1ki\u00e1ban [7]. Ebben az id\u0151szakban l\u00e9trehozt\u00e1k a Kisebbs\u00e9gek \u00e9s Etnikai Csoportok Tan\u00e1cs\u00e1t, \u00e9s elfogadt\u00e1k a Nemzeti Kisebbs\u00e9gi Nyelvek Haszn\u00e1lat\u00e1r\u00f3l sz\u00f3l\u00f3 t\u00f6rv\u00e9nyt, amely a kisebbs\u00e9gi nyelvek jogi v\u00e9delm\u00e9t c\u00e9lozta meg [7].<\/p>\n<p><strong>Kisebbs\u00e9gi Kultur\u00e1lis Alap szerepe \u00e9s tev\u00e9kenys\u00e9ge<\/strong><\/p>\n<p>A Kisebbs\u00e9gi Kultur\u00e1lis Alap jelent\u0151s szerepet j\u00e1tszik a nemzeti kisebbs\u00e9gek kultur\u00e1lis \u00f6r\u00f6ks\u00e9g\u00e9nek t\u00e1mogat\u00e1s\u00e1ban Szlov\u00e1ki\u00e1ban. Az Alap 2018 \u00f3ta finansz\u00edrozza ezeket a projekteket, amelyek reformja a kisebbs\u00e9geknek nagyobb kontrollt adott a k\u00f6lts\u00e9gvet\u00e9s eloszt\u00e1s\u00e1ban, amely jelent\u0151sen megn\u00f6vekedett [13]. Az Alap d\u00f6nt\u00e9seit r\u00e9szben a kisebbs\u00e9gi int\u00e9zm\u00e9nyek \u00e1ltal v\u00e1lasztott szakmai tan\u00e1csok hozz\u00e1k, minden kisebbs\u00e9ghez egy tan\u00e1cs tartozik, kiv\u00e9ve a magyar \u00e9s a roma kisebbs\u00e9get, amelyekhez h\u00e1rom tan\u00e1cs tartozik [13]. Az Alap f\u0151 tev\u00e9kenys\u00e9gei k\u00f6z\u00e9 tartozik a kultur\u00e1lis \u00e9s tudom\u00e1nyos tev\u00e9kenys\u00e9gek t\u00e1mogat\u00e1sa, a k\u00f6z\u00f6ss\u00e9gi kultur\u00e1lis esem\u00e9nyek megval\u00f3s\u00edt\u00e1sa, valamint a kultur\u00e1lis tev\u00e9kenys\u00e9gek eredm\u00e9nyeinek l\u00e9trehoz\u00e1sa, terjeszt\u00e9se \u00e9s bemutat\u00e1sa [15]. Az Alap legf\u0151bb p\u00e9nz\u00fcgyi forr\u00e1sa az \u00e1llami k\u00f6lts\u00e9gvet\u00e9sb\u0151l sz\u00e1rmaz\u00f3 hozz\u00e1j\u00e1rul\u00e1s, amelyet a Kult\u00far\u00e1\u00e9rt Felel\u0151s Miniszt\u00e9rium biztos\u00edt [15].<\/p>\n<p><strong>P\u00e1ly\u00e1zati rendszerek \u00e9s krit\u00e9riumok a kisebbs\u00e9gi szervezetek sz\u00e1m\u00e1ra <\/strong><\/p>\n<p>A kisebbs\u00e9gi szervezetek sz\u00e1m\u00e1ra el\u00e9rhet\u0151 p\u00e1ly\u00e1zati rendszerek \u00e9s krit\u00e9riumok sz\u00e9les k\u00f6r\u0171 jogi form\u00e1kat fogadnak el az alkalmaz\u00f3kt\u00f3l, bele\u00e9rtve a nonprofit szervezeteket, megy\u00e9ket, \u00f6nkorm\u00e1nyzatokat, egyh\u00e1zakat \u00e9s \u00e1llami int\u00e9zm\u00e9nyeket [22]. \u00c9vente t\u00f6bb p\u00e1ly\u00e1zati felh\u00edv\u00e1st is k\u00f6zz\u00e9tesznek, k\u00fcl\u00f6nf\u00e9le kisebbs\u00e9gek \u00e9s\/vagy alprogramok sz\u00e1m\u00e1ra [22]. A p\u00e1ly\u00e1zatok eset\u00e9ben k\u00f6telez\u0151 a k\u00f6lts\u00e9gmegoszt\u00e1s, tipikusan az \u00f6sszk\u00f6lts\u00e9gvet\u00e9s 5%-a, \u00e9s adminisztrat\u00edv d\u00edjat is kell fizetni, amely a k\u00e9rt t\u00e1mogat\u00e1s 0,1%-a, de nem lehet kevesebb 20 eur\u00f3n\u00e1l \u00e9s nem t\u00f6bb 1000 eur\u00f3n\u00e1l [22]. A d\u00f6nt\u00e9shozatali folyamatban a kisebbs\u00e9gi int\u00e9zm\u00e9nyek \u00e1ltal r\u00e9szben megv\u00e1lasztott szakmai tan\u00e1csok vesznek r\u00e9szt, biztos\u00edtva, hogy a kisebbs\u00e9gi szervezetek k\u00e9pvisel\u0151i t\u00f6bbs\u00e9gben legyenek a szavaz\u00e1sokon [22].<\/p>\n<p><strong>A kisebbs\u00e9gi t\u00e1mogat\u00e1sok t\u00e1rsadalmi \u00e9s kultur\u00e1lis hat\u00e1sa Szlov\u00e1ki\u00e1ban<\/strong><\/p>\n<p>A szlov\u00e1kiai magyar kisebbs\u00e9g jogi helyzet\u00e9nek javul\u00e1sa az 1989 ut\u00e1ni demokratikus \u00e1talakul\u00e1sokkal kezd\u0151d\u00f6tt, amikor is meger\u0151s\u00edtett\u00e9k a kisebbs\u00e9gi jogokat \u00e9s a kisebbs\u00e9gi nyelvek haszn\u00e1lat\u00e1t [25]. Az 1998-as v\u00e1laszt\u00e1sok ut\u00e1n a korm\u00e1nyzati koal\u00edci\u00f3ba beker\u00fclt etnikai magyar p\u00e1rtok, amelyek r\u00e9szv\u00e9tel\u00e9vel javultak a magyar kisebbs\u00e9g felt\u00e9telei, \u00e9s n\u00f6vekedett a k\u00e9toldal\u00fa tolerancia [25]. Az EU csatlakoz\u00e1s felgyors\u00edt\u00e1sa \u00e9rdek\u00e9ben a szlov\u00e1k korm\u00e1ny 1998-ban l\u00e9trehozta a Kisebbs\u00e9gek \u00e9s Etnikai Csoportok Tan\u00e1cs\u00e1t, amely tan\u00e1csad\u00f3 test\u00fcletk\u00e9nt m\u0171k\u00f6dik [25]. A 2004-ben elfogadott Antidiszkrimin\u00e1ci\u00f3s t\u00f6rv\u00e9ny \u00e9rtelm\u00e9ben tilos a diszkrimin\u00e1ci\u00f3 szexu\u00e1lis ir\u00e1nyults\u00e1g, etnikai hovatartoz\u00e1s alapj\u00e1n, t\u00f6bbek k\u00f6z\u00f6tt az \u00e1llami t\u00e1mogat\u00e1sok, eg\u00e9szs\u00e9g\u00fcgyi ell\u00e1t\u00e1s \u00e9s oktat\u00e1s ter\u00fclet\u00e9n [25].<\/p>\n<p>A Szlov\u00e1ki\u00e1ban \u00e9l\u0151 magyar kisebbs\u00e9gi t\u00e1mogat\u00e1sok t\u00fckr\u00f6zik a region\u00e1lis \u00e9s kultur\u00e1lis \u00f6sszetetts\u00e9g fontoss\u00e1g\u00e1t, bele\u00e9rtve a Kisebbs\u00e9gi Kultur\u00e1lis Alap d\u00f6nt\u0151 szerep\u00e9t. Ez a finansz\u00edroz\u00e1si rendszer nem csak a magyar kisebbs\u00e9g kultur\u00e1lis \u00e9s t\u00e1rsadalmi vir\u00e1gz\u00e1s\u00e1t t\u00e1mogatja, hanem hozz\u00e1j\u00e1rul Szlov\u00e1kia kultur\u00e1lis soksz\u00edn\u0171s\u00e9g\u00e9nek meg\u0151rz\u00e9s\u00e9hez \u00e9s fejl\u0151d\u00e9s\u00e9hez. A p\u00e1ly\u00e1zati lehet\u0151s\u00e9gek \u00e9s felt\u00e9telek \u00e1ttekint\u00e9se r\u00e1vil\u00e1g\u00edt arra, hogy sz\u00e1mos kisebbs\u00e9gi szervezetnek ny\u00edlik meg a lehet\u0151s\u00e9g a t\u00e1mogat\u00e1sra, ami er\u0151s\u00edti a kisebbs\u00e9gi jogokat \u00e9s el\u0151mozd\u00edtja a kisebbs\u00e9gek integr\u00e1ci\u00f3j\u00e1t a szlov\u00e1k t\u00e1rsadalomban. A kisebbs\u00e9gi t\u00e1mogat\u00e1sok t\u00e1rsadalmi \u00e9s kultur\u00e1lis hat\u00e1sa jelent\u0151s, bele\u00e9rtve a szlov\u00e1kiai magyar kisebbs\u00e9g jogi helyzet\u00e9nek folyamatos javul\u00e1s\u00e1t \u00e9s a k\u00e9toldal\u00fa tolerancia n\u00f6veked\u00e9s\u00e9t. Az ilyen t\u00edpus\u00fa t\u00e1mogat\u00e1sok el\u0151seg\u00edtik a dialogust \u00e9s a meg\u00e9rt\u00e9st a k\u00fcl\u00f6nb\u00f6z\u0151 k\u00f6z\u00f6ss\u00e9gek k\u00f6z\u00f6tt, ez\u00e1ltal er\u0151s\u00edtve a t\u00e1rsadalmi koh\u00e9zi\u00f3t \u00e9s el\u0151seg\u00edtve a kultur\u00e1lis \u00f6r\u00f6ks\u00e9g meg\u0151rz\u00e9s\u00e9t. Az eredm\u00e9nyek hangs\u00falyozz\u00e1k a tov\u00e1bbi kutat\u00e1s \u00e9s politikai t\u00e1mogat\u00e1s sz\u00fcks\u00e9gess\u00e9g\u00e9t a kisebbs\u00e9gi t\u00e1mogat\u00e1si rendszerek hat\u00e9konys\u00e1g\u00e1nak maxim\u00e1lis kiakn\u00e1z\u00e1sa \u00e9rdek\u00e9ben, ami hozz\u00e1j\u00e1rul a kisebbs\u00e9gi k\u00f6z\u00f6ss\u00e9gek j\u00f6v\u0151beli prosperit\u00e1s\u00e1hoz.<\/p>\n<p><a href=\"https:\/\/futureg.sk\/blog\/2024\/03\/30\/identita-romskej-mensiny-zijucej-na-slovensku\/screenshot-2024-03-30-182946\/\" rel=\"attachment wp-att-1596\"><img loading=\"lazy\" decoding=\"async\" class=\"alignnone size-medium wp-image-1596\" src=\"https:\/\/futureg.sk\/wp-content\/uploads\/2024\/03\/Screenshot-2024-03-30-182946-300x143.png\" sizes=\"auto, (max-width: 300px) 100vw, 300px\" srcset=\"https:\/\/futureg.sk\/wp-content\/uploads\/2024\/03\/Screenshot-2024-03-30-182946-300x143.png 300w, https:\/\/futureg.sk\/wp-content\/uploads\/2024\/03\/Screenshot-2024-03-30-182946.png 337w\" alt=\"\" width=\"300\" height=\"143\" \/><\/a><a href=\"https:\/\/futureg.sk\/cropped-futureg_facebook-01-png\/\"><img loading=\"lazy\" decoding=\"async\" class=\"alignnone wp-image-829 size-medium\" src=\"https:\/\/futureg.sk\/wp-content\/uploads\/2020\/11\/cropped-futureg_facebook-01-e1711819986498-300x85.png\" sizes=\"auto, (max-width: 300px) 100vw, 300px\" srcset=\"https:\/\/futureg.sk\/wp-content\/uploads\/2020\/11\/cropped-futureg_facebook-01-e1711819986498-300x85.png 300w, https:\/\/futureg.sk\/wp-content\/uploads\/2020\/11\/cropped-futureg_facebook-01-e1711819986498.png 512w\" alt=\"\" width=\"300\" height=\"85\" \/><\/a><\/p>\n<p><strong>Hivatkoz\u00e1sok<\/strong><\/p>\n<p>[1] &#8211; <a href=\"https:\/\/www.globsec.org\/what-we-do\/publications\/hungarian-minority-slovakia-cultural-ties-and-deliberate-building-influence\">https:\/\/www.globsec.org\/what-we-do\/publications\/hungarian-minority-slovakia-cultural-ties-and-deliberate-building-influence<\/a><br \/>\n[2] &#8211; <a href=\"https:\/\/intersections.tk.hu\/index.php\/intersections\/article\/view\/747\/418\">https:\/\/intersections.tk.hu\/index.php\/intersections\/article\/view\/747\/418<\/a><br \/>\n[3] &#8211; <a href=\"https:\/\/fuen.org\/en\/article\/Minorities-in-dialogue-with-the-Slovak-government\">https:\/\/fuen.org\/en\/article\/Minorities-in-dialogue-with-the-Slovak-government<\/a><br \/>\n[4] &#8211; <a href=\"https:\/\/intersections.tk.hu\/index.php\/intersections\/article\/view\/747\/418\">https:\/\/intersections.tk.hu\/index.php\/intersections\/article\/view\/747\/418<\/a><br \/>\n[5] &#8211; <a href=\"https:\/\/journals.sagepub.com\/doi\/full\/10.1177\/0888325420953490\">https:\/\/journals.sagepub.com\/doi\/full\/10.1177\/0888325420953490<\/a><br \/>\n[6] &#8211; <a href=\"https:\/\/en.wikipedia.org\/wiki\/Hungarians_in_Slovakia\">https:\/\/en.wikipedia.org\/wiki\/Hungarians_in_Slovakia<\/a><br \/>\n[7] &#8211; <a href=\"https:\/\/minorityrights.org\/country\/slovakia\/\">https:\/\/minorityrights.org\/country\/slovakia\/<\/a><br \/>\n[8] &#8211; <a href=\"https:\/\/www.opensocietyfoundations.org\/voices\/changing-story-about-minorities-slovakia\">https:\/\/www.opensocietyfoundations.org\/voices\/changing-story-about-minorities-slovakia<\/a><br \/>\n[9] &#8211; <a href=\"https:\/\/intersections.tk.hu\/index.php\/intersections\/article\/view\/747\/418\">https:\/\/intersections.tk.hu\/index.php\/intersections\/article\/view\/747\/418<\/a><br \/>\n[10] &#8211; <a href=\"https:\/\/minorityrights.org\/country\/slovakia\/\">https:\/\/minorityrights.org\/country\/slovakia\/<\/a><br \/>\n[11] &#8211; <a href=\"https:\/\/intersections.tk.hu\/index.php\/intersections\/article\/view\/747\/418\">https:\/\/intersections.tk.hu\/index.php\/intersections\/article\/view\/747\/418<\/a><br \/>\n[12] &#8211; <a href=\"https:\/\/journals.sagepub.com\/doi\/full\/10.1177\/0888325420953490\">https:\/\/journals.sagepub.com\/doi\/full\/10.1177\/0888325420953490<\/a><br \/>\n[13] &#8211; <a href=\"https:\/\/real.mtak.hu\/144665\/1\/SystemsofGovernmentSupportofMinorityActivitiesinSlovakia20112020.pdf\">https:\/\/real.mtak.hu\/144665\/1\/SystemsofGovernmentSupportofMinorityActivitiesinSlovakia20112020.pdf<\/a><br \/>\n[14] &#8211; <a href=\"https:\/\/national-policies.eacea.ec.europa.eu\/youthwiki\/chapters\/slovakia\/84-promoting-culture-and-cultural-participation\">https:\/\/national-policies.eacea.ec.europa.eu\/youthwiki\/chapters\/slovakia\/84-promoting-culture-and-cultural-participation<\/a><br \/>\n[15] &#8211; <a href=\"https:\/\/www.ohchr.org\/sites\/default\/files\/Documents\/Issues\/Minorities\/Declaration_GA_Report\/States\/SLovakia.docx\">https:\/\/www.ohchr.org\/sites\/default\/files\/Documents\/Issues\/Minorities\/Declaration_GA_Report\/States\/SLovakia.docx<\/a><br \/>\n[16] &#8211; <a href=\"https:\/\/www.globsec.org\/what-we-do\/publications\/hungarian-minority-slovakia-cultural-ties-and-deliberate-building-influence\">https:\/\/www.globsec.org\/what-we-do\/publications\/hungarian-minority-slovakia-cultural-ties-and-deliberate-building-influence<\/a><br \/>\n[17] &#8211; <a href=\"https:\/\/hhrf.org\/hhrfnewsletter\/top-news-on-hungarian-minorities-in-january-2024\/\">https:\/\/hhrf.org\/hhrfnewsletter\/top-news-on-hungarian-minorities-in-january-2024\/<\/a><br \/>\n[18] &#8211; <a href=\"https:\/\/real.mtak.hu\/144665\/1\/SystemsofGovernmentSupportofMinorityActivitiesinSlovakia20112020.pdf\">https:\/\/real.mtak.hu\/144665\/1\/SystemsofGovernmentSupportofMinorityActivitiesinSlovakia20112020.pdf<\/a><br \/>\n[19] &#8211; <a href=\"https:\/\/real.mtak.hu\/144665\/1\/SystemsofGovernmentSupportofMinorityActivitiesinSlovakia20112020.pdf\">https:\/\/real.mtak.hu\/144665\/1\/SystemsofGovernmentSupportofMinorityActivitiesinSlovakia20112020.pdf<\/a><br \/>\n[20] &#8211; <a href=\"https:\/\/cof.org\/country-notes\/nonprofit-law-slovakia\">https:\/\/cof.org\/country-notes\/nonprofit-law-slovakia<\/a><br \/>\n[21] &#8211; <a href=\"https:\/\/www.ohchr.org\/sites\/default\/files\/Documents\/Issues\/Minorities\/Declaration_GA_Report\/States\/SLovakia.docx\">https:\/\/www.ohchr.org\/sites\/default\/files\/Documents\/Issues\/Minorities\/Declaration_GA_Report\/States\/SLovakia.docx<\/a><br \/>\n[22] &#8211; <a href=\"https:\/\/individualandsociety.org\/journal\/2022\/2\/systems-of-government-support-of-minority-activities-in-slovakia-2011-2020\">https:\/\/individualandsociety.org\/journal\/2022\/2\/systems-of-government-support-of-minority-activities-in-slovakia-2011-2020<\/a><br \/>\n[23] &#8211; <a href=\"https:\/\/cof.org\/country-notes\/nonprofit-law-slovakia\">https:\/\/cof.org\/country-notes\/nonprofit-law-slovakia<\/a><br \/>\n[24] &#8211; <a href=\"https:\/\/triple-funds.com\/tf-entry\/supporting-increased-tolerance-and-integration-of-minority-groups-in-slovakia\/\">https:\/\/triple-funds.com\/tf-entry\/supporting-increased-tolerance-and-integration-of-minority-groups-in-slovakia\/<\/a><br \/>\n[25] &#8211; <a href=\"https:\/\/minorityrights.org\/country\/slovakia\/\">https:\/\/minorityrights.org\/country\/slovakia\/<\/a><\/p>\n","protected":false},"excerpt":{"rendered":"<p>A Szlov\u00e1ki\u00e1ban \u00e9l\u0151 magyar kisebbs\u00e9g hossz\u00fa t\u00f6rt\u00e9nelmet \u00e9s \u00f6sszetett kultur\u00e1lis \u00f6r\u00f6ks\u00e9get \u00f6lel fel, amely nemcsak a hat\u00e1ron t\u00fali magyar k\u00f6z\u00f6ss\u00e9gek, hanem az eg\u00e9sz r\u00e9gi\u00f3 sz\u00e1m\u00e1ra is jelent\u0151s. Az, hogy ez a k\u00f6z\u00f6ss\u00e9g hogyan \u0151rzi meg identit\u00e1s\u00e1t, nyelv\u00e9t \u00e9s kultur\u00e1lis hagyom\u00e1nyait, nagym\u00e9rt\u00e9kben f\u00fcgg a szlov\u00e1k kisebbs\u00e9gi t\u00e1mogat\u00e1sok rendszer\u00e9t\u0151l, amely lehet\u0151s\u00e9get biztos\u00edt sz\u00e1mukra a fejl\u0151d\u00e9sre \u00e9s a [&hellip;]<\/p>\n","protected":false},"author":1,"featured_media":862,"comment_status":"closed","ping_status":"open","sticky":false,"template":"","format":"standard","meta":{"_monsterinsights_skip_tracking":false,"_monsterinsights_sitenote_active":false,"_monsterinsights_sitenote_note":"","_monsterinsights_sitenote_category":0,"footnotes":""},"categories":[1],"tags":[],"class_list":["post-861","post","type-post","status-publish","format-standard","has-post-thumbnail","hentry","category-workshop"],"yoast_head":"<!-- This site is optimized with the Yoast SEO plugin v26.1.1 - https:\/\/yoast.com\/wordpress\/plugins\/seo\/ -->\n<title>Szlov\u00e1kiai magyar kisebbs\u00e9gi t\u00e1mogat\u00e1sok: p\u00e1ly\u00e1zati lehet\u0151s\u00e9gek \u00e9s felt\u00e9telek - FutuReg PT<\/title>\n<meta name=\"robots\" content=\"index, follow, max-snippet:-1, max-image-preview:large, max-video-preview:-1\" \/>\n<link rel=\"canonical\" href=\"https:\/\/futureg.sk\/hu\/szlovakiai-magyar-kisebbsegi-tamogatasok-palyazati-lehetosegek-es-feltetelek\/\" \/>\n<meta property=\"og:locale\" content=\"hu_HU\" \/>\n<meta property=\"og:type\" content=\"article\" \/>\n<meta property=\"og:title\" content=\"Szlov\u00e1kiai magyar kisebbs\u00e9gi t\u00e1mogat\u00e1sok: p\u00e1ly\u00e1zati lehet\u0151s\u00e9gek \u00e9s felt\u00e9telek - FutuReg PT\" \/>\n<meta property=\"og:description\" content=\"A Szlov\u00e1ki\u00e1ban \u00e9l\u0151 magyar kisebbs\u00e9g hossz\u00fa t\u00f6rt\u00e9nelmet \u00e9s \u00f6sszetett kultur\u00e1lis \u00f6r\u00f6ks\u00e9get \u00f6lel fel, amely nemcsak a hat\u00e1ron t\u00fali magyar k\u00f6z\u00f6ss\u00e9gek, hanem az eg\u00e9sz r\u00e9gi\u00f3 sz\u00e1m\u00e1ra is jelent\u0151s. Az, hogy ez a k\u00f6z\u00f6ss\u00e9g hogyan \u0151rzi meg identit\u00e1s\u00e1t, nyelv\u00e9t \u00e9s kultur\u00e1lis hagyom\u00e1nyait, nagym\u00e9rt\u00e9kben f\u00fcgg a szlov\u00e1k kisebbs\u00e9gi t\u00e1mogat\u00e1sok rendszer\u00e9t\u0151l, amely lehet\u0151s\u00e9get biztos\u00edt sz\u00e1mukra a fejl\u0151d\u00e9sre \u00e9s a [&hellip;]\" \/>\n<meta property=\"og:url\" content=\"https:\/\/futureg.sk\/hu\/szlovakiai-magyar-kisebbsegi-tamogatasok-palyazati-lehetosegek-es-feltetelek\/\" \/>\n<meta property=\"og:site_name\" content=\"FutuReg PT\" \/>\n<meta property=\"article:published_time\" content=\"2024-06-11T07:19:07+00:00\" \/>\n<meta property=\"og:image\" content=\"https:\/\/futureg.sk\/hu\/wp-content\/uploads\/sites\/2\/2024\/06\/shutterstock_369267281-800x450-1.jpg\" \/>\n\t<meta property=\"og:image:width\" content=\"800\" \/>\n\t<meta property=\"og:image:height\" content=\"450\" \/>\n\t<meta property=\"og:image:type\" content=\"image\/jpeg\" \/>\n<meta name=\"author\" content=\"futureg\" \/>\n<meta name=\"twitter:card\" content=\"summary_large_image\" \/>\n<meta name=\"twitter:label1\" content=\"Szerz\u0151:\" \/>\n\t<meta name=\"twitter:data1\" content=\"futureg\" \/>\n\t<meta name=\"twitter:label2\" content=\"Becs\u00fclt olvas\u00e1si id\u0151\" \/>\n\t<meta name=\"twitter:data2\" content=\"5 perc\" \/>\n<script type=\"application\/ld+json\" class=\"yoast-schema-graph\">{\"@context\":\"https:\/\/schema.org\",\"@graph\":[{\"@type\":\"WebPage\",\"@id\":\"https:\/\/futureg.sk\/hu\/szlovakiai-magyar-kisebbsegi-tamogatasok-palyazati-lehetosegek-es-feltetelek\/\",\"url\":\"https:\/\/futureg.sk\/hu\/szlovakiai-magyar-kisebbsegi-tamogatasok-palyazati-lehetosegek-es-feltetelek\/\",\"name\":\"Szlov\u00e1kiai magyar kisebbs\u00e9gi t\u00e1mogat\u00e1sok: p\u00e1ly\u00e1zati lehet\u0151s\u00e9gek \u00e9s felt\u00e9telek - FutuReg PT\",\"isPartOf\":{\"@id\":\"https:\/\/futureg.sk\/hu\/#website\"},\"primaryImageOfPage\":{\"@id\":\"https:\/\/futureg.sk\/hu\/szlovakiai-magyar-kisebbsegi-tamogatasok-palyazati-lehetosegek-es-feltetelek\/#primaryimage\"},\"image\":{\"@id\":\"https:\/\/futureg.sk\/hu\/szlovakiai-magyar-kisebbsegi-tamogatasok-palyazati-lehetosegek-es-feltetelek\/#primaryimage\"},\"thumbnailUrl\":\"https:\/\/futureg.sk\/hu\/wp-content\/uploads\/sites\/2\/2024\/06\/shutterstock_369267281-800x450-1.jpg\",\"datePublished\":\"2024-06-11T07:19:07+00:00\",\"author\":{\"@id\":\"https:\/\/futureg.sk\/hu\/#\/schema\/person\/55778fd0da87f59248b56bc66be71ab5\"},\"breadcrumb\":{\"@id\":\"https:\/\/futureg.sk\/hu\/szlovakiai-magyar-kisebbsegi-tamogatasok-palyazati-lehetosegek-es-feltetelek\/#breadcrumb\"},\"inLanguage\":\"hu\",\"potentialAction\":[{\"@type\":\"ReadAction\",\"target\":[\"https:\/\/futureg.sk\/hu\/szlovakiai-magyar-kisebbsegi-tamogatasok-palyazati-lehetosegek-es-feltetelek\/\"]}]},{\"@type\":\"ImageObject\",\"inLanguage\":\"hu\",\"@id\":\"https:\/\/futureg.sk\/hu\/szlovakiai-magyar-kisebbsegi-tamogatasok-palyazati-lehetosegek-es-feltetelek\/#primaryimage\",\"url\":\"https:\/\/futureg.sk\/hu\/wp-content\/uploads\/sites\/2\/2024\/06\/shutterstock_369267281-800x450-1.jpg\",\"contentUrl\":\"https:\/\/futureg.sk\/hu\/wp-content\/uploads\/sites\/2\/2024\/06\/shutterstock_369267281-800x450-1.jpg\",\"width\":800,\"height\":450},{\"@type\":\"BreadcrumbList\",\"@id\":\"https:\/\/futureg.sk\/hu\/szlovakiai-magyar-kisebbsegi-tamogatasok-palyazati-lehetosegek-es-feltetelek\/#breadcrumb\",\"itemListElement\":[{\"@type\":\"ListItem\",\"position\":1,\"name\":\"Home\",\"item\":\"https:\/\/futureg.sk\/hu\/\"},{\"@type\":\"ListItem\",\"position\":2,\"name\":\"Szlov\u00e1kiai magyar kisebbs\u00e9gi t\u00e1mogat\u00e1sok: p\u00e1ly\u00e1zati lehet\u0151s\u00e9gek \u00e9s felt\u00e9telek\"}]},{\"@type\":\"WebSite\",\"@id\":\"https:\/\/futureg.sk\/hu\/#website\",\"url\":\"https:\/\/futureg.sk\/hu\/\",\"name\":\"FutuReg PT\",\"description\":\"R\u00e9gi\u00f3nk \u00e9s gyermekeink fejleszt\u00e9s\u00e9\u00e9rt\",\"potentialAction\":[{\"@type\":\"SearchAction\",\"target\":{\"@type\":\"EntryPoint\",\"urlTemplate\":\"https:\/\/futureg.sk\/hu\/?s={search_term_string}\"},\"query-input\":{\"@type\":\"PropertyValueSpecification\",\"valueRequired\":true,\"valueName\":\"search_term_string\"}}],\"inLanguage\":\"hu\"},{\"@type\":\"Person\",\"@id\":\"https:\/\/futureg.sk\/hu\/#\/schema\/person\/55778fd0da87f59248b56bc66be71ab5\",\"name\":\"futureg\",\"image\":{\"@type\":\"ImageObject\",\"inLanguage\":\"hu\",\"@id\":\"https:\/\/futureg.sk\/hu\/#\/schema\/person\/image\/\",\"url\":\"https:\/\/secure.gravatar.com\/avatar\/db88629feb205bd1540ef21e3582402deadb0a8828b92221f5767b28bbddfab2?s=96&d=mm&r=g\",\"contentUrl\":\"https:\/\/secure.gravatar.com\/avatar\/db88629feb205bd1540ef21e3582402deadb0a8828b92221f5767b28bbddfab2?s=96&d=mm&r=g\",\"caption\":\"futureg\"},\"url\":\"https:\/\/futureg.sk\/hu\/author\/futureg\/\"}]}<\/script>\n<!-- \/ Yoast SEO plugin. -->","yoast_head_json":{"title":"Szlov\u00e1kiai magyar kisebbs\u00e9gi t\u00e1mogat\u00e1sok: p\u00e1ly\u00e1zati lehet\u0151s\u00e9gek \u00e9s felt\u00e9telek - FutuReg PT","robots":{"index":"index","follow":"follow","max-snippet":"max-snippet:-1","max-image-preview":"max-image-preview:large","max-video-preview":"max-video-preview:-1"},"canonical":"https:\/\/futureg.sk\/hu\/szlovakiai-magyar-kisebbsegi-tamogatasok-palyazati-lehetosegek-es-feltetelek\/","og_locale":"hu_HU","og_type":"article","og_title":"Szlov\u00e1kiai magyar kisebbs\u00e9gi t\u00e1mogat\u00e1sok: p\u00e1ly\u00e1zati lehet\u0151s\u00e9gek \u00e9s felt\u00e9telek - FutuReg PT","og_description":"A Szlov\u00e1ki\u00e1ban \u00e9l\u0151 magyar kisebbs\u00e9g hossz\u00fa t\u00f6rt\u00e9nelmet \u00e9s \u00f6sszetett kultur\u00e1lis \u00f6r\u00f6ks\u00e9get \u00f6lel fel, amely nemcsak a hat\u00e1ron t\u00fali magyar k\u00f6z\u00f6ss\u00e9gek, hanem az eg\u00e9sz r\u00e9gi\u00f3 sz\u00e1m\u00e1ra is jelent\u0151s. Az, hogy ez a k\u00f6z\u00f6ss\u00e9g hogyan \u0151rzi meg identit\u00e1s\u00e1t, nyelv\u00e9t \u00e9s kultur\u00e1lis hagyom\u00e1nyait, nagym\u00e9rt\u00e9kben f\u00fcgg a szlov\u00e1k kisebbs\u00e9gi t\u00e1mogat\u00e1sok rendszer\u00e9t\u0151l, amely lehet\u0151s\u00e9get biztos\u00edt sz\u00e1mukra a fejl\u0151d\u00e9sre \u00e9s a [&hellip;]","og_url":"https:\/\/futureg.sk\/hu\/szlovakiai-magyar-kisebbsegi-tamogatasok-palyazati-lehetosegek-es-feltetelek\/","og_site_name":"FutuReg PT","article_published_time":"2024-06-11T07:19:07+00:00","og_image":[{"width":800,"height":450,"url":"https:\/\/futureg.sk\/hu\/wp-content\/uploads\/sites\/2\/2024\/06\/shutterstock_369267281-800x450-1.jpg","type":"image\/jpeg"}],"author":"futureg","twitter_card":"summary_large_image","twitter_misc":{"Szerz\u0151:":"futureg","Becs\u00fclt olvas\u00e1si id\u0151":"5 perc"},"schema":{"@context":"https:\/\/schema.org","@graph":[{"@type":"WebPage","@id":"https:\/\/futureg.sk\/hu\/szlovakiai-magyar-kisebbsegi-tamogatasok-palyazati-lehetosegek-es-feltetelek\/","url":"https:\/\/futureg.sk\/hu\/szlovakiai-magyar-kisebbsegi-tamogatasok-palyazati-lehetosegek-es-feltetelek\/","name":"Szlov\u00e1kiai magyar kisebbs\u00e9gi t\u00e1mogat\u00e1sok: p\u00e1ly\u00e1zati lehet\u0151s\u00e9gek \u00e9s felt\u00e9telek - FutuReg PT","isPartOf":{"@id":"https:\/\/futureg.sk\/hu\/#website"},"primaryImageOfPage":{"@id":"https:\/\/futureg.sk\/hu\/szlovakiai-magyar-kisebbsegi-tamogatasok-palyazati-lehetosegek-es-feltetelek\/#primaryimage"},"image":{"@id":"https:\/\/futureg.sk\/hu\/szlovakiai-magyar-kisebbsegi-tamogatasok-palyazati-lehetosegek-es-feltetelek\/#primaryimage"},"thumbnailUrl":"https:\/\/futureg.sk\/hu\/wp-content\/uploads\/sites\/2\/2024\/06\/shutterstock_369267281-800x450-1.jpg","datePublished":"2024-06-11T07:19:07+00:00","author":{"@id":"https:\/\/futureg.sk\/hu\/#\/schema\/person\/55778fd0da87f59248b56bc66be71ab5"},"breadcrumb":{"@id":"https:\/\/futureg.sk\/hu\/szlovakiai-magyar-kisebbsegi-tamogatasok-palyazati-lehetosegek-es-feltetelek\/#breadcrumb"},"inLanguage":"hu","potentialAction":[{"@type":"ReadAction","target":["https:\/\/futureg.sk\/hu\/szlovakiai-magyar-kisebbsegi-tamogatasok-palyazati-lehetosegek-es-feltetelek\/"]}]},{"@type":"ImageObject","inLanguage":"hu","@id":"https:\/\/futureg.sk\/hu\/szlovakiai-magyar-kisebbsegi-tamogatasok-palyazati-lehetosegek-es-feltetelek\/#primaryimage","url":"https:\/\/futureg.sk\/hu\/wp-content\/uploads\/sites\/2\/2024\/06\/shutterstock_369267281-800x450-1.jpg","contentUrl":"https:\/\/futureg.sk\/hu\/wp-content\/uploads\/sites\/2\/2024\/06\/shutterstock_369267281-800x450-1.jpg","width":800,"height":450},{"@type":"BreadcrumbList","@id":"https:\/\/futureg.sk\/hu\/szlovakiai-magyar-kisebbsegi-tamogatasok-palyazati-lehetosegek-es-feltetelek\/#breadcrumb","itemListElement":[{"@type":"ListItem","position":1,"name":"Home","item":"https:\/\/futureg.sk\/hu\/"},{"@type":"ListItem","position":2,"name":"Szlov\u00e1kiai magyar kisebbs\u00e9gi t\u00e1mogat\u00e1sok: p\u00e1ly\u00e1zati lehet\u0151s\u00e9gek \u00e9s felt\u00e9telek"}]},{"@type":"WebSite","@id":"https:\/\/futureg.sk\/hu\/#website","url":"https:\/\/futureg.sk\/hu\/","name":"FutuReg PT","description":"R\u00e9gi\u00f3nk \u00e9s gyermekeink fejleszt\u00e9s\u00e9\u00e9rt","potentialAction":[{"@type":"SearchAction","target":{"@type":"EntryPoint","urlTemplate":"https:\/\/futureg.sk\/hu\/?s={search_term_string}"},"query-input":{"@type":"PropertyValueSpecification","valueRequired":true,"valueName":"search_term_string"}}],"inLanguage":"hu"},{"@type":"Person","@id":"https:\/\/futureg.sk\/hu\/#\/schema\/person\/55778fd0da87f59248b56bc66be71ab5","name":"futureg","image":{"@type":"ImageObject","inLanguage":"hu","@id":"https:\/\/futureg.sk\/hu\/#\/schema\/person\/image\/","url":"https:\/\/secure.gravatar.com\/avatar\/db88629feb205bd1540ef21e3582402deadb0a8828b92221f5767b28bbddfab2?s=96&d=mm&r=g","contentUrl":"https:\/\/secure.gravatar.com\/avatar\/db88629feb205bd1540ef21e3582402deadb0a8828b92221f5767b28bbddfab2?s=96&d=mm&r=g","caption":"futureg"},"url":"https:\/\/futureg.sk\/hu\/author\/futureg\/"}]}},"_links":{"self":[{"href":"https:\/\/futureg.sk\/hu\/wp-json\/wp\/v2\/posts\/861","targetHints":{"allow":["GET"]}}],"collection":[{"href":"https:\/\/futureg.sk\/hu\/wp-json\/wp\/v2\/posts"}],"about":[{"href":"https:\/\/futureg.sk\/hu\/wp-json\/wp\/v2\/types\/post"}],"author":[{"embeddable":true,"href":"https:\/\/futureg.sk\/hu\/wp-json\/wp\/v2\/users\/1"}],"replies":[{"embeddable":true,"href":"https:\/\/futureg.sk\/hu\/wp-json\/wp\/v2\/comments?post=861"}],"version-history":[{"count":1,"href":"https:\/\/futureg.sk\/hu\/wp-json\/wp\/v2\/posts\/861\/revisions"}],"predecessor-version":[{"id":863,"href":"https:\/\/futureg.sk\/hu\/wp-json\/wp\/v2\/posts\/861\/revisions\/863"}],"wp:featuredmedia":[{"embeddable":true,"href":"https:\/\/futureg.sk\/hu\/wp-json\/wp\/v2\/media\/862"}],"wp:attachment":[{"href":"https:\/\/futureg.sk\/hu\/wp-json\/wp\/v2\/media?parent=861"}],"wp:term":[{"taxonomy":"category","embeddable":true,"href":"https:\/\/futureg.sk\/hu\/wp-json\/wp\/v2\/categories?post=861"},{"taxonomy":"post_tag","embeddable":true,"href":"https:\/\/futureg.sk\/hu\/wp-json\/wp\/v2\/tags?post=861"}],"curies":[{"name":"wp","href":"https:\/\/api.w.org\/{rel}","templated":true}]}}