{"id":827,"date":"2024-02-28T05:54:24","date_gmt":"2024-02-28T05:54:24","guid":{"rendered":"https:\/\/futureg.sk\/hu\/?p=827"},"modified":"2024-03-10T17:28:02","modified_gmt":"2024-03-10T17:28:02","slug":"827-2","status":"publish","type":"post","link":"https:\/\/futureg.sk\/hu\/827-2\/","title":{"rendered":"A mesters\u00e9ges intelligencia (AI) fenyeget\u00e9s vagy el\u0151ny?"},"content":{"rendered":"<p>Novemberben a FutuReg az Alternat\u00edva Egyes\u00fclettel egy\u00fcttm\u0171k\u00f6dve a DIGIT4ALL projekt r\u00e9szek\u00e9nt szemin\u00e1riumot szervezett Jakub \u0160usterrel a mesters\u00e9ges intelligenci\u00e1r\u00f3l \u00e9s a m\u00e9diam\u0171velts\u00e9gr\u0151l. Nemcsak a fiatalok kaptak lehet\u0151s\u00e9get arra, hogy t\u00f6bbet megtudjanak a mesters\u00e9ges intelligenci\u00e1r\u00f3l, valamint arr\u00f3l, hogyan haszn\u00e1lhatj\u00e1k hat\u00e9konyan \u00e9s el\u0151ny\u00f6sen.<\/p>\n<p><a href=\"https:\/\/futureg.sk\/hu\/827-2\/img_0953\/\" rel=\"attachment wp-att-828\"><img loading=\"lazy\" decoding=\"async\" class=\"alignnone size-medium wp-image-828\" src=\"https:\/\/futureg.sk\/hu\/wp-content\/uploads\/sites\/2\/2024\/02\/IMG_0953-300x169.jpeg\" alt=\"\" width=\"300\" height=\"169\" srcset=\"https:\/\/futureg.sk\/hu\/wp-content\/uploads\/sites\/2\/2024\/02\/IMG_0953-300x169.jpeg 300w, https:\/\/futureg.sk\/hu\/wp-content\/uploads\/sites\/2\/2024\/02\/IMG_0953-1024x577.jpeg 1024w, https:\/\/futureg.sk\/hu\/wp-content\/uploads\/sites\/2\/2024\/02\/IMG_0953-768x433.jpeg 768w, https:\/\/futureg.sk\/hu\/wp-content\/uploads\/sites\/2\/2024\/02\/IMG_0953-1536x865.jpeg 1536w, https:\/\/futureg.sk\/hu\/wp-content\/uploads\/sites\/2\/2024\/02\/IMG_0953.jpeg 1640w\" sizes=\"auto, (max-width: 300px) 100vw, 300px\" \/><\/a><\/p>\n<p>&nbsp;<\/p>\n<p>Az Eur\u00f3pai Parlament egy nagyon informat\u00edv cikket tett k\u00f6zz\u00e9 arr\u00f3l, hogy mi is az a mesters\u00e9ges intelligencia, \u00e9s hol tal\u00e1ljuk meg a mindennapi \u00e9letben a felhaszn\u00e1l\u00e1s\u00e1t. Ha \u00e9rdekli ez a t\u00e9mak\u00f6r, akkor keressen minket, hogy r\u00e9szt vehessen m\u00e1s DIGIT4ALL szemin\u00e1riumainkon \u00e9s tev\u00e9kenys\u00e9geinken, vagy ezen a linken olvashat b\u0151vebben a mesters\u00e9ges intelligenci\u00e1r\u00f3l:<\/p>\n<p>&nbsp;<\/p>\n<p><a href=\"https:\/\/futureg.sk\/hu\/827-2\/img_0964\/\" rel=\"attachment wp-att-829\"><img loading=\"lazy\" decoding=\"async\" class=\"alignnone size-medium wp-image-829\" src=\"https:\/\/futureg.sk\/hu\/wp-content\/uploads\/sites\/2\/2024\/02\/IMG_0964-300x286.jpeg\" alt=\"\" width=\"300\" height=\"286\" srcset=\"https:\/\/futureg.sk\/hu\/wp-content\/uploads\/sites\/2\/2024\/02\/IMG_0964-300x286.jpeg 300w, https:\/\/futureg.sk\/hu\/wp-content\/uploads\/sites\/2\/2024\/02\/IMG_0964-1024x975.jpeg 1024w, https:\/\/futureg.sk\/hu\/wp-content\/uploads\/sites\/2\/2024\/02\/IMG_0964-768x731.jpeg 768w, https:\/\/futureg.sk\/hu\/wp-content\/uploads\/sites\/2\/2024\/02\/IMG_0964.jpeg 1156w\" sizes=\"auto, (max-width: 300px) 100vw, 300px\" \/><\/a><\/p>\n<p class=\"p1\"><span class=\"s1\">Projekt DIGIT4ALL. Funded by The European Union. Project Number:<\/span><\/p>\n<p class=\"p1\"><span class=\"s1\">2022-1-SK02-KA210-YOU-000083196<\/span><\/p>\n<p><a href=\"https:\/\/futureg.sk\/spolupracujeme\/copy-of-1200px-erasmus_logo-svg\/\" rel=\"attachment wp-att-1298\"><img loading=\"lazy\" decoding=\"async\" class=\"alignnone size-medium wp-image-1298\" src=\"https:\/\/futureg.sk\/wp-content\/uploads\/2022\/12\/Copy-of-1200px-Erasmus_Logo.svg_-300x86.png\" alt=\"\" width=\"300\" height=\"86\" \/><\/a><a href=\"https:\/\/futureg.sk\/green\/flag_2colors-eps\/\" rel=\"attachment wp-att-1531\"><img loading=\"lazy\" decoding=\"async\" class=\"alignnone size-medium wp-image-1531\" src=\"https:\/\/futureg.sk\/wp-content\/uploads\/2023\/12\/eu_funded_en-300x63.jpg\" alt=\"\" width=\"300\" height=\"63\" \/><\/a><\/p>\n","protected":false},"excerpt":{"rendered":"<p>Novemberben a FutuReg az Alternat\u00edva Egyes\u00fclettel egy\u00fcttm\u0171k\u00f6dve a DIGIT4ALL projekt r\u00e9szek\u00e9nt szemin\u00e1riumot szervezett Jakub \u0160usterrel a mesters\u00e9ges intelligenci\u00e1r\u00f3l \u00e9s a m\u00e9diam\u0171velts\u00e9gr\u0151l. Nemcsak a fiatalok kaptak lehet\u0151s\u00e9get arra, hogy t\u00f6bbet megtudjanak a mesters\u00e9ges intelligenci\u00e1r\u00f3l, valamint arr\u00f3l, hogyan haszn\u00e1lhatj\u00e1k hat\u00e9konyan \u00e9s el\u0151ny\u00f6sen. &nbsp; Az Eur\u00f3pai Parlament egy nagyon informat\u00edv cikket tett k\u00f6zz\u00e9 arr\u00f3l, hogy mi is az [&hellip;]<\/p>\n","protected":false},"author":1,"featured_media":828,"comment_status":"closed","ping_status":"open","sticky":false,"template":"","format":"standard","meta":{"_monsterinsights_skip_tracking":false,"_monsterinsights_sitenote_active":false,"_monsterinsights_sitenote_note":"","_monsterinsights_sitenote_category":0,"footnotes":""},"categories":[1],"tags":[],"class_list":["post-827","post","type-post","status-publish","format-standard","has-post-thumbnail","hentry","category-workshop"],"yoast_head":"<!-- This site is optimized with the Yoast SEO plugin v26.1.1 - https:\/\/yoast.com\/wordpress\/plugins\/seo\/ -->\n<title>A mesters\u00e9ges intelligencia (AI) fenyeget\u00e9s vagy el\u0151ny? - FutuReg PT<\/title>\n<meta name=\"robots\" content=\"index, follow, max-snippet:-1, max-image-preview:large, max-video-preview:-1\" \/>\n<link rel=\"canonical\" href=\"https:\/\/futureg.sk\/hu\/827-2\/\" \/>\n<meta property=\"og:locale\" content=\"hu_HU\" \/>\n<meta property=\"og:type\" content=\"article\" \/>\n<meta property=\"og:title\" content=\"A mesters\u00e9ges intelligencia (AI) fenyeget\u00e9s vagy el\u0151ny? - FutuReg PT\" \/>\n<meta property=\"og:description\" content=\"Novemberben a FutuReg az Alternat\u00edva Egyes\u00fclettel egy\u00fcttm\u0171k\u00f6dve a DIGIT4ALL projekt r\u00e9szek\u00e9nt szemin\u00e1riumot szervezett Jakub \u0160usterrel a mesters\u00e9ges intelligenci\u00e1r\u00f3l \u00e9s a m\u00e9diam\u0171velts\u00e9gr\u0151l. Nemcsak a fiatalok kaptak lehet\u0151s\u00e9get arra, hogy t\u00f6bbet megtudjanak a mesters\u00e9ges intelligenci\u00e1r\u00f3l, valamint arr\u00f3l, hogyan haszn\u00e1lhatj\u00e1k hat\u00e9konyan \u00e9s el\u0151ny\u00f6sen. &nbsp; Az Eur\u00f3pai Parlament egy nagyon informat\u00edv cikket tett k\u00f6zz\u00e9 arr\u00f3l, hogy mi is az [&hellip;]\" \/>\n<meta property=\"og:url\" content=\"https:\/\/futureg.sk\/hu\/827-2\/\" \/>\n<meta property=\"og:site_name\" content=\"FutuReg PT\" \/>\n<meta property=\"article:published_time\" content=\"2024-02-28T05:54:24+00:00\" \/>\n<meta property=\"article:modified_time\" content=\"2024-03-10T17:28:02+00:00\" \/>\n<meta property=\"og:image\" content=\"https:\/\/futureg.sk\/hu\/wp-content\/uploads\/sites\/2\/2024\/02\/IMG_0953.jpeg\" \/>\n\t<meta property=\"og:image:width\" content=\"1640\" \/>\n\t<meta property=\"og:image:height\" content=\"924\" \/>\n\t<meta property=\"og:image:type\" content=\"image\/jpeg\" \/>\n<meta name=\"author\" content=\"futureg\" \/>\n<meta name=\"twitter:card\" content=\"summary_large_image\" \/>\n<meta name=\"twitter:label1\" content=\"Szerz\u0151:\" \/>\n\t<meta name=\"twitter:data1\" content=\"futureg\" \/>\n\t<meta name=\"twitter:label2\" content=\"Becs\u00fclt olvas\u00e1si id\u0151\" \/>\n\t<meta name=\"twitter:data2\" content=\"2 perc\" \/>\n<script type=\"application\/ld+json\" class=\"yoast-schema-graph\">{\"@context\":\"https:\/\/schema.org\",\"@graph\":[{\"@type\":\"WebPage\",\"@id\":\"https:\/\/futureg.sk\/hu\/827-2\/\",\"url\":\"https:\/\/futureg.sk\/hu\/827-2\/\",\"name\":\"A mesters\u00e9ges intelligencia (AI) fenyeget\u00e9s vagy el\u0151ny? - FutuReg PT\",\"isPartOf\":{\"@id\":\"https:\/\/futureg.sk\/hu\/#website\"},\"primaryImageOfPage\":{\"@id\":\"https:\/\/futureg.sk\/hu\/827-2\/#primaryimage\"},\"image\":{\"@id\":\"https:\/\/futureg.sk\/hu\/827-2\/#primaryimage\"},\"thumbnailUrl\":\"https:\/\/futureg.sk\/hu\/wp-content\/uploads\/sites\/2\/2024\/02\/IMG_0953.jpeg\",\"datePublished\":\"2024-02-28T05:54:24+00:00\",\"dateModified\":\"2024-03-10T17:28:02+00:00\",\"author\":{\"@id\":\"https:\/\/futureg.sk\/hu\/#\/schema\/person\/55778fd0da87f59248b56bc66be71ab5\"},\"breadcrumb\":{\"@id\":\"https:\/\/futureg.sk\/hu\/827-2\/#breadcrumb\"},\"inLanguage\":\"hu\",\"potentialAction\":[{\"@type\":\"ReadAction\",\"target\":[\"https:\/\/futureg.sk\/hu\/827-2\/\"]}]},{\"@type\":\"ImageObject\",\"inLanguage\":\"hu\",\"@id\":\"https:\/\/futureg.sk\/hu\/827-2\/#primaryimage\",\"url\":\"https:\/\/futureg.sk\/hu\/wp-content\/uploads\/sites\/2\/2024\/02\/IMG_0953.jpeg\",\"contentUrl\":\"https:\/\/futureg.sk\/hu\/wp-content\/uploads\/sites\/2\/2024\/02\/IMG_0953.jpeg\",\"width\":1640,\"height\":924},{\"@type\":\"BreadcrumbList\",\"@id\":\"https:\/\/futureg.sk\/hu\/827-2\/#breadcrumb\",\"itemListElement\":[{\"@type\":\"ListItem\",\"position\":1,\"name\":\"Home\",\"item\":\"https:\/\/futureg.sk\/hu\/\"},{\"@type\":\"ListItem\",\"position\":2,\"name\":\"A mesters\u00e9ges intelligencia (AI) fenyeget\u00e9s vagy el\u0151ny?\"}]},{\"@type\":\"WebSite\",\"@id\":\"https:\/\/futureg.sk\/hu\/#website\",\"url\":\"https:\/\/futureg.sk\/hu\/\",\"name\":\"FutuReg PT\",\"description\":\"R\u00e9gi\u00f3nk \u00e9s gyermekeink fejleszt\u00e9s\u00e9\u00e9rt\",\"potentialAction\":[{\"@type\":\"SearchAction\",\"target\":{\"@type\":\"EntryPoint\",\"urlTemplate\":\"https:\/\/futureg.sk\/hu\/?s={search_term_string}\"},\"query-input\":{\"@type\":\"PropertyValueSpecification\",\"valueRequired\":true,\"valueName\":\"search_term_string\"}}],\"inLanguage\":\"hu\"},{\"@type\":\"Person\",\"@id\":\"https:\/\/futureg.sk\/hu\/#\/schema\/person\/55778fd0da87f59248b56bc66be71ab5\",\"name\":\"futureg\",\"image\":{\"@type\":\"ImageObject\",\"inLanguage\":\"hu\",\"@id\":\"https:\/\/futureg.sk\/hu\/#\/schema\/person\/image\/\",\"url\":\"https:\/\/secure.gravatar.com\/avatar\/db88629feb205bd1540ef21e3582402deadb0a8828b92221f5767b28bbddfab2?s=96&d=mm&r=g\",\"contentUrl\":\"https:\/\/secure.gravatar.com\/avatar\/db88629feb205bd1540ef21e3582402deadb0a8828b92221f5767b28bbddfab2?s=96&d=mm&r=g\",\"caption\":\"futureg\"},\"url\":\"https:\/\/futureg.sk\/hu\/author\/futureg\/\"}]}<\/script>\n<!-- \/ Yoast SEO plugin. -->","yoast_head_json":{"title":"A mesters\u00e9ges intelligencia (AI) fenyeget\u00e9s vagy el\u0151ny? - FutuReg PT","robots":{"index":"index","follow":"follow","max-snippet":"max-snippet:-1","max-image-preview":"max-image-preview:large","max-video-preview":"max-video-preview:-1"},"canonical":"https:\/\/futureg.sk\/hu\/827-2\/","og_locale":"hu_HU","og_type":"article","og_title":"A mesters\u00e9ges intelligencia (AI) fenyeget\u00e9s vagy el\u0151ny? - FutuReg PT","og_description":"Novemberben a FutuReg az Alternat\u00edva Egyes\u00fclettel egy\u00fcttm\u0171k\u00f6dve a DIGIT4ALL projekt r\u00e9szek\u00e9nt szemin\u00e1riumot szervezett Jakub \u0160usterrel a mesters\u00e9ges intelligenci\u00e1r\u00f3l \u00e9s a m\u00e9diam\u0171velts\u00e9gr\u0151l. Nemcsak a fiatalok kaptak lehet\u0151s\u00e9get arra, hogy t\u00f6bbet megtudjanak a mesters\u00e9ges intelligenci\u00e1r\u00f3l, valamint arr\u00f3l, hogyan haszn\u00e1lhatj\u00e1k hat\u00e9konyan \u00e9s el\u0151ny\u00f6sen. &nbsp; Az Eur\u00f3pai Parlament egy nagyon informat\u00edv cikket tett k\u00f6zz\u00e9 arr\u00f3l, hogy mi is az [&hellip;]","og_url":"https:\/\/futureg.sk\/hu\/827-2\/","og_site_name":"FutuReg PT","article_published_time":"2024-02-28T05:54:24+00:00","article_modified_time":"2024-03-10T17:28:02+00:00","og_image":[{"width":1640,"height":924,"url":"https:\/\/futureg.sk\/hu\/wp-content\/uploads\/sites\/2\/2024\/02\/IMG_0953.jpeg","type":"image\/jpeg"}],"author":"futureg","twitter_card":"summary_large_image","twitter_misc":{"Szerz\u0151:":"futureg","Becs\u00fclt olvas\u00e1si id\u0151":"2 perc"},"schema":{"@context":"https:\/\/schema.org","@graph":[{"@type":"WebPage","@id":"https:\/\/futureg.sk\/hu\/827-2\/","url":"https:\/\/futureg.sk\/hu\/827-2\/","name":"A mesters\u00e9ges intelligencia (AI) fenyeget\u00e9s vagy el\u0151ny? - FutuReg PT","isPartOf":{"@id":"https:\/\/futureg.sk\/hu\/#website"},"primaryImageOfPage":{"@id":"https:\/\/futureg.sk\/hu\/827-2\/#primaryimage"},"image":{"@id":"https:\/\/futureg.sk\/hu\/827-2\/#primaryimage"},"thumbnailUrl":"https:\/\/futureg.sk\/hu\/wp-content\/uploads\/sites\/2\/2024\/02\/IMG_0953.jpeg","datePublished":"2024-02-28T05:54:24+00:00","dateModified":"2024-03-10T17:28:02+00:00","author":{"@id":"https:\/\/futureg.sk\/hu\/#\/schema\/person\/55778fd0da87f59248b56bc66be71ab5"},"breadcrumb":{"@id":"https:\/\/futureg.sk\/hu\/827-2\/#breadcrumb"},"inLanguage":"hu","potentialAction":[{"@type":"ReadAction","target":["https:\/\/futureg.sk\/hu\/827-2\/"]}]},{"@type":"ImageObject","inLanguage":"hu","@id":"https:\/\/futureg.sk\/hu\/827-2\/#primaryimage","url":"https:\/\/futureg.sk\/hu\/wp-content\/uploads\/sites\/2\/2024\/02\/IMG_0953.jpeg","contentUrl":"https:\/\/futureg.sk\/hu\/wp-content\/uploads\/sites\/2\/2024\/02\/IMG_0953.jpeg","width":1640,"height":924},{"@type":"BreadcrumbList","@id":"https:\/\/futureg.sk\/hu\/827-2\/#breadcrumb","itemListElement":[{"@type":"ListItem","position":1,"name":"Home","item":"https:\/\/futureg.sk\/hu\/"},{"@type":"ListItem","position":2,"name":"A mesters\u00e9ges intelligencia (AI) fenyeget\u00e9s vagy el\u0151ny?"}]},{"@type":"WebSite","@id":"https:\/\/futureg.sk\/hu\/#website","url":"https:\/\/futureg.sk\/hu\/","name":"FutuReg PT","description":"R\u00e9gi\u00f3nk \u00e9s gyermekeink fejleszt\u00e9s\u00e9\u00e9rt","potentialAction":[{"@type":"SearchAction","target":{"@type":"EntryPoint","urlTemplate":"https:\/\/futureg.sk\/hu\/?s={search_term_string}"},"query-input":{"@type":"PropertyValueSpecification","valueRequired":true,"valueName":"search_term_string"}}],"inLanguage":"hu"},{"@type":"Person","@id":"https:\/\/futureg.sk\/hu\/#\/schema\/person\/55778fd0da87f59248b56bc66be71ab5","name":"futureg","image":{"@type":"ImageObject","inLanguage":"hu","@id":"https:\/\/futureg.sk\/hu\/#\/schema\/person\/image\/","url":"https:\/\/secure.gravatar.com\/avatar\/db88629feb205bd1540ef21e3582402deadb0a8828b92221f5767b28bbddfab2?s=96&d=mm&r=g","contentUrl":"https:\/\/secure.gravatar.com\/avatar\/db88629feb205bd1540ef21e3582402deadb0a8828b92221f5767b28bbddfab2?s=96&d=mm&r=g","caption":"futureg"},"url":"https:\/\/futureg.sk\/hu\/author\/futureg\/"}]}},"_links":{"self":[{"href":"https:\/\/futureg.sk\/hu\/wp-json\/wp\/v2\/posts\/827","targetHints":{"allow":["GET"]}}],"collection":[{"href":"https:\/\/futureg.sk\/hu\/wp-json\/wp\/v2\/posts"}],"about":[{"href":"https:\/\/futureg.sk\/hu\/wp-json\/wp\/v2\/types\/post"}],"author":[{"embeddable":true,"href":"https:\/\/futureg.sk\/hu\/wp-json\/wp\/v2\/users\/1"}],"replies":[{"embeddable":true,"href":"https:\/\/futureg.sk\/hu\/wp-json\/wp\/v2\/comments?post=827"}],"version-history":[{"count":4,"href":"https:\/\/futureg.sk\/hu\/wp-json\/wp\/v2\/posts\/827\/revisions"}],"predecessor-version":[{"id":833,"href":"https:\/\/futureg.sk\/hu\/wp-json\/wp\/v2\/posts\/827\/revisions\/833"}],"wp:featuredmedia":[{"embeddable":true,"href":"https:\/\/futureg.sk\/hu\/wp-json\/wp\/v2\/media\/828"}],"wp:attachment":[{"href":"https:\/\/futureg.sk\/hu\/wp-json\/wp\/v2\/media?parent=827"}],"wp:term":[{"taxonomy":"category","embeddable":true,"href":"https:\/\/futureg.sk\/hu\/wp-json\/wp\/v2\/categories?post=827"},{"taxonomy":"post_tag","embeddable":true,"href":"https:\/\/futureg.sk\/hu\/wp-json\/wp\/v2\/tags?post=827"}],"curies":[{"name":"wp","href":"https:\/\/api.w.org\/{rel}","templated":true}]}}