{"id":767,"date":"2023-06-22T20:03:39","date_gmt":"2023-06-22T20:03:39","guid":{"rendered":"https:\/\/futureg.sk\/hu\/?p=767"},"modified":"2023-06-23T04:16:26","modified_gmt":"2023-06-23T04:16:26","slug":"gyakorlati-utmutato-a-digitalis-intelligencia-fejlesztese-a-fiatalok-erzelmi-jolete-reven","status":"publish","type":"post","link":"https:\/\/futureg.sk\/hu\/gyakorlati-utmutato-a-digitalis-intelligencia-fejlesztese-a-fiatalok-erzelmi-jolete-reven\/","title":{"rendered":"Gyakorlati \u00fatmutat\u00f3: A digit\u00e1lis intelligencia fejleszt\u00e9se a fiatalok \u00e9rzelmi j\u00f3l\u00e9te r\u00e9v\u00e9n."},"content":{"rendered":"<p>Tudja, mi\u00e9rt van sz\u00fcks\u00e9g a digit\u00e1lis tud\u00e1s \u00e9s a digit\u00e1lis intelligencia n\u00f6veked\u00e9s\u00e9re, k\u00fcl\u00f6n\u00f6sen a fiatalok \u00e9s a gyermekek k\u00f6r\u00e9ben?<br \/>\nA cyberbullying egyre nagyobb probl\u00e9m\u00e1t jelent a fiatalok \u00e9s a gyermekek k\u00f6r\u00e9ben, \u00e9s a sz\u00fcl\u0151k, a tan\u00e1rok \u00e9s a jog\u00e1szok nem rendelkeznek a sz\u00fcks\u00e9ges ismeretekkel vagy eszk\u00f6z\u00f6kkel \u00e9s m\u00f3dszerekkel a kezel\u00e9s\u00e9hez. A digit\u00e1lis \u00e1talakul\u00e1s \u00e9s a digit\u00e1lis intelligencia n\u00f6veked\u00e9se seg\u00edt megel\u0151zni a zaklat\u00e1st \u00e9s a cyberbullyingot, \u00e9s megteremti a digit\u00e1lis ellen\u00e1ll\u00f3 k\u00e9pess\u00e9get.<br \/>\nA DIGEQ projekt egy olyan ifj\u00fas\u00e1gi egy\u00fcttm\u0171k\u00f6d\u00e9si koncepci\u00f3, amely el\u0151seg\u00edti a gyermekek \u00e9s fiatalok biztons\u00e1g\u00e1t az online k\u00f6rnyezetben, a jelenlegi korunk digit\u00e1lis \u00e1talakul\u00e1s\u00e1nak k\u00f6sz\u00f6nhet\u0151en.<br \/>\nA dokumentum a biztons\u00e1gos internethaszn\u00e1lattal (k\u00f6z\u00f6ss\u00e9gi m\u00e9dia, cyberbullying megel\u0151z\u00e9se) \u00e9s az akt\u00edv digit\u00e1lis \u00e1llampolg\u00e1rs\u00e1ggal foglalkoz\u00f3 oktat\u00e1si blogok \u00e9s alkalmaz\u00e1sok, eszk\u00f6zt\u00e1rak, interakt\u00edv j\u00e1t\u00e9kok, cikkek, vide\u00f3k, kv\u00edzek list\u00e1j\u00e1t tartalmazza.<\/p>\n<p><a href=\"https:\/\/futureg.sk\/hu\/gyakorlati-utmutato-a-digitalis-intelligencia-fejlesztese-a-fiatalok-erzelmi-jolete-reven\/img_0298\/\" rel=\"attachment wp-att-768\"><img loading=\"lazy\" decoding=\"async\" class=\"alignnone size-medium wp-image-768\" src=\"https:\/\/futureg.sk\/hu\/wp-content\/uploads\/sites\/2\/2023\/06\/IMG_0298-259x300.jpeg\" alt=\"\" width=\"259\" height=\"300\" srcset=\"https:\/\/futureg.sk\/hu\/wp-content\/uploads\/sites\/2\/2023\/06\/IMG_0298-259x300.jpeg 259w, https:\/\/futureg.sk\/hu\/wp-content\/uploads\/sites\/2\/2023\/06\/IMG_0298-883x1024.jpeg 883w, https:\/\/futureg.sk\/hu\/wp-content\/uploads\/sites\/2\/2023\/06\/IMG_0298-768x891.jpeg 768w, https:\/\/futureg.sk\/hu\/wp-content\/uploads\/sites\/2\/2023\/06\/IMG_0298.jpeg 1279w\" sizes=\"auto, (max-width: 259px) 100vw, 259px\" \/><\/a><\/p>\n<p>Az \u00fatmutat\u00f3 itt tal\u00e1lhat\u00f3 <a href=\"https:\/\/drive.google.com\/drive\/u\/1\/my-drive\">Best Practise Guide HU<\/a><\/p>\n<p>Az Erasmus+ projekt c\u00edme: Digit\u00e1lis intelligencia n\u00f6veked\u00e9se az ifj\u00fas\u00e1g \u00e9rzelmi min\u0151s\u00e9g\u00e9n kereszt\u00fcl DIGEQ.<br \/>\nA projekt sz\u00e1ma 2021-1-SK02-KA210-YOU-000033913.<br \/>\nEzt a vide\u00f3t az Eur\u00f3pai Uni\u00f3 finansz\u00edrozta.<\/p>\n<p><a href=\"https:\/\/futureg.sk\/hu\/digit4all\/copy-of-1200px-erasmus_logo-svg1\/\" rel=\"attachment wp-att-673\"><img loading=\"lazy\" decoding=\"async\" class=\"alignnone size-medium wp-image-673\" src=\"https:\/\/futureg.sk\/hu\/wp-content\/uploads\/sites\/2\/2023\/01\/Copy-of-1200px-Erasmus_Logo.svg1_-300x86.png\" alt=\"\" width=\"300\" height=\"86\" srcset=\"https:\/\/futureg.sk\/hu\/wp-content\/uploads\/sites\/2\/2023\/01\/Copy-of-1200px-Erasmus_Logo.svg1_-300x86.png 300w, https:\/\/futureg.sk\/hu\/wp-content\/uploads\/sites\/2\/2023\/01\/Copy-of-1200px-Erasmus_Logo.svg1_-1024x294.png 1024w, https:\/\/futureg.sk\/hu\/wp-content\/uploads\/sites\/2\/2023\/01\/Copy-of-1200px-Erasmus_Logo.svg1_-768x220.png 768w, https:\/\/futureg.sk\/hu\/wp-content\/uploads\/sites\/2\/2023\/01\/Copy-of-1200px-Erasmus_Logo.svg1_.png 1200w\" sizes=\"auto, (max-width: 300px) 100vw, 300px\" \/><\/a><a href=\"https:\/\/futureg.sk\/hu\/digitalis-eq-volt-a-temaja-a-dunaszerdahelyi-mediator-treningnek\/eu-funded_official-logo-from-2022\/\" rel=\"attachment wp-att-595\"><img loading=\"lazy\" decoding=\"async\" class=\"alignnone size-medium wp-image-595\" src=\"https:\/\/futureg.sk\/hu\/wp-content\/uploads\/sites\/2\/2022\/09\/EU-FUNDED_official-logo-from-2022-300x63.jpg\" alt=\"\" width=\"300\" height=\"63\" srcset=\"https:\/\/futureg.sk\/hu\/wp-content\/uploads\/sites\/2\/2022\/09\/EU-FUNDED_official-logo-from-2022-300x63.jpg 300w, https:\/\/futureg.sk\/hu\/wp-content\/uploads\/sites\/2\/2022\/09\/EU-FUNDED_official-logo-from-2022-1024x215.jpg 1024w, https:\/\/futureg.sk\/hu\/wp-content\/uploads\/sites\/2\/2022\/09\/EU-FUNDED_official-logo-from-2022-768x161.jpg 768w, https:\/\/futureg.sk\/hu\/wp-content\/uploads\/sites\/2\/2022\/09\/EU-FUNDED_official-logo-from-2022-1536x322.jpg 1536w, https:\/\/futureg.sk\/hu\/wp-content\/uploads\/sites\/2\/2022\/09\/EU-FUNDED_official-logo-from-2022-2048x430.jpg 2048w\" sizes=\"auto, (max-width: 300px) 100vw, 300px\" \/><\/a><\/p>\n","protected":false},"excerpt":{"rendered":"<p>Tudja, mi\u00e9rt van sz\u00fcks\u00e9g a digit\u00e1lis tud\u00e1s \u00e9s a digit\u00e1lis intelligencia n\u00f6veked\u00e9s\u00e9re, k\u00fcl\u00f6n\u00f6sen a fiatalok \u00e9s a gyermekek k\u00f6r\u00e9ben? A cyberbullying egyre nagyobb probl\u00e9m\u00e1t jelent a fiatalok \u00e9s a gyermekek k\u00f6r\u00e9ben, \u00e9s a sz\u00fcl\u0151k, a tan\u00e1rok \u00e9s a jog\u00e1szok nem rendelkeznek a sz\u00fcks\u00e9ges ismeretekkel vagy eszk\u00f6z\u00f6kkel \u00e9s m\u00f3dszerekkel a kezel\u00e9s\u00e9hez. A digit\u00e1lis \u00e1talakul\u00e1s \u00e9s a [&hellip;]<\/p>\n","protected":false},"author":1,"featured_media":768,"comment_status":"closed","ping_status":"open","sticky":false,"template":"","format":"standard","meta":{"_monsterinsights_skip_tracking":false,"_monsterinsights_sitenote_active":false,"_monsterinsights_sitenote_note":"","_monsterinsights_sitenote_category":0,"footnotes":""},"categories":[1],"tags":[],"class_list":["post-767","post","type-post","status-publish","format-standard","has-post-thumbnail","hentry","category-workshop"],"yoast_head":"<!-- This site is optimized with the Yoast SEO plugin v26.1.1 - https:\/\/yoast.com\/wordpress\/plugins\/seo\/ -->\n<title>Gyakorlati \u00fatmutat\u00f3: A digit\u00e1lis intelligencia fejleszt\u00e9se a fiatalok \u00e9rzelmi j\u00f3l\u00e9te r\u00e9v\u00e9n. - FutuReg PT<\/title>\n<meta name=\"robots\" content=\"index, follow, max-snippet:-1, max-image-preview:large, max-video-preview:-1\" \/>\n<link rel=\"canonical\" href=\"https:\/\/futureg.sk\/hu\/gyakorlati-utmutato-a-digitalis-intelligencia-fejlesztese-a-fiatalok-erzelmi-jolete-reven\/\" \/>\n<meta property=\"og:locale\" content=\"hu_HU\" \/>\n<meta property=\"og:type\" content=\"article\" \/>\n<meta property=\"og:title\" content=\"Gyakorlati \u00fatmutat\u00f3: A digit\u00e1lis intelligencia fejleszt\u00e9se a fiatalok \u00e9rzelmi j\u00f3l\u00e9te r\u00e9v\u00e9n. - FutuReg PT\" \/>\n<meta property=\"og:description\" content=\"Tudja, mi\u00e9rt van sz\u00fcks\u00e9g a digit\u00e1lis tud\u00e1s \u00e9s a digit\u00e1lis intelligencia n\u00f6veked\u00e9s\u00e9re, k\u00fcl\u00f6n\u00f6sen a fiatalok \u00e9s a gyermekek k\u00f6r\u00e9ben? A cyberbullying egyre nagyobb probl\u00e9m\u00e1t jelent a fiatalok \u00e9s a gyermekek k\u00f6r\u00e9ben, \u00e9s a sz\u00fcl\u0151k, a tan\u00e1rok \u00e9s a jog\u00e1szok nem rendelkeznek a sz\u00fcks\u00e9ges ismeretekkel vagy eszk\u00f6z\u00f6kkel \u00e9s m\u00f3dszerekkel a kezel\u00e9s\u00e9hez. A digit\u00e1lis \u00e1talakul\u00e1s \u00e9s a [&hellip;]\" \/>\n<meta property=\"og:url\" content=\"https:\/\/futureg.sk\/hu\/gyakorlati-utmutato-a-digitalis-intelligencia-fejlesztese-a-fiatalok-erzelmi-jolete-reven\/\" \/>\n<meta property=\"og:site_name\" content=\"FutuReg PT\" \/>\n<meta property=\"article:published_time\" content=\"2023-06-22T20:03:39+00:00\" \/>\n<meta property=\"article:modified_time\" content=\"2023-06-23T04:16:26+00:00\" \/>\n<meta property=\"og:image\" content=\"https:\/\/futureg.sk\/hu\/wp-content\/uploads\/sites\/2\/2023\/06\/IMG_0298.jpeg\" \/>\n\t<meta property=\"og:image:width\" content=\"1279\" \/>\n\t<meta property=\"og:image:height\" content=\"1484\" \/>\n\t<meta property=\"og:image:type\" content=\"image\/jpeg\" \/>\n<meta name=\"author\" content=\"futureg\" \/>\n<meta name=\"twitter:card\" content=\"summary_large_image\" \/>\n<meta name=\"twitter:label1\" content=\"Szerz\u0151:\" \/>\n\t<meta name=\"twitter:data1\" content=\"futureg\" \/>\n\t<meta name=\"twitter:label2\" content=\"Becs\u00fclt olvas\u00e1si id\u0151\" \/>\n\t<meta name=\"twitter:data2\" content=\"1 perc\" \/>\n<script type=\"application\/ld+json\" class=\"yoast-schema-graph\">{\"@context\":\"https:\/\/schema.org\",\"@graph\":[{\"@type\":\"WebPage\",\"@id\":\"https:\/\/futureg.sk\/hu\/gyakorlati-utmutato-a-digitalis-intelligencia-fejlesztese-a-fiatalok-erzelmi-jolete-reven\/\",\"url\":\"https:\/\/futureg.sk\/hu\/gyakorlati-utmutato-a-digitalis-intelligencia-fejlesztese-a-fiatalok-erzelmi-jolete-reven\/\",\"name\":\"Gyakorlati \u00fatmutat\u00f3: A digit\u00e1lis intelligencia fejleszt\u00e9se a fiatalok \u00e9rzelmi j\u00f3l\u00e9te r\u00e9v\u00e9n. - FutuReg PT\",\"isPartOf\":{\"@id\":\"https:\/\/futureg.sk\/hu\/#website\"},\"primaryImageOfPage\":{\"@id\":\"https:\/\/futureg.sk\/hu\/gyakorlati-utmutato-a-digitalis-intelligencia-fejlesztese-a-fiatalok-erzelmi-jolete-reven\/#primaryimage\"},\"image\":{\"@id\":\"https:\/\/futureg.sk\/hu\/gyakorlati-utmutato-a-digitalis-intelligencia-fejlesztese-a-fiatalok-erzelmi-jolete-reven\/#primaryimage\"},\"thumbnailUrl\":\"https:\/\/futureg.sk\/hu\/wp-content\/uploads\/sites\/2\/2023\/06\/IMG_0298.jpeg\",\"datePublished\":\"2023-06-22T20:03:39+00:00\",\"dateModified\":\"2023-06-23T04:16:26+00:00\",\"author\":{\"@id\":\"https:\/\/futureg.sk\/hu\/#\/schema\/person\/55778fd0da87f59248b56bc66be71ab5\"},\"breadcrumb\":{\"@id\":\"https:\/\/futureg.sk\/hu\/gyakorlati-utmutato-a-digitalis-intelligencia-fejlesztese-a-fiatalok-erzelmi-jolete-reven\/#breadcrumb\"},\"inLanguage\":\"hu\",\"potentialAction\":[{\"@type\":\"ReadAction\",\"target\":[\"https:\/\/futureg.sk\/hu\/gyakorlati-utmutato-a-digitalis-intelligencia-fejlesztese-a-fiatalok-erzelmi-jolete-reven\/\"]}]},{\"@type\":\"ImageObject\",\"inLanguage\":\"hu\",\"@id\":\"https:\/\/futureg.sk\/hu\/gyakorlati-utmutato-a-digitalis-intelligencia-fejlesztese-a-fiatalok-erzelmi-jolete-reven\/#primaryimage\",\"url\":\"https:\/\/futureg.sk\/hu\/wp-content\/uploads\/sites\/2\/2023\/06\/IMG_0298.jpeg\",\"contentUrl\":\"https:\/\/futureg.sk\/hu\/wp-content\/uploads\/sites\/2\/2023\/06\/IMG_0298.jpeg\",\"width\":1279,\"height\":1484},{\"@type\":\"BreadcrumbList\",\"@id\":\"https:\/\/futureg.sk\/hu\/gyakorlati-utmutato-a-digitalis-intelligencia-fejlesztese-a-fiatalok-erzelmi-jolete-reven\/#breadcrumb\",\"itemListElement\":[{\"@type\":\"ListItem\",\"position\":1,\"name\":\"Home\",\"item\":\"https:\/\/futureg.sk\/hu\/\"},{\"@type\":\"ListItem\",\"position\":2,\"name\":\"Gyakorlati \u00fatmutat\u00f3: A digit\u00e1lis intelligencia fejleszt\u00e9se a fiatalok \u00e9rzelmi j\u00f3l\u00e9te r\u00e9v\u00e9n.\"}]},{\"@type\":\"WebSite\",\"@id\":\"https:\/\/futureg.sk\/hu\/#website\",\"url\":\"https:\/\/futureg.sk\/hu\/\",\"name\":\"FutuReg PT\",\"description\":\"R\u00e9gi\u00f3nk \u00e9s gyermekeink fejleszt\u00e9s\u00e9\u00e9rt\",\"potentialAction\":[{\"@type\":\"SearchAction\",\"target\":{\"@type\":\"EntryPoint\",\"urlTemplate\":\"https:\/\/futureg.sk\/hu\/?s={search_term_string}\"},\"query-input\":{\"@type\":\"PropertyValueSpecification\",\"valueRequired\":true,\"valueName\":\"search_term_string\"}}],\"inLanguage\":\"hu\"},{\"@type\":\"Person\",\"@id\":\"https:\/\/futureg.sk\/hu\/#\/schema\/person\/55778fd0da87f59248b56bc66be71ab5\",\"name\":\"futureg\",\"image\":{\"@type\":\"ImageObject\",\"inLanguage\":\"hu\",\"@id\":\"https:\/\/futureg.sk\/hu\/#\/schema\/person\/image\/\",\"url\":\"https:\/\/secure.gravatar.com\/avatar\/db88629feb205bd1540ef21e3582402deadb0a8828b92221f5767b28bbddfab2?s=96&d=mm&r=g\",\"contentUrl\":\"https:\/\/secure.gravatar.com\/avatar\/db88629feb205bd1540ef21e3582402deadb0a8828b92221f5767b28bbddfab2?s=96&d=mm&r=g\",\"caption\":\"futureg\"},\"url\":\"https:\/\/futureg.sk\/hu\/author\/futureg\/\"}]}<\/script>\n<!-- \/ Yoast SEO plugin. -->","yoast_head_json":{"title":"Gyakorlati \u00fatmutat\u00f3: A digit\u00e1lis intelligencia fejleszt\u00e9se a fiatalok \u00e9rzelmi j\u00f3l\u00e9te r\u00e9v\u00e9n. - FutuReg PT","robots":{"index":"index","follow":"follow","max-snippet":"max-snippet:-1","max-image-preview":"max-image-preview:large","max-video-preview":"max-video-preview:-1"},"canonical":"https:\/\/futureg.sk\/hu\/gyakorlati-utmutato-a-digitalis-intelligencia-fejlesztese-a-fiatalok-erzelmi-jolete-reven\/","og_locale":"hu_HU","og_type":"article","og_title":"Gyakorlati \u00fatmutat\u00f3: A digit\u00e1lis intelligencia fejleszt\u00e9se a fiatalok \u00e9rzelmi j\u00f3l\u00e9te r\u00e9v\u00e9n. - FutuReg PT","og_description":"Tudja, mi\u00e9rt van sz\u00fcks\u00e9g a digit\u00e1lis tud\u00e1s \u00e9s a digit\u00e1lis intelligencia n\u00f6veked\u00e9s\u00e9re, k\u00fcl\u00f6n\u00f6sen a fiatalok \u00e9s a gyermekek k\u00f6r\u00e9ben? A cyberbullying egyre nagyobb probl\u00e9m\u00e1t jelent a fiatalok \u00e9s a gyermekek k\u00f6r\u00e9ben, \u00e9s a sz\u00fcl\u0151k, a tan\u00e1rok \u00e9s a jog\u00e1szok nem rendelkeznek a sz\u00fcks\u00e9ges ismeretekkel vagy eszk\u00f6z\u00f6kkel \u00e9s m\u00f3dszerekkel a kezel\u00e9s\u00e9hez. A digit\u00e1lis \u00e1talakul\u00e1s \u00e9s a [&hellip;]","og_url":"https:\/\/futureg.sk\/hu\/gyakorlati-utmutato-a-digitalis-intelligencia-fejlesztese-a-fiatalok-erzelmi-jolete-reven\/","og_site_name":"FutuReg PT","article_published_time":"2023-06-22T20:03:39+00:00","article_modified_time":"2023-06-23T04:16:26+00:00","og_image":[{"width":1279,"height":1484,"url":"https:\/\/futureg.sk\/hu\/wp-content\/uploads\/sites\/2\/2023\/06\/IMG_0298.jpeg","type":"image\/jpeg"}],"author":"futureg","twitter_card":"summary_large_image","twitter_misc":{"Szerz\u0151:":"futureg","Becs\u00fclt olvas\u00e1si id\u0151":"1 perc"},"schema":{"@context":"https:\/\/schema.org","@graph":[{"@type":"WebPage","@id":"https:\/\/futureg.sk\/hu\/gyakorlati-utmutato-a-digitalis-intelligencia-fejlesztese-a-fiatalok-erzelmi-jolete-reven\/","url":"https:\/\/futureg.sk\/hu\/gyakorlati-utmutato-a-digitalis-intelligencia-fejlesztese-a-fiatalok-erzelmi-jolete-reven\/","name":"Gyakorlati \u00fatmutat\u00f3: A digit\u00e1lis intelligencia fejleszt\u00e9se a fiatalok \u00e9rzelmi j\u00f3l\u00e9te r\u00e9v\u00e9n. - FutuReg PT","isPartOf":{"@id":"https:\/\/futureg.sk\/hu\/#website"},"primaryImageOfPage":{"@id":"https:\/\/futureg.sk\/hu\/gyakorlati-utmutato-a-digitalis-intelligencia-fejlesztese-a-fiatalok-erzelmi-jolete-reven\/#primaryimage"},"image":{"@id":"https:\/\/futureg.sk\/hu\/gyakorlati-utmutato-a-digitalis-intelligencia-fejlesztese-a-fiatalok-erzelmi-jolete-reven\/#primaryimage"},"thumbnailUrl":"https:\/\/futureg.sk\/hu\/wp-content\/uploads\/sites\/2\/2023\/06\/IMG_0298.jpeg","datePublished":"2023-06-22T20:03:39+00:00","dateModified":"2023-06-23T04:16:26+00:00","author":{"@id":"https:\/\/futureg.sk\/hu\/#\/schema\/person\/55778fd0da87f59248b56bc66be71ab5"},"breadcrumb":{"@id":"https:\/\/futureg.sk\/hu\/gyakorlati-utmutato-a-digitalis-intelligencia-fejlesztese-a-fiatalok-erzelmi-jolete-reven\/#breadcrumb"},"inLanguage":"hu","potentialAction":[{"@type":"ReadAction","target":["https:\/\/futureg.sk\/hu\/gyakorlati-utmutato-a-digitalis-intelligencia-fejlesztese-a-fiatalok-erzelmi-jolete-reven\/"]}]},{"@type":"ImageObject","inLanguage":"hu","@id":"https:\/\/futureg.sk\/hu\/gyakorlati-utmutato-a-digitalis-intelligencia-fejlesztese-a-fiatalok-erzelmi-jolete-reven\/#primaryimage","url":"https:\/\/futureg.sk\/hu\/wp-content\/uploads\/sites\/2\/2023\/06\/IMG_0298.jpeg","contentUrl":"https:\/\/futureg.sk\/hu\/wp-content\/uploads\/sites\/2\/2023\/06\/IMG_0298.jpeg","width":1279,"height":1484},{"@type":"BreadcrumbList","@id":"https:\/\/futureg.sk\/hu\/gyakorlati-utmutato-a-digitalis-intelligencia-fejlesztese-a-fiatalok-erzelmi-jolete-reven\/#breadcrumb","itemListElement":[{"@type":"ListItem","position":1,"name":"Home","item":"https:\/\/futureg.sk\/hu\/"},{"@type":"ListItem","position":2,"name":"Gyakorlati \u00fatmutat\u00f3: A digit\u00e1lis intelligencia fejleszt\u00e9se a fiatalok \u00e9rzelmi j\u00f3l\u00e9te r\u00e9v\u00e9n."}]},{"@type":"WebSite","@id":"https:\/\/futureg.sk\/hu\/#website","url":"https:\/\/futureg.sk\/hu\/","name":"FutuReg PT","description":"R\u00e9gi\u00f3nk \u00e9s gyermekeink fejleszt\u00e9s\u00e9\u00e9rt","potentialAction":[{"@type":"SearchAction","target":{"@type":"EntryPoint","urlTemplate":"https:\/\/futureg.sk\/hu\/?s={search_term_string}"},"query-input":{"@type":"PropertyValueSpecification","valueRequired":true,"valueName":"search_term_string"}}],"inLanguage":"hu"},{"@type":"Person","@id":"https:\/\/futureg.sk\/hu\/#\/schema\/person\/55778fd0da87f59248b56bc66be71ab5","name":"futureg","image":{"@type":"ImageObject","inLanguage":"hu","@id":"https:\/\/futureg.sk\/hu\/#\/schema\/person\/image\/","url":"https:\/\/secure.gravatar.com\/avatar\/db88629feb205bd1540ef21e3582402deadb0a8828b92221f5767b28bbddfab2?s=96&d=mm&r=g","contentUrl":"https:\/\/secure.gravatar.com\/avatar\/db88629feb205bd1540ef21e3582402deadb0a8828b92221f5767b28bbddfab2?s=96&d=mm&r=g","caption":"futureg"},"url":"https:\/\/futureg.sk\/hu\/author\/futureg\/"}]}},"_links":{"self":[{"href":"https:\/\/futureg.sk\/hu\/wp-json\/wp\/v2\/posts\/767","targetHints":{"allow":["GET"]}}],"collection":[{"href":"https:\/\/futureg.sk\/hu\/wp-json\/wp\/v2\/posts"}],"about":[{"href":"https:\/\/futureg.sk\/hu\/wp-json\/wp\/v2\/types\/post"}],"author":[{"embeddable":true,"href":"https:\/\/futureg.sk\/hu\/wp-json\/wp\/v2\/users\/1"}],"replies":[{"embeddable":true,"href":"https:\/\/futureg.sk\/hu\/wp-json\/wp\/v2\/comments?post=767"}],"version-history":[{"count":2,"href":"https:\/\/futureg.sk\/hu\/wp-json\/wp\/v2\/posts\/767\/revisions"}],"predecessor-version":[{"id":772,"href":"https:\/\/futureg.sk\/hu\/wp-json\/wp\/v2\/posts\/767\/revisions\/772"}],"wp:featuredmedia":[{"embeddable":true,"href":"https:\/\/futureg.sk\/hu\/wp-json\/wp\/v2\/media\/768"}],"wp:attachment":[{"href":"https:\/\/futureg.sk\/hu\/wp-json\/wp\/v2\/media?parent=767"}],"wp:term":[{"taxonomy":"category","embeddable":true,"href":"https:\/\/futureg.sk\/hu\/wp-json\/wp\/v2\/categories?post=767"},{"taxonomy":"post_tag","embeddable":true,"href":"https:\/\/futureg.sk\/hu\/wp-json\/wp\/v2\/tags?post=767"}],"curies":[{"name":"wp","href":"https:\/\/api.w.org\/{rel}","templated":true}]}}