{"id":761,"date":"2023-06-22T19:31:56","date_gmt":"2023-06-22T19:31:56","guid":{"rendered":"https:\/\/futureg.sk\/hu\/?p=761"},"modified":"2023-06-22T19:31:57","modified_gmt":"2023-06-22T19:31:57","slug":"a-digeq-gyakorlati-utmutatot-keszit","status":"publish","type":"post","link":"https:\/\/futureg.sk\/hu\/a-digeq-gyakorlati-utmutatot-keszit\/","title":{"rendered":"A DIGEQ gyakorlati \u00fatmutat\u00f3t k\u00e9sz\u00edt"},"content":{"rendered":"<p>Erasmus+Training of Trainers k\u00e9pz\u00e9s\u00fcnkre 2022. okt\u00f3ber 17-19. k\u00f6z\u00f6tt ker\u00fclt sor Budapesten, a FutuReg partner k\u00f6z\u00e9piskol\u00e1nkban, Budapest \u00e9s val\u00f3sz\u00edn\u0171leg Magyarorsz\u00e1g legrangosabb k\u00f6z\u00e9piskol\u00e1j\u00e1ban, a Fazekas Mih\u00e1ly Gyakorl\u00f3 \u00e9s \u00c1ltal\u00e1nos Gimn\u00e1ziumban.<br \/>\nDIGEQ &#8211; Digit\u00e1lis intelligencia fejleszt\u00e9se \u00e9rzelmi min\u0151s\u00e9gen kereszt\u00fcl 13+ fiatalok \u00e9s ifj\u00fas\u00e1gseg\u00edt\u0151k sz\u00e1m\u00e1ra. Tov\u00e1bbi inform\u00e1ci\u00f3 a www.futureg.sk\/digeq oldalon.<br \/>\nK\u00fcl\u00f6n k\u00f6sz\u00f6net<br \/>\nMargar\u00e9ta Kov\u00e1\u010dnak az IKT joggal, gyermekv\u00e9delemmel kapcsolatos eddigi kem\u00e9ny munk\u00e1j\u00e1\u00e9rt \u00e9s most Vajko Pomichalnak a Trnava-i Egyetem Digit\u00e1lis J\u00e1t\u00e9kok Tansz\u00e9k\u00e9r\u0151l.<br \/>\nAmi a tan\u00e1csad\u00f3i koncepci\u00f3t \u00e9s a projektfejleszt\u00e9st illeti, k\u00f6sz\u00f6nj\u00fck nekik az oktat\u00e1s ter\u00fclet\u00e9n hatalmas er\u0151fesz\u00edt\u00e9seiket.<br \/>\nOlyan oktat\u00f3kkal dolgozunk egy\u00fctt, akiknek megvan a hajland\u00f3s\u00e1guk \u00e9s perspekt\u00edv\u00e1juk a k\u00e9pz\u00e9si m\u00f3dszerek elfogad\u00e1s\u00e1ra.<br \/>\nTeljes k\u00f6r\u0171 r\u00e9szv\u00e9teli k\u00e9pz\u00e9s, t\u00f6rt\u00e9netmes\u00e9l\u00e9s, t\u00e1rsasj\u00e1t\u00e9k, gamifik\u00e1ci\u00f3, t\u00e1rsas medi\u00e1ci\u00f3 \u00e9s konfliktuskezel\u00e9s stb.<br \/>\nPavlis Ivett, mint a H\u00e1trahagyott Tan\u00e1r vagy a Magyar Ment\u00e1lhigi\u00e9n\u00e9s Mank\u00f3 tr\u00e9nere ezeket a m\u00f3dszereket veszi alapul szervezet\u00e9ben a nem form\u00e1lis oktat\u00e1si m\u00f3dszerek fejleszt\u00e9s\u00e9hez.<br \/>\n#iskola #tan\u00e1r #k\u00e9pz\u00e9s #inform\u00e1lis oktat\u00e1s #digeq<br \/>\n#ifj\u00fas\u00e1g #ifj\u00famunk\u00e1s #tapasztalat #experientiallearning<br \/>\nA k\u00e9pz\u00e9st az Eur\u00f3pai Bizotts\u00e1g finansz\u00edrozza<br \/>\nNIVaM &#8211; Nemzeti M\u0171vel\u0151d\u00e9si \u00e9s Ifj\u00fas\u00e1gi Int\u00e9zet &#8211; Ifj\u00fas\u00e1gi Tagozat.<\/p>\n<p><a href=\"https:\/\/futureg.sk\/hu\/a-digeq-gyakorlati-utmutatot-keszit\/img_0297\/\" rel=\"attachment wp-att-762\"><img loading=\"lazy\" decoding=\"async\" class=\"alignnone size-medium wp-image-762\" src=\"https:\/\/futureg.sk\/hu\/wp-content\/uploads\/sites\/2\/2023\/06\/IMG_0297-225x300.png\" alt=\"\" width=\"225\" height=\"300\" srcset=\"https:\/\/futureg.sk\/hu\/wp-content\/uploads\/sites\/2\/2023\/06\/IMG_0297-225x300.png 225w, https:\/\/futureg.sk\/hu\/wp-content\/uploads\/sites\/2\/2023\/06\/IMG_0297.png 338w\" sizes=\"auto, (max-width: 225px) 100vw, 225px\" \/><\/a> <a href=\"https:\/\/futureg.sk\/hu\/a-digeq-gyakorlati-utmutatot-keszit\/img_0296\/\" rel=\"attachment wp-att-763\"><img loading=\"lazy\" decoding=\"async\" class=\"alignnone size-medium wp-image-763\" src=\"https:\/\/futureg.sk\/hu\/wp-content\/uploads\/sites\/2\/2023\/06\/IMG_0296-225x300.png\" alt=\"\" width=\"225\" height=\"300\" srcset=\"https:\/\/futureg.sk\/hu\/wp-content\/uploads\/sites\/2\/2023\/06\/IMG_0296-225x300.png 225w, https:\/\/futureg.sk\/hu\/wp-content\/uploads\/sites\/2\/2023\/06\/IMG_0296.png 338w\" sizes=\"auto, (max-width: 225px) 100vw, 225px\" \/><\/a> <a href=\"https:\/\/futureg.sk\/hu\/a-digeq-gyakorlati-utmutatot-keszit\/img_0295\/\" rel=\"attachment wp-att-764\"><img loading=\"lazy\" decoding=\"async\" class=\"alignnone size-medium wp-image-764\" src=\"https:\/\/futureg.sk\/hu\/wp-content\/uploads\/sites\/2\/2023\/06\/IMG_0295-300x225.png\" alt=\"\" width=\"300\" height=\"225\" srcset=\"https:\/\/futureg.sk\/hu\/wp-content\/uploads\/sites\/2\/2023\/06\/IMG_0295-300x225.png 300w, https:\/\/futureg.sk\/hu\/wp-content\/uploads\/sites\/2\/2023\/06\/IMG_0295.png 450w\" sizes=\"auto, (max-width: 300px) 100vw, 300px\" \/><\/a><\/p>\n<p>A k\u00e9pz\u00e9st az Eur\u00f3pai Uni\u00f3 finansz\u00edrozta.<br \/>\nErasmus+ projekt, melynek c\u00edme: Digit\u00e1lis intelligencia n\u00f6veked\u00e9se az ifj\u00fas\u00e1g \u00e9rzelmi min\u0151s\u00e9g\u00e9n kereszt\u00fcl DIGEQ.<br \/>\nA projekt sz\u00e1ma 2021-1-SK02-KA210-YOU-000033913.<br \/>\n<a href=\"https:\/\/futureg.sk\/hu\/digit4all\/copy-of-1200px-erasmus_logo-svg1\/\" rel=\"attachment wp-att-673\"><img loading=\"lazy\" decoding=\"async\" class=\"alignnone size-medium wp-image-673\" src=\"https:\/\/futureg.sk\/hu\/wp-content\/uploads\/sites\/2\/2023\/01\/Copy-of-1200px-Erasmus_Logo.svg1_-300x86.png\" alt=\"\" width=\"300\" height=\"86\" srcset=\"https:\/\/futureg.sk\/hu\/wp-content\/uploads\/sites\/2\/2023\/01\/Copy-of-1200px-Erasmus_Logo.svg1_-300x86.png 300w, https:\/\/futureg.sk\/hu\/wp-content\/uploads\/sites\/2\/2023\/01\/Copy-of-1200px-Erasmus_Logo.svg1_-1024x294.png 1024w, https:\/\/futureg.sk\/hu\/wp-content\/uploads\/sites\/2\/2023\/01\/Copy-of-1200px-Erasmus_Logo.svg1_-768x220.png 768w, https:\/\/futureg.sk\/hu\/wp-content\/uploads\/sites\/2\/2023\/01\/Copy-of-1200px-Erasmus_Logo.svg1_.png 1200w\" sizes=\"auto, (max-width: 300px) 100vw, 300px\" \/><\/a><a href=\"https:\/\/futureg.sk\/hu\/digitalis-eq-volt-a-temaja-a-dunaszerdahelyi-mediator-treningnek\/eu-funded_official-logo-from-2022\/\" rel=\"attachment wp-att-595\"><img loading=\"lazy\" decoding=\"async\" class=\"alignnone size-medium wp-image-595\" src=\"https:\/\/futureg.sk\/hu\/wp-content\/uploads\/sites\/2\/2022\/09\/EU-FUNDED_official-logo-from-2022-300x63.jpg\" alt=\"\" width=\"300\" height=\"63\" srcset=\"https:\/\/futureg.sk\/hu\/wp-content\/uploads\/sites\/2\/2022\/09\/EU-FUNDED_official-logo-from-2022-300x63.jpg 300w, https:\/\/futureg.sk\/hu\/wp-content\/uploads\/sites\/2\/2022\/09\/EU-FUNDED_official-logo-from-2022-1024x215.jpg 1024w, https:\/\/futureg.sk\/hu\/wp-content\/uploads\/sites\/2\/2022\/09\/EU-FUNDED_official-logo-from-2022-768x161.jpg 768w, https:\/\/futureg.sk\/hu\/wp-content\/uploads\/sites\/2\/2022\/09\/EU-FUNDED_official-logo-from-2022-1536x322.jpg 1536w, https:\/\/futureg.sk\/hu\/wp-content\/uploads\/sites\/2\/2022\/09\/EU-FUNDED_official-logo-from-2022-2048x430.jpg 2048w\" sizes=\"auto, (max-width: 300px) 100vw, 300px\" \/><\/a><\/p>\n<p>&nbsp;<\/p>\n","protected":false},"excerpt":{"rendered":"<p>Erasmus+Training of Trainers k\u00e9pz\u00e9s\u00fcnkre 2022. okt\u00f3ber 17-19. k\u00f6z\u00f6tt ker\u00fclt sor Budapesten, a FutuReg partner k\u00f6z\u00e9piskol\u00e1nkban, Budapest \u00e9s val\u00f3sz\u00edn\u0171leg Magyarorsz\u00e1g legrangosabb k\u00f6z\u00e9piskol\u00e1j\u00e1ban, a Fazekas Mih\u00e1ly Gyakorl\u00f3 \u00e9s \u00c1ltal\u00e1nos Gimn\u00e1ziumban. DIGEQ &#8211; Digit\u00e1lis intelligencia fejleszt\u00e9se \u00e9rzelmi min\u0151s\u00e9gen kereszt\u00fcl 13+ fiatalok \u00e9s ifj\u00fas\u00e1gseg\u00edt\u0151k sz\u00e1m\u00e1ra. Tov\u00e1bbi inform\u00e1ci\u00f3 a www.futureg.sk\/digeq oldalon. K\u00fcl\u00f6n k\u00f6sz\u00f6net Margar\u00e9ta Kov\u00e1\u010dnak az IKT joggal, gyermekv\u00e9delemmel kapcsolatos [&hellip;]<\/p>\n","protected":false},"author":1,"featured_media":764,"comment_status":"closed","ping_status":"open","sticky":false,"template":"","format":"standard","meta":{"_monsterinsights_skip_tracking":false,"_monsterinsights_sitenote_active":false,"_monsterinsights_sitenote_note":"","_monsterinsights_sitenote_category":0,"footnotes":""},"categories":[1],"tags":[],"class_list":["post-761","post","type-post","status-publish","format-standard","has-post-thumbnail","hentry","category-workshop"],"yoast_head":"<!-- This site is optimized with the Yoast SEO plugin v26.1.1 - https:\/\/yoast.com\/wordpress\/plugins\/seo\/ -->\n<title>A DIGEQ gyakorlati \u00fatmutat\u00f3t k\u00e9sz\u00edt - FutuReg PT<\/title>\n<meta name=\"robots\" content=\"index, follow, max-snippet:-1, max-image-preview:large, max-video-preview:-1\" \/>\n<link rel=\"canonical\" href=\"https:\/\/futureg.sk\/hu\/a-digeq-gyakorlati-utmutatot-keszit\/\" \/>\n<meta property=\"og:locale\" content=\"hu_HU\" \/>\n<meta property=\"og:type\" content=\"article\" \/>\n<meta property=\"og:title\" content=\"A DIGEQ gyakorlati \u00fatmutat\u00f3t k\u00e9sz\u00edt - FutuReg PT\" \/>\n<meta property=\"og:description\" content=\"Erasmus+Training of Trainers k\u00e9pz\u00e9s\u00fcnkre 2022. okt\u00f3ber 17-19. k\u00f6z\u00f6tt ker\u00fclt sor Budapesten, a FutuReg partner k\u00f6z\u00e9piskol\u00e1nkban, Budapest \u00e9s val\u00f3sz\u00edn\u0171leg Magyarorsz\u00e1g legrangosabb k\u00f6z\u00e9piskol\u00e1j\u00e1ban, a Fazekas Mih\u00e1ly Gyakorl\u00f3 \u00e9s \u00c1ltal\u00e1nos Gimn\u00e1ziumban. DIGEQ &#8211; Digit\u00e1lis intelligencia fejleszt\u00e9se \u00e9rzelmi min\u0151s\u00e9gen kereszt\u00fcl 13+ fiatalok \u00e9s ifj\u00fas\u00e1gseg\u00edt\u0151k sz\u00e1m\u00e1ra. Tov\u00e1bbi inform\u00e1ci\u00f3 a www.futureg.sk\/digeq oldalon. K\u00fcl\u00f6n k\u00f6sz\u00f6net Margar\u00e9ta Kov\u00e1\u010dnak az IKT joggal, gyermekv\u00e9delemmel kapcsolatos [&hellip;]\" \/>\n<meta property=\"og:url\" content=\"https:\/\/futureg.sk\/hu\/a-digeq-gyakorlati-utmutatot-keszit\/\" \/>\n<meta property=\"og:site_name\" content=\"FutuReg PT\" \/>\n<meta property=\"article:published_time\" content=\"2023-06-22T19:31:56+00:00\" \/>\n<meta property=\"article:modified_time\" content=\"2023-06-22T19:31:57+00:00\" \/>\n<meta property=\"og:image\" content=\"https:\/\/futureg.sk\/hu\/wp-content\/uploads\/sites\/2\/2023\/06\/IMG_0295.png\" \/>\n\t<meta property=\"og:image:width\" content=\"450\" \/>\n\t<meta property=\"og:image:height\" content=\"338\" \/>\n\t<meta property=\"og:image:type\" content=\"image\/png\" \/>\n<meta name=\"author\" content=\"futureg\" \/>\n<meta name=\"twitter:card\" content=\"summary_large_image\" \/>\n<meta name=\"twitter:label1\" content=\"Szerz\u0151:\" \/>\n\t<meta name=\"twitter:data1\" content=\"futureg\" \/>\n\t<meta name=\"twitter:label2\" content=\"Becs\u00fclt olvas\u00e1si id\u0151\" \/>\n\t<meta name=\"twitter:data2\" content=\"2 perc\" \/>\n<script type=\"application\/ld+json\" class=\"yoast-schema-graph\">{\"@context\":\"https:\/\/schema.org\",\"@graph\":[{\"@type\":\"WebPage\",\"@id\":\"https:\/\/futureg.sk\/hu\/a-digeq-gyakorlati-utmutatot-keszit\/\",\"url\":\"https:\/\/futureg.sk\/hu\/a-digeq-gyakorlati-utmutatot-keszit\/\",\"name\":\"A DIGEQ gyakorlati \u00fatmutat\u00f3t k\u00e9sz\u00edt - FutuReg PT\",\"isPartOf\":{\"@id\":\"https:\/\/futureg.sk\/hu\/#website\"},\"primaryImageOfPage\":{\"@id\":\"https:\/\/futureg.sk\/hu\/a-digeq-gyakorlati-utmutatot-keszit\/#primaryimage\"},\"image\":{\"@id\":\"https:\/\/futureg.sk\/hu\/a-digeq-gyakorlati-utmutatot-keszit\/#primaryimage\"},\"thumbnailUrl\":\"https:\/\/futureg.sk\/hu\/wp-content\/uploads\/sites\/2\/2023\/06\/IMG_0295.png\",\"datePublished\":\"2023-06-22T19:31:56+00:00\",\"dateModified\":\"2023-06-22T19:31:57+00:00\",\"author\":{\"@id\":\"https:\/\/futureg.sk\/hu\/#\/schema\/person\/55778fd0da87f59248b56bc66be71ab5\"},\"breadcrumb\":{\"@id\":\"https:\/\/futureg.sk\/hu\/a-digeq-gyakorlati-utmutatot-keszit\/#breadcrumb\"},\"inLanguage\":\"hu\",\"potentialAction\":[{\"@type\":\"ReadAction\",\"target\":[\"https:\/\/futureg.sk\/hu\/a-digeq-gyakorlati-utmutatot-keszit\/\"]}]},{\"@type\":\"ImageObject\",\"inLanguage\":\"hu\",\"@id\":\"https:\/\/futureg.sk\/hu\/a-digeq-gyakorlati-utmutatot-keszit\/#primaryimage\",\"url\":\"https:\/\/futureg.sk\/hu\/wp-content\/uploads\/sites\/2\/2023\/06\/IMG_0295.png\",\"contentUrl\":\"https:\/\/futureg.sk\/hu\/wp-content\/uploads\/sites\/2\/2023\/06\/IMG_0295.png\",\"width\":450,\"height\":338},{\"@type\":\"BreadcrumbList\",\"@id\":\"https:\/\/futureg.sk\/hu\/a-digeq-gyakorlati-utmutatot-keszit\/#breadcrumb\",\"itemListElement\":[{\"@type\":\"ListItem\",\"position\":1,\"name\":\"Home\",\"item\":\"https:\/\/futureg.sk\/hu\/\"},{\"@type\":\"ListItem\",\"position\":2,\"name\":\"A DIGEQ gyakorlati \u00fatmutat\u00f3t k\u00e9sz\u00edt\"}]},{\"@type\":\"WebSite\",\"@id\":\"https:\/\/futureg.sk\/hu\/#website\",\"url\":\"https:\/\/futureg.sk\/hu\/\",\"name\":\"FutuReg PT\",\"description\":\"R\u00e9gi\u00f3nk \u00e9s gyermekeink fejleszt\u00e9s\u00e9\u00e9rt\",\"potentialAction\":[{\"@type\":\"SearchAction\",\"target\":{\"@type\":\"EntryPoint\",\"urlTemplate\":\"https:\/\/futureg.sk\/hu\/?s={search_term_string}\"},\"query-input\":{\"@type\":\"PropertyValueSpecification\",\"valueRequired\":true,\"valueName\":\"search_term_string\"}}],\"inLanguage\":\"hu\"},{\"@type\":\"Person\",\"@id\":\"https:\/\/futureg.sk\/hu\/#\/schema\/person\/55778fd0da87f59248b56bc66be71ab5\",\"name\":\"futureg\",\"image\":{\"@type\":\"ImageObject\",\"inLanguage\":\"hu\",\"@id\":\"https:\/\/futureg.sk\/hu\/#\/schema\/person\/image\/\",\"url\":\"https:\/\/secure.gravatar.com\/avatar\/db88629feb205bd1540ef21e3582402deadb0a8828b92221f5767b28bbddfab2?s=96&d=mm&r=g\",\"contentUrl\":\"https:\/\/secure.gravatar.com\/avatar\/db88629feb205bd1540ef21e3582402deadb0a8828b92221f5767b28bbddfab2?s=96&d=mm&r=g\",\"caption\":\"futureg\"},\"url\":\"https:\/\/futureg.sk\/hu\/author\/futureg\/\"}]}<\/script>\n<!-- \/ Yoast SEO plugin. -->","yoast_head_json":{"title":"A DIGEQ gyakorlati \u00fatmutat\u00f3t k\u00e9sz\u00edt - FutuReg PT","robots":{"index":"index","follow":"follow","max-snippet":"max-snippet:-1","max-image-preview":"max-image-preview:large","max-video-preview":"max-video-preview:-1"},"canonical":"https:\/\/futureg.sk\/hu\/a-digeq-gyakorlati-utmutatot-keszit\/","og_locale":"hu_HU","og_type":"article","og_title":"A DIGEQ gyakorlati \u00fatmutat\u00f3t k\u00e9sz\u00edt - FutuReg PT","og_description":"Erasmus+Training of Trainers k\u00e9pz\u00e9s\u00fcnkre 2022. okt\u00f3ber 17-19. k\u00f6z\u00f6tt ker\u00fclt sor Budapesten, a FutuReg partner k\u00f6z\u00e9piskol\u00e1nkban, Budapest \u00e9s val\u00f3sz\u00edn\u0171leg Magyarorsz\u00e1g legrangosabb k\u00f6z\u00e9piskol\u00e1j\u00e1ban, a Fazekas Mih\u00e1ly Gyakorl\u00f3 \u00e9s \u00c1ltal\u00e1nos Gimn\u00e1ziumban. DIGEQ &#8211; Digit\u00e1lis intelligencia fejleszt\u00e9se \u00e9rzelmi min\u0151s\u00e9gen kereszt\u00fcl 13+ fiatalok \u00e9s ifj\u00fas\u00e1gseg\u00edt\u0151k sz\u00e1m\u00e1ra. Tov\u00e1bbi inform\u00e1ci\u00f3 a www.futureg.sk\/digeq oldalon. K\u00fcl\u00f6n k\u00f6sz\u00f6net Margar\u00e9ta Kov\u00e1\u010dnak az IKT joggal, gyermekv\u00e9delemmel kapcsolatos [&hellip;]","og_url":"https:\/\/futureg.sk\/hu\/a-digeq-gyakorlati-utmutatot-keszit\/","og_site_name":"FutuReg PT","article_published_time":"2023-06-22T19:31:56+00:00","article_modified_time":"2023-06-22T19:31:57+00:00","og_image":[{"width":450,"height":338,"url":"https:\/\/futureg.sk\/hu\/wp-content\/uploads\/sites\/2\/2023\/06\/IMG_0295.png","type":"image\/png"}],"author":"futureg","twitter_card":"summary_large_image","twitter_misc":{"Szerz\u0151:":"futureg","Becs\u00fclt olvas\u00e1si id\u0151":"2 perc"},"schema":{"@context":"https:\/\/schema.org","@graph":[{"@type":"WebPage","@id":"https:\/\/futureg.sk\/hu\/a-digeq-gyakorlati-utmutatot-keszit\/","url":"https:\/\/futureg.sk\/hu\/a-digeq-gyakorlati-utmutatot-keszit\/","name":"A DIGEQ gyakorlati \u00fatmutat\u00f3t k\u00e9sz\u00edt - FutuReg PT","isPartOf":{"@id":"https:\/\/futureg.sk\/hu\/#website"},"primaryImageOfPage":{"@id":"https:\/\/futureg.sk\/hu\/a-digeq-gyakorlati-utmutatot-keszit\/#primaryimage"},"image":{"@id":"https:\/\/futureg.sk\/hu\/a-digeq-gyakorlati-utmutatot-keszit\/#primaryimage"},"thumbnailUrl":"https:\/\/futureg.sk\/hu\/wp-content\/uploads\/sites\/2\/2023\/06\/IMG_0295.png","datePublished":"2023-06-22T19:31:56+00:00","dateModified":"2023-06-22T19:31:57+00:00","author":{"@id":"https:\/\/futureg.sk\/hu\/#\/schema\/person\/55778fd0da87f59248b56bc66be71ab5"},"breadcrumb":{"@id":"https:\/\/futureg.sk\/hu\/a-digeq-gyakorlati-utmutatot-keszit\/#breadcrumb"},"inLanguage":"hu","potentialAction":[{"@type":"ReadAction","target":["https:\/\/futureg.sk\/hu\/a-digeq-gyakorlati-utmutatot-keszit\/"]}]},{"@type":"ImageObject","inLanguage":"hu","@id":"https:\/\/futureg.sk\/hu\/a-digeq-gyakorlati-utmutatot-keszit\/#primaryimage","url":"https:\/\/futureg.sk\/hu\/wp-content\/uploads\/sites\/2\/2023\/06\/IMG_0295.png","contentUrl":"https:\/\/futureg.sk\/hu\/wp-content\/uploads\/sites\/2\/2023\/06\/IMG_0295.png","width":450,"height":338},{"@type":"BreadcrumbList","@id":"https:\/\/futureg.sk\/hu\/a-digeq-gyakorlati-utmutatot-keszit\/#breadcrumb","itemListElement":[{"@type":"ListItem","position":1,"name":"Home","item":"https:\/\/futureg.sk\/hu\/"},{"@type":"ListItem","position":2,"name":"A DIGEQ gyakorlati \u00fatmutat\u00f3t k\u00e9sz\u00edt"}]},{"@type":"WebSite","@id":"https:\/\/futureg.sk\/hu\/#website","url":"https:\/\/futureg.sk\/hu\/","name":"FutuReg PT","description":"R\u00e9gi\u00f3nk \u00e9s gyermekeink fejleszt\u00e9s\u00e9\u00e9rt","potentialAction":[{"@type":"SearchAction","target":{"@type":"EntryPoint","urlTemplate":"https:\/\/futureg.sk\/hu\/?s={search_term_string}"},"query-input":{"@type":"PropertyValueSpecification","valueRequired":true,"valueName":"search_term_string"}}],"inLanguage":"hu"},{"@type":"Person","@id":"https:\/\/futureg.sk\/hu\/#\/schema\/person\/55778fd0da87f59248b56bc66be71ab5","name":"futureg","image":{"@type":"ImageObject","inLanguage":"hu","@id":"https:\/\/futureg.sk\/hu\/#\/schema\/person\/image\/","url":"https:\/\/secure.gravatar.com\/avatar\/db88629feb205bd1540ef21e3582402deadb0a8828b92221f5767b28bbddfab2?s=96&d=mm&r=g","contentUrl":"https:\/\/secure.gravatar.com\/avatar\/db88629feb205bd1540ef21e3582402deadb0a8828b92221f5767b28bbddfab2?s=96&d=mm&r=g","caption":"futureg"},"url":"https:\/\/futureg.sk\/hu\/author\/futureg\/"}]}},"_links":{"self":[{"href":"https:\/\/futureg.sk\/hu\/wp-json\/wp\/v2\/posts\/761","targetHints":{"allow":["GET"]}}],"collection":[{"href":"https:\/\/futureg.sk\/hu\/wp-json\/wp\/v2\/posts"}],"about":[{"href":"https:\/\/futureg.sk\/hu\/wp-json\/wp\/v2\/types\/post"}],"author":[{"embeddable":true,"href":"https:\/\/futureg.sk\/hu\/wp-json\/wp\/v2\/users\/1"}],"replies":[{"embeddable":true,"href":"https:\/\/futureg.sk\/hu\/wp-json\/wp\/v2\/comments?post=761"}],"version-history":[{"count":2,"href":"https:\/\/futureg.sk\/hu\/wp-json\/wp\/v2\/posts\/761\/revisions"}],"predecessor-version":[{"id":766,"href":"https:\/\/futureg.sk\/hu\/wp-json\/wp\/v2\/posts\/761\/revisions\/766"}],"wp:featuredmedia":[{"embeddable":true,"href":"https:\/\/futureg.sk\/hu\/wp-json\/wp\/v2\/media\/764"}],"wp:attachment":[{"href":"https:\/\/futureg.sk\/hu\/wp-json\/wp\/v2\/media?parent=761"}],"wp:term":[{"taxonomy":"category","embeddable":true,"href":"https:\/\/futureg.sk\/hu\/wp-json\/wp\/v2\/categories?post=761"},{"taxonomy":"post_tag","embeddable":true,"href":"https:\/\/futureg.sk\/hu\/wp-json\/wp\/v2\/tags?post=761"}],"curies":[{"name":"wp","href":"https:\/\/api.w.org\/{rel}","templated":true}]}}