{"id":750,"date":"2023-06-22T10:15:57","date_gmt":"2023-06-22T10:15:57","guid":{"rendered":"https:\/\/futureg.sk\/hu\/?p=750"},"modified":"2023-06-22T10:15:57","modified_gmt":"2023-06-22T10:15:57","slug":"az-online-zaklatas-megelozese-az-iskolai-meditacio-segitsegevel-es-a-cyberbullying-jogi-vonatkozasaiba-valo-bevezetes","status":"publish","type":"post","link":"https:\/\/futureg.sk\/hu\/az-online-zaklatas-megelozese-az-iskolai-meditacio-segitsegevel-es-a-cyberbullying-jogi-vonatkozasaiba-valo-bevezetes\/","title":{"rendered":"Az online zaklat\u00e1s megel\u0151z\u00e9se az iskolai medit\u00e1ci\u00f3 seg\u00edts\u00e9g\u00e9vel \u00e9s a cyberbullying jogi vonatkoz\u00e1saiba val\u00f3 bevezet\u00e9s"},"content":{"rendered":"<p style=\"font-weight: 400\">Az cyberbullyingr\u00f3l sz\u00f3l\u00f3 online workshopot a <strong>FutuReg Polg\u00e1ri T\u00e1rsul\u00e1s<\/strong> szervezte az <strong>ALTERNAT\u00cdVA Egyes\u00fclet<\/strong> magyar partnerszervezet k\u00f6zrem\u0171k\u00f6d\u00e9s\u00e9vel. A workshop 2 alkalommal val\u00f3sult meg, k\u00e9t el\u0151ad\u00f3val \u00e9s k\u00fcl\u00f6nb\u00f6z\u0151 t\u00e9m\u00e1val. A workshop a Zoom platformon kereszt\u00fcl zajlott, 20 f\u0151 vett r\u00e9szt rajta, \u00e9s az Eur\u00f3pai Uni\u00f3 Erasmus+ programja finansz\u00edrozta. A FutuReg 4 \u00e9ves medi\u00e1ci\u00f3s tapasztalattal rendelkezik, sikeresen el\u00e9rt 33 oszt\u00e1lyt, \u00e9s 13 iskolai medi\u00e1tort k\u00e9peztek ki.<br \/>\nA workshop sor\u00e1n a r\u00e9sztvev\u0151k <strong>Bott Domonkos L\u00edvia<\/strong> \u00e1ltal a k\u00f6vetkez\u0151 t\u00e9m\u00e1kr\u00f3l kaptak t\u00e1j\u00e9koztat\u00e1st: kort\u00e1rs \u00e9s online medi\u00e1ci\u00f3, digit\u00e1lis emocion\u00e1lis intelligencia, valamint az iskolai medi\u00e1ci\u00f3 &#8211; amelynek fontos szerepe van az online zaklat\u00e1s megel\u0151z\u00e9s\u00e9ben, \u00e9s a toler\u00e1ns k\u00f6rnyezet megteremt\u00e9s\u00e9nek \u00e9rdek\u00e9ben. A r\u00e9sztvev\u0151k megismerhett\u00e9k, hogy az iskol\u00e1kban tartott medi\u00e1ci\u00f3s gyakorlatok \u00e1ltal\u00e1ban \u00f6nk\u00e9ntes alapon m\u0171k\u00f6dnek, az oszt\u00e1ly minden tagja a r\u00e9szese lehet, valamint a medi\u00e1tort a felek k\u00f6z\u00f6sen v\u00e1lasztj\u00e1k ki, ez \u00e1ltal\u00e1ban az az ember, aki megfelel\u0151 t\u00e1rgyal\u00e1si k\u00e9szs\u00e9ggel rendelkezik. A megold\u00e1st a felek k\u00f6z\u00f6sen keresik, \u00e9s ez a megold\u00e1s a felek megold\u00e1sa, nem pedig egy harmadik f\u00e9l d\u00f6nt\u00e9se. Ha meg\u00e1llapod\u00e1s sz\u00fcletik, az oszt\u00e1lyb\u00e9k\u00e9nek, a felek k\u00f6z\u00f6tti meg\u00e1llapod\u00e1snak min\u0151s\u00fcl. Az iskolai medi\u00e1ci\u00f3 el\u0151nyei a cyberbullying kezel\u00e9s\u00e9ben a k\u00f6vetkez\u0151k: a felek egy\u00fcttm\u0171k\u00f6d\u0151 partnerek, k\u00f6lcs\u00f6n\u00f6s bizalom kialak\u00edt\u00e1sa, a felek \u00e9rdekei egyszerre teljes\u00edthet\u0151k, minden f\u00e9l nyertesnek \u00e9rzi mag\u00e1t, j\u00f6v\u0151orient\u00e1lt.<br \/>\nUgyanakkor sz\u00f3 esett arr\u00f3l is, hogy \u00e9rezni lehet a medi\u00e1ci\u00f3s szakemberek hi\u00e1ny\u00e1t, mivel kev\u00e9s a szakk\u00e9pzett tan\u00e1r ezen a ter\u00fcleten. A pedag\u00f3gusok, sz\u00fcl\u0151k \u00e9s a gyermekek k\u00f6z\u00f6tti gener\u00e1ci\u00f3s szakad\u00e9k miatt pedig egyre nehezebb a megfelel\u0151 tan\u00e1csad\u00e1s. Mindek\u00f6zben a gyermekek ment\u00e1lis eg\u00e9szs\u00e9ge egyre rosszabb, sok gyermek megfelel\u00e9si k\u00e9nyszerrel k\u00fczd, valamint probl\u00e9mamegold\u00f3 k\u00e9szs\u00e9g hi\u00e1nya is gondot jelent sokukn\u00e1l.<br \/>\nMivel a medi\u00e1torok nem tudnak mindenhol jelen lenni, az online b\u00e1ntalmaz\u00e1s prevenci\u00f3j\u00e1ban rendk\u00edv\u00fcl fontos szerepet j\u00e1tszanak a sz\u00fcl\u0151k. Kulcsfontoss\u00e1g\u00fa a gyermekek sz\u00e1m\u00e1ra elmagyar\u00e1zni a lehets\u00e9ges vesz\u00e9lyeket, valamint megtan\u00edtani a digit\u00e1lis vil\u00e1g helyes haszn\u00e1lat\u00e1t. Ezen k\u00edv\u00fcl elengedhetetlen a nyitott kommunik\u00e1ci\u00f3, a gyermekek meghallgat\u00e1sa, ha probl\u00e9ma mer\u00fcl fel az online t\u00e9rben.<\/p>\n<p style=\"font-weight: 400\">\n<p style=\"font-weight: 400\">\u00a0 \u00a0 \u00a0 \u00a0 \u00a0 A k\u00f6vetkez\u0151 h\u00e9ten az <strong>ALTERNAT\u00cdVA Egyes\u00fclet<\/strong> \u00e9s a <strong>FutuReg Polg\u00e1ri T\u00e1rsul\u00e1s<\/strong> szervez\u00e9s\u00e9ben megval\u00f3sult a <em>Bevezet\u00e9s a cyberbullying jelens\u00e9g\u00e9nek (nem csak) jogi vonatkoz\u00e1saiba<\/em> c\u00edm\u0171 felvil\u00e1gos\u00edt\u00e1s, <strong>PhD Pong\u00f3 Tam\u00e1s<\/strong> el\u0151ad\u00e1s\u00e1ban. Az el\u0151ad\u00e1s a ZOOM fel\u00fclet\u00e9n zajlott, 20 f\u0151 vett r\u00e9szt rajta, \u00e9s az Eur\u00f3pai Uni\u00f3 Erasmus+ programja finansz\u00edrozta. Pong\u00f3 Tam\u00e1s ingyenes felvil\u00e1gos\u00edt\u00e1sokat ny\u00fajt, valamint m\u00e9diatudatoss\u00e1got tan\u00edt feln\u0151tteknek \u00e9s gyermekeknek egyar\u00e1nt.<br \/>\nA r\u00e9sztvev\u0151k \u00e1ltal\u00e1nos inform\u00e1ci\u00f3kat kaptak a Sz\u0171r\u0151bubor\u00e9k jelens\u00e9gr\u0151l, ami egy szem\u00e9lyre szabott online inform\u00e1ci\u00f3s k\u00f6rnyezetet jelent, ahol az algoritmusok gy\u0171jtik az adatokat a szok\u00e1sainkr\u00f3l, hogy olyan tartalmat l\u00e1ssunk a digit\u00e1lis vil\u00e1gban, ami nek\u00fcnk tetszik, a nem prefer\u00e1lt tartalmakat pedig kisz\u0171rik. Sz\u00f3 esett m\u00e9g a figyelem alap\u00fa gazdas\u00e1gr\u00f3l, valamint a Big Data-r\u00f3l.<br \/>\nMegtudtuk, hogy a gyermekek a legfog\u00e9konyabbak a cyberbullyingra, \u00e9s kider\u00fclt, hogy az NMHH Digital Parenting kutat\u00e1sa alapj\u00e1n gyermekes h\u00e1ztart\u00e1sok 82%-ban van mobiltelefon, a gyermekek 66%-nak van saj\u00e1t mobiltelefonja, \u00e9s ezek a gyerekek a k\u00f6z\u00f6ss\u00e9gi m\u00e9di\u00e1kon is jelen vannak. Mivel a gyerekek a sz\u00fcl\u0151i mint\u00e1t tanulj\u00e1k, a k\u00e9perny\u0151k el\u0151tt elt\u00f6lt\u00f6tt id\u0151 a gyermekek \u00e9s a sz\u00fcl\u0151k eset\u00e9ben \u00f6sszef\u00fcgg, szinte hasonl\u00f3 m\u00e9rt\u00e9k\u0171 a k\u00e9perny\u0151idej\u00fck.<br \/>\nSz\u00f3 esett m\u00e9g az offline bullying fogalm\u00e1r\u00f3l, ami valamilyen sz\u00e1nd\u00e9kos, ism\u00e9tl\u0151d\u0151, b\u00e1ntalmaz\u00f3, k\u00e1rt vagy s\u00e9r\u00fcl\u00e9st okoz\u00f3 viselked\u00e9si folyamat, melynek c\u00e9lja az er\u0151egyens\u00faly felbor\u00edt\u00e1sa, \u00e9s a dominancia megtart\u00e1sa. Mi\u00e9rt m\u00e1s a cyberbullying? Ez a sz\u00f3beli k\u00f6z\u00f6ss\u00e9gi megf\u00e9leml\u00edt\u00e9s elektronikus technol\u00f3gi\u00e1kkal val\u00f3 megval\u00f3s\u00edt\u00e1sa, platformjai az email, sms, chat, vide\u00f3j\u00e1t\u00e9k vagy esetleg a sexting. Az online bullyingban nincs biztons\u00e1gos rekre\u00e1ci\u00f3s hely a gyerekeknek, mivel ez a b\u00e1ntalmaz\u00e1s \u00e1ltal\u00e1ban iskolai ismerets\u00e9gekhez k\u00f6t\u0151dik, egyik bullying a m\u00e1sikkal p\u00e1rhuzamosan m\u0171k\u00f6dhet. Magyarorsz\u00e1gon t\u00f6bb projekt \u00e9s program l\u00e9tezik ennek megf\u00e9kez\u00e9s\u00e9re ilyen pl. TABBY in Internet projekt, MOCK, KiVa, Digit\u00e1lis Gyermekv\u00e9delmi Strat\u00e9gia, B\u00e9k\u00e9s Iskol\u00e1k Program, vagy az ENABLE.<br \/>\nJogi vonatkoz\u00e1sban azt lehetne tenni, hogy az es\u00e9lyegyenl\u0151s\u00e9gr\u0151l sz\u00f3l\u00f3 t\u00f6rv\u00e9nyben kieg\u00e9sz\u00edtn\u00e9k a zaklat\u00e1st a bullying \u00e9s a cyberbullying fogalm\u00e1val, valamint \u00e1llamilag finansz\u00edrozn\u00e1k a prevenci\u00f3s programokat \u00e1llami finansz\u00edroz\u00e1sa.<br \/>\nAz el\u0151ad\u00e1s v\u00e9g\u00e9n az el\u0151ad\u00f3 megosztotta saj\u00e1t tapasztalatait, besz\u00e9lt arr\u00f3l mit tehet\u00fcnk di\u00e1kk\u00e9nt, feln\u0151ttk\u00e9nt, \u00e9s pedag\u00f3gusk\u00e9nt. M\u00f3dszerei k\u00f6z\u00f6tt eml\u00edtette t\u00f6bbek k\u00f6z\u00f6tt a sz\u00fcl\u0151k \u00e9rdekl\u0151d\u0151 attit\u0171dj\u00e9t az \u00faj platformokkal szemben, k\u00e9rdezz\u00fck a gyermeket arr\u00f3l, hogy mit csin\u00e1l az interneten, valamint sz\u00fcl\u0151i fel\u00fcgyeleti platformokat is aj\u00e1nlott.<\/p>\n<p><img loading=\"lazy\" decoding=\"async\" class=\"alignnone size-medium wp-image-751\" src=\"https:\/\/futureg.sk\/hu\/wp-content\/uploads\/sites\/2\/2023\/06\/349117117_1038907270611188_8403076404676695012_n-300x169.jpeg\" alt=\"\" width=\"300\" height=\"169\" srcset=\"https:\/\/futureg.sk\/hu\/wp-content\/uploads\/sites\/2\/2023\/06\/349117117_1038907270611188_8403076404676695012_n-300x169.jpeg 300w, https:\/\/futureg.sk\/hu\/wp-content\/uploads\/sites\/2\/2023\/06\/349117117_1038907270611188_8403076404676695012_n-1024x577.jpeg 1024w, https:\/\/futureg.sk\/hu\/wp-content\/uploads\/sites\/2\/2023\/06\/349117117_1038907270611188_8403076404676695012_n-768x433.jpeg 768w, https:\/\/futureg.sk\/hu\/wp-content\/uploads\/sites\/2\/2023\/06\/349117117_1038907270611188_8403076404676695012_n-1536x865.jpeg 1536w, https:\/\/futureg.sk\/hu\/wp-content\/uploads\/sites\/2\/2023\/06\/349117117_1038907270611188_8403076404676695012_n.jpeg 1640w\" sizes=\"auto, (max-width: 300px) 100vw, 300px\" \/><\/p>\n","protected":false},"excerpt":{"rendered":"<p>Az cyberbullyingr\u00f3l sz\u00f3l\u00f3 online workshopot a FutuReg Polg\u00e1ri T\u00e1rsul\u00e1s szervezte az ALTERNAT\u00cdVA Egyes\u00fclet magyar partnerszervezet k\u00f6zrem\u0171k\u00f6d\u00e9s\u00e9vel. A workshop 2 alkalommal val\u00f3sult meg, k\u00e9t el\u0151ad\u00f3val \u00e9s k\u00fcl\u00f6nb\u00f6z\u0151 t\u00e9m\u00e1val. A workshop a Zoom platformon kereszt\u00fcl zajlott, 20 f\u0151 vett r\u00e9szt rajta, \u00e9s az Eur\u00f3pai Uni\u00f3 Erasmus+ programja finansz\u00edrozta. A FutuReg 4 \u00e9ves medi\u00e1ci\u00f3s tapasztalattal rendelkezik, sikeresen el\u00e9rt [&hellip;]<\/p>\n","protected":false},"author":9,"featured_media":751,"comment_status":"closed","ping_status":"open","sticky":false,"template":"","format":"standard","meta":{"_monsterinsights_skip_tracking":false,"_monsterinsights_sitenote_active":false,"_monsterinsights_sitenote_note":"","_monsterinsights_sitenote_category":0,"footnotes":""},"categories":[1],"tags":[],"class_list":["post-750","post","type-post","status-publish","format-standard","has-post-thumbnail","hentry","category-workshop"],"yoast_head":"<!-- This site is optimized with the Yoast SEO plugin v26.1.1 - https:\/\/yoast.com\/wordpress\/plugins\/seo\/ -->\n<title>Az online zaklat\u00e1s megel\u0151z\u00e9se az iskolai medit\u00e1ci\u00f3 seg\u00edts\u00e9g\u00e9vel \u00e9s a cyberbullying jogi vonatkoz\u00e1saiba val\u00f3 bevezet\u00e9s - FutuReg PT<\/title>\n<meta name=\"robots\" content=\"index, follow, max-snippet:-1, max-image-preview:large, max-video-preview:-1\" \/>\n<link rel=\"canonical\" href=\"https:\/\/futureg.sk\/hu\/az-online-zaklatas-megelozese-az-iskolai-meditacio-segitsegevel-es-a-cyberbullying-jogi-vonatkozasaiba-valo-bevezetes\/\" \/>\n<meta property=\"og:locale\" content=\"hu_HU\" \/>\n<meta property=\"og:type\" content=\"article\" \/>\n<meta property=\"og:title\" content=\"Az online zaklat\u00e1s megel\u0151z\u00e9se az iskolai medit\u00e1ci\u00f3 seg\u00edts\u00e9g\u00e9vel \u00e9s a cyberbullying jogi vonatkoz\u00e1saiba val\u00f3 bevezet\u00e9s - FutuReg PT\" \/>\n<meta property=\"og:description\" content=\"Az cyberbullyingr\u00f3l sz\u00f3l\u00f3 online workshopot a FutuReg Polg\u00e1ri T\u00e1rsul\u00e1s szervezte az ALTERNAT\u00cdVA Egyes\u00fclet magyar partnerszervezet k\u00f6zrem\u0171k\u00f6d\u00e9s\u00e9vel. A workshop 2 alkalommal val\u00f3sult meg, k\u00e9t el\u0151ad\u00f3val \u00e9s k\u00fcl\u00f6nb\u00f6z\u0151 t\u00e9m\u00e1val. A workshop a Zoom platformon kereszt\u00fcl zajlott, 20 f\u0151 vett r\u00e9szt rajta, \u00e9s az Eur\u00f3pai Uni\u00f3 Erasmus+ programja finansz\u00edrozta. A FutuReg 4 \u00e9ves medi\u00e1ci\u00f3s tapasztalattal rendelkezik, sikeresen el\u00e9rt [&hellip;]\" \/>\n<meta property=\"og:url\" content=\"https:\/\/futureg.sk\/hu\/az-online-zaklatas-megelozese-az-iskolai-meditacio-segitsegevel-es-a-cyberbullying-jogi-vonatkozasaiba-valo-bevezetes\/\" \/>\n<meta property=\"og:site_name\" content=\"FutuReg PT\" \/>\n<meta property=\"article:published_time\" content=\"2023-06-22T10:15:57+00:00\" \/>\n<meta property=\"og:image\" content=\"https:\/\/futureg.sk\/hu\/wp-content\/uploads\/sites\/2\/2023\/06\/349117117_1038907270611188_8403076404676695012_n.jpeg\" \/>\n\t<meta property=\"og:image:width\" content=\"1640\" \/>\n\t<meta property=\"og:image:height\" content=\"924\" \/>\n\t<meta property=\"og:image:type\" content=\"image\/jpeg\" \/>\n<meta name=\"author\" content=\"emma\" \/>\n<meta name=\"twitter:card\" content=\"summary_large_image\" \/>\n<meta name=\"twitter:label1\" content=\"Szerz\u0151:\" \/>\n\t<meta name=\"twitter:data1\" content=\"emma\" \/>\n\t<meta name=\"twitter:label2\" content=\"Becs\u00fclt olvas\u00e1si id\u0151\" \/>\n\t<meta name=\"twitter:data2\" content=\"5 perc\" \/>\n<script type=\"application\/ld+json\" class=\"yoast-schema-graph\">{\"@context\":\"https:\/\/schema.org\",\"@graph\":[{\"@type\":\"WebPage\",\"@id\":\"https:\/\/futureg.sk\/hu\/az-online-zaklatas-megelozese-az-iskolai-meditacio-segitsegevel-es-a-cyberbullying-jogi-vonatkozasaiba-valo-bevezetes\/\",\"url\":\"https:\/\/futureg.sk\/hu\/az-online-zaklatas-megelozese-az-iskolai-meditacio-segitsegevel-es-a-cyberbullying-jogi-vonatkozasaiba-valo-bevezetes\/\",\"name\":\"Az online zaklat\u00e1s megel\u0151z\u00e9se az iskolai medit\u00e1ci\u00f3 seg\u00edts\u00e9g\u00e9vel \u00e9s a cyberbullying jogi vonatkoz\u00e1saiba val\u00f3 bevezet\u00e9s - FutuReg PT\",\"isPartOf\":{\"@id\":\"https:\/\/futureg.sk\/hu\/#website\"},\"primaryImageOfPage\":{\"@id\":\"https:\/\/futureg.sk\/hu\/az-online-zaklatas-megelozese-az-iskolai-meditacio-segitsegevel-es-a-cyberbullying-jogi-vonatkozasaiba-valo-bevezetes\/#primaryimage\"},\"image\":{\"@id\":\"https:\/\/futureg.sk\/hu\/az-online-zaklatas-megelozese-az-iskolai-meditacio-segitsegevel-es-a-cyberbullying-jogi-vonatkozasaiba-valo-bevezetes\/#primaryimage\"},\"thumbnailUrl\":\"https:\/\/futureg.sk\/hu\/wp-content\/uploads\/sites\/2\/2023\/06\/349117117_1038907270611188_8403076404676695012_n.jpeg\",\"datePublished\":\"2023-06-22T10:15:57+00:00\",\"author\":{\"@id\":\"https:\/\/futureg.sk\/hu\/#\/schema\/person\/518b442bed43b4de56cffe5383786d4d\"},\"breadcrumb\":{\"@id\":\"https:\/\/futureg.sk\/hu\/az-online-zaklatas-megelozese-az-iskolai-meditacio-segitsegevel-es-a-cyberbullying-jogi-vonatkozasaiba-valo-bevezetes\/#breadcrumb\"},\"inLanguage\":\"hu\",\"potentialAction\":[{\"@type\":\"ReadAction\",\"target\":[\"https:\/\/futureg.sk\/hu\/az-online-zaklatas-megelozese-az-iskolai-meditacio-segitsegevel-es-a-cyberbullying-jogi-vonatkozasaiba-valo-bevezetes\/\"]}]},{\"@type\":\"ImageObject\",\"inLanguage\":\"hu\",\"@id\":\"https:\/\/futureg.sk\/hu\/az-online-zaklatas-megelozese-az-iskolai-meditacio-segitsegevel-es-a-cyberbullying-jogi-vonatkozasaiba-valo-bevezetes\/#primaryimage\",\"url\":\"https:\/\/futureg.sk\/hu\/wp-content\/uploads\/sites\/2\/2023\/06\/349117117_1038907270611188_8403076404676695012_n.jpeg\",\"contentUrl\":\"https:\/\/futureg.sk\/hu\/wp-content\/uploads\/sites\/2\/2023\/06\/349117117_1038907270611188_8403076404676695012_n.jpeg\",\"width\":1640,\"height\":924},{\"@type\":\"BreadcrumbList\",\"@id\":\"https:\/\/futureg.sk\/hu\/az-online-zaklatas-megelozese-az-iskolai-meditacio-segitsegevel-es-a-cyberbullying-jogi-vonatkozasaiba-valo-bevezetes\/#breadcrumb\",\"itemListElement\":[{\"@type\":\"ListItem\",\"position\":1,\"name\":\"Home\",\"item\":\"https:\/\/futureg.sk\/hu\/\"},{\"@type\":\"ListItem\",\"position\":2,\"name\":\"Az online zaklat\u00e1s megel\u0151z\u00e9se az iskolai medit\u00e1ci\u00f3 seg\u00edts\u00e9g\u00e9vel \u00e9s a cyberbullying jogi vonatkoz\u00e1saiba val\u00f3 bevezet\u00e9s\"}]},{\"@type\":\"WebSite\",\"@id\":\"https:\/\/futureg.sk\/hu\/#website\",\"url\":\"https:\/\/futureg.sk\/hu\/\",\"name\":\"FutuReg PT\",\"description\":\"R\u00e9gi\u00f3nk \u00e9s gyermekeink fejleszt\u00e9s\u00e9\u00e9rt\",\"potentialAction\":[{\"@type\":\"SearchAction\",\"target\":{\"@type\":\"EntryPoint\",\"urlTemplate\":\"https:\/\/futureg.sk\/hu\/?s={search_term_string}\"},\"query-input\":{\"@type\":\"PropertyValueSpecification\",\"valueRequired\":true,\"valueName\":\"search_term_string\"}}],\"inLanguage\":\"hu\"},{\"@type\":\"Person\",\"@id\":\"https:\/\/futureg.sk\/hu\/#\/schema\/person\/518b442bed43b4de56cffe5383786d4d\",\"name\":\"emma\",\"image\":{\"@type\":\"ImageObject\",\"inLanguage\":\"hu\",\"@id\":\"https:\/\/futureg.sk\/hu\/#\/schema\/person\/image\/\",\"url\":\"https:\/\/secure.gravatar.com\/avatar\/d2d398e4892c0f636227380b1236e93743439718458f0c6a73763da6bbd853d3?s=96&d=mm&r=g\",\"contentUrl\":\"https:\/\/secure.gravatar.com\/avatar\/d2d398e4892c0f636227380b1236e93743439718458f0c6a73763da6bbd853d3?s=96&d=mm&r=g\",\"caption\":\"emma\"},\"url\":\"https:\/\/futureg.sk\/hu\/author\/emma\/\"}]}<\/script>\n<!-- \/ Yoast SEO plugin. -->","yoast_head_json":{"title":"Az online zaklat\u00e1s megel\u0151z\u00e9se az iskolai medit\u00e1ci\u00f3 seg\u00edts\u00e9g\u00e9vel \u00e9s a cyberbullying jogi vonatkoz\u00e1saiba val\u00f3 bevezet\u00e9s - FutuReg PT","robots":{"index":"index","follow":"follow","max-snippet":"max-snippet:-1","max-image-preview":"max-image-preview:large","max-video-preview":"max-video-preview:-1"},"canonical":"https:\/\/futureg.sk\/hu\/az-online-zaklatas-megelozese-az-iskolai-meditacio-segitsegevel-es-a-cyberbullying-jogi-vonatkozasaiba-valo-bevezetes\/","og_locale":"hu_HU","og_type":"article","og_title":"Az online zaklat\u00e1s megel\u0151z\u00e9se az iskolai medit\u00e1ci\u00f3 seg\u00edts\u00e9g\u00e9vel \u00e9s a cyberbullying jogi vonatkoz\u00e1saiba val\u00f3 bevezet\u00e9s - FutuReg PT","og_description":"Az cyberbullyingr\u00f3l sz\u00f3l\u00f3 online workshopot a FutuReg Polg\u00e1ri T\u00e1rsul\u00e1s szervezte az ALTERNAT\u00cdVA Egyes\u00fclet magyar partnerszervezet k\u00f6zrem\u0171k\u00f6d\u00e9s\u00e9vel. A workshop 2 alkalommal val\u00f3sult meg, k\u00e9t el\u0151ad\u00f3val \u00e9s k\u00fcl\u00f6nb\u00f6z\u0151 t\u00e9m\u00e1val. A workshop a Zoom platformon kereszt\u00fcl zajlott, 20 f\u0151 vett r\u00e9szt rajta, \u00e9s az Eur\u00f3pai Uni\u00f3 Erasmus+ programja finansz\u00edrozta. A FutuReg 4 \u00e9ves medi\u00e1ci\u00f3s tapasztalattal rendelkezik, sikeresen el\u00e9rt [&hellip;]","og_url":"https:\/\/futureg.sk\/hu\/az-online-zaklatas-megelozese-az-iskolai-meditacio-segitsegevel-es-a-cyberbullying-jogi-vonatkozasaiba-valo-bevezetes\/","og_site_name":"FutuReg PT","article_published_time":"2023-06-22T10:15:57+00:00","og_image":[{"width":1640,"height":924,"url":"https:\/\/futureg.sk\/hu\/wp-content\/uploads\/sites\/2\/2023\/06\/349117117_1038907270611188_8403076404676695012_n.jpeg","type":"image\/jpeg"}],"author":"emma","twitter_card":"summary_large_image","twitter_misc":{"Szerz\u0151:":"emma","Becs\u00fclt olvas\u00e1si id\u0151":"5 perc"},"schema":{"@context":"https:\/\/schema.org","@graph":[{"@type":"WebPage","@id":"https:\/\/futureg.sk\/hu\/az-online-zaklatas-megelozese-az-iskolai-meditacio-segitsegevel-es-a-cyberbullying-jogi-vonatkozasaiba-valo-bevezetes\/","url":"https:\/\/futureg.sk\/hu\/az-online-zaklatas-megelozese-az-iskolai-meditacio-segitsegevel-es-a-cyberbullying-jogi-vonatkozasaiba-valo-bevezetes\/","name":"Az online zaklat\u00e1s megel\u0151z\u00e9se az iskolai medit\u00e1ci\u00f3 seg\u00edts\u00e9g\u00e9vel \u00e9s a cyberbullying jogi vonatkoz\u00e1saiba val\u00f3 bevezet\u00e9s - FutuReg PT","isPartOf":{"@id":"https:\/\/futureg.sk\/hu\/#website"},"primaryImageOfPage":{"@id":"https:\/\/futureg.sk\/hu\/az-online-zaklatas-megelozese-az-iskolai-meditacio-segitsegevel-es-a-cyberbullying-jogi-vonatkozasaiba-valo-bevezetes\/#primaryimage"},"image":{"@id":"https:\/\/futureg.sk\/hu\/az-online-zaklatas-megelozese-az-iskolai-meditacio-segitsegevel-es-a-cyberbullying-jogi-vonatkozasaiba-valo-bevezetes\/#primaryimage"},"thumbnailUrl":"https:\/\/futureg.sk\/hu\/wp-content\/uploads\/sites\/2\/2023\/06\/349117117_1038907270611188_8403076404676695012_n.jpeg","datePublished":"2023-06-22T10:15:57+00:00","author":{"@id":"https:\/\/futureg.sk\/hu\/#\/schema\/person\/518b442bed43b4de56cffe5383786d4d"},"breadcrumb":{"@id":"https:\/\/futureg.sk\/hu\/az-online-zaklatas-megelozese-az-iskolai-meditacio-segitsegevel-es-a-cyberbullying-jogi-vonatkozasaiba-valo-bevezetes\/#breadcrumb"},"inLanguage":"hu","potentialAction":[{"@type":"ReadAction","target":["https:\/\/futureg.sk\/hu\/az-online-zaklatas-megelozese-az-iskolai-meditacio-segitsegevel-es-a-cyberbullying-jogi-vonatkozasaiba-valo-bevezetes\/"]}]},{"@type":"ImageObject","inLanguage":"hu","@id":"https:\/\/futureg.sk\/hu\/az-online-zaklatas-megelozese-az-iskolai-meditacio-segitsegevel-es-a-cyberbullying-jogi-vonatkozasaiba-valo-bevezetes\/#primaryimage","url":"https:\/\/futureg.sk\/hu\/wp-content\/uploads\/sites\/2\/2023\/06\/349117117_1038907270611188_8403076404676695012_n.jpeg","contentUrl":"https:\/\/futureg.sk\/hu\/wp-content\/uploads\/sites\/2\/2023\/06\/349117117_1038907270611188_8403076404676695012_n.jpeg","width":1640,"height":924},{"@type":"BreadcrumbList","@id":"https:\/\/futureg.sk\/hu\/az-online-zaklatas-megelozese-az-iskolai-meditacio-segitsegevel-es-a-cyberbullying-jogi-vonatkozasaiba-valo-bevezetes\/#breadcrumb","itemListElement":[{"@type":"ListItem","position":1,"name":"Home","item":"https:\/\/futureg.sk\/hu\/"},{"@type":"ListItem","position":2,"name":"Az online zaklat\u00e1s megel\u0151z\u00e9se az iskolai medit\u00e1ci\u00f3 seg\u00edts\u00e9g\u00e9vel \u00e9s a cyberbullying jogi vonatkoz\u00e1saiba val\u00f3 bevezet\u00e9s"}]},{"@type":"WebSite","@id":"https:\/\/futureg.sk\/hu\/#website","url":"https:\/\/futureg.sk\/hu\/","name":"FutuReg PT","description":"R\u00e9gi\u00f3nk \u00e9s gyermekeink fejleszt\u00e9s\u00e9\u00e9rt","potentialAction":[{"@type":"SearchAction","target":{"@type":"EntryPoint","urlTemplate":"https:\/\/futureg.sk\/hu\/?s={search_term_string}"},"query-input":{"@type":"PropertyValueSpecification","valueRequired":true,"valueName":"search_term_string"}}],"inLanguage":"hu"},{"@type":"Person","@id":"https:\/\/futureg.sk\/hu\/#\/schema\/person\/518b442bed43b4de56cffe5383786d4d","name":"emma","image":{"@type":"ImageObject","inLanguage":"hu","@id":"https:\/\/futureg.sk\/hu\/#\/schema\/person\/image\/","url":"https:\/\/secure.gravatar.com\/avatar\/d2d398e4892c0f636227380b1236e93743439718458f0c6a73763da6bbd853d3?s=96&d=mm&r=g","contentUrl":"https:\/\/secure.gravatar.com\/avatar\/d2d398e4892c0f636227380b1236e93743439718458f0c6a73763da6bbd853d3?s=96&d=mm&r=g","caption":"emma"},"url":"https:\/\/futureg.sk\/hu\/author\/emma\/"}]}},"_links":{"self":[{"href":"https:\/\/futureg.sk\/hu\/wp-json\/wp\/v2\/posts\/750","targetHints":{"allow":["GET"]}}],"collection":[{"href":"https:\/\/futureg.sk\/hu\/wp-json\/wp\/v2\/posts"}],"about":[{"href":"https:\/\/futureg.sk\/hu\/wp-json\/wp\/v2\/types\/post"}],"author":[{"embeddable":true,"href":"https:\/\/futureg.sk\/hu\/wp-json\/wp\/v2\/users\/9"}],"replies":[{"embeddable":true,"href":"https:\/\/futureg.sk\/hu\/wp-json\/wp\/v2\/comments?post=750"}],"version-history":[{"count":1,"href":"https:\/\/futureg.sk\/hu\/wp-json\/wp\/v2\/posts\/750\/revisions"}],"predecessor-version":[{"id":752,"href":"https:\/\/futureg.sk\/hu\/wp-json\/wp\/v2\/posts\/750\/revisions\/752"}],"wp:featuredmedia":[{"embeddable":true,"href":"https:\/\/futureg.sk\/hu\/wp-json\/wp\/v2\/media\/751"}],"wp:attachment":[{"href":"https:\/\/futureg.sk\/hu\/wp-json\/wp\/v2\/media?parent=750"}],"wp:term":[{"taxonomy":"category","embeddable":true,"href":"https:\/\/futureg.sk\/hu\/wp-json\/wp\/v2\/categories?post=750"},{"taxonomy":"post_tag","embeddable":true,"href":"https:\/\/futureg.sk\/hu\/wp-json\/wp\/v2\/tags?post=750"}],"curies":[{"name":"wp","href":"https:\/\/api.w.org\/{rel}","templated":true}]}}