{"id":740,"date":"2023-05-31T12:06:03","date_gmt":"2023-05-31T12:06:03","guid":{"rendered":"https:\/\/futureg.sk\/hu\/?p=740"},"modified":"2023-05-31T12:06:03","modified_gmt":"2023-05-31T12:06:03","slug":"workshop-a-munkanelkuli-nok-szamara","status":"publish","type":"post","link":"https:\/\/futureg.sk\/hu\/workshop-a-munkanelkuli-nok-szamara\/","title":{"rendered":"Workshop a munkan\u00e9lk\u00fcli n\u0151k sz\u00e1m\u00e1ra"},"content":{"rendered":"<p><strong>M\u00e1jus 22. \u00e9s 24. k\u00f6z\u00f6tt a szlov\u00e9niai Velenje v\u00e1ros\u00e1ban ker\u00fclt sor a WOWIT nemzetk\u00f6zi projekt keret\u00e9ben a partnerek utols\u00f3 k\u00f6z\u00f6s tal\u00e1lkoz\u00f3j\u00e1ra &#8211; workshopj\u00e1ra. A workshop t\u00e9m\u00e1ja els\u0151sorban \u00a0a munkan\u00e9lk\u00fcliek megseg\u00edt\u00e9s\u00e9re ir\u00e1nyult , amelyet a szlov\u00e9n Dru\u0161tvo Novus partnerszervezet szervezett, amely sok \u00e9ves tapasztalattal rendelkezik t\u00f6bbek k\u00f6z\u00f6tt a munkan\u00e9lk\u00fcliekkel val\u00f3 munka ter\u00e9n.<\/strong><\/p>\n<p>A Dru\u0161tvo Novus szervezet h\u00e1romnapos workshopot k\u00e9sz\u00edtett, amely k\u00fcl\u00f6nf\u00e9le gyakorlati szemin\u00e1riumokat \u00e9s kifejezetten a munkan\u00e9lk\u00fcliek t\u00e1mogat\u00e1s\u00e1t c\u00e9lz\u00f3 tev\u00e9kenys\u00e9geket tartalmazott. Emellett a rendezv\u00e9nyen a v\u00e1llalkoz\u00e1st\u00e1mogat\u00e1s, az \u00f6nk\u00e9ntess\u00e9g, a mentor\u00e1l\u00e1s, a civil egyes\u00fcletek m\u0171k\u00f6d\u00e9se, az eg\u00e9sz \u00e9leten \u00e1t tart\u00f3 tanul\u00e1s is sz\u00f3ba ker\u00fclt, a partnerorsz\u00e1gok legjobb gyakorlatai &#8211; az \u00fan. best practice &#8211; bemutat\u00e1sa mellett.<\/p>\n<p>A szemin\u00e1riumok magas szakmai sz\u00ednvonal\u00e1t a k\u00fcl\u00f6nb\u00f6z\u0151 szakm\u00e1kban dolgoz\u00f3, az adott ter\u00fcleteken t\u00f6bb \u00e9ves tapasztalattal rendelkez\u0151 r\u00e9sztvev\u0151k t\u00e1mogatt\u00e1k, \u00edgy r\u00e9szletes \u00e9s nagyon gyakorlatias inform\u00e1ci\u00f3kkal, tapasztalatokkal tudtak szolg\u00e1lni.<\/p>\n<p>A workshopr\u00f3l nem hi\u00e1nyozhattak a partnerszervezetek: a cseh Rovnov\u00e1\u017eka \u00e9s a szlov\u00e1kiai Futureg, valamint ezen orsz\u00e1gokb\u00f3l tov\u00e1bbi vend\u00e9gek is r\u00e9szt vettek a rendezv\u00e9nyen.<\/p>\n<p>A program r\u00e9szei voltak a kora esti k\u00f6tetlen rendezv\u00e9nyek is, amelyek sor\u00e1n a szlov\u00e9n partnerek bemutatt\u00e1k Velenje v\u00e1ros\u00e1t \u00e9s a szlov\u00e9n r\u00e9gi\u00f3 egy r\u00e9sz\u00e9t.<\/p>\n<p>H\u00e1rom intenz\u00edv napos rendezv\u00e9ny ut\u00e1n elk\u00f6sz\u00f6nt\u00fcnk partnereinkt\u0151l, de tudv\u00e1n, hogy ez az egy\u00fcttm\u0171k\u00f6d\u00e9s csak a kezdete volt a k\u00f6z\u00f6s tev\u00e9kenys\u00e9g\u00fcnknek, \u00e9s a WOWIT projekt befejez\u00e9se ut\u00e1n is kapcsolatban maradunk. Sz\u00e1munkra \u00e9s partnereink sz\u00e1m\u00e1ra a n\u0151k munkaer\u0151-piaci elhelyezked\u00e9s\u00e9nek k\u00e9rd\u00e9se hossz\u00fa t\u00e1v\u00fa projekt. \u00d6r\u00fcl\u00fcnk, hogy az Eur\u00f3pai Uni\u00f3 t\u00e1mogat\u00e1s\u00e1val rendk\u00edv\u00fcl inspir\u00e1l\u00f3 \u00e9s \u00e9rdekes szem\u00e9lyis\u00e9geket ismerhett\u00fcnk meg \u00e9s tev\u00e9kenys\u00e9g\u00fcnkkel hozz\u00e1j\u00e1rulhattunk \u00e9s t\u00e1mogathattunk m\u00e1s, a t\u00e9m\u00e1val foglalkoz\u00f3 tev\u00e9kenys\u00e9geket, egyes\u00fcleteket, szem\u00e9lyeket.<\/p>\n<p>A projekt az Eur\u00f3pai \u00dani\u00f3 t\u00e1mogat\u00e1s\u00e1val j\u00f6tt l\u00e9tre \u2013 2021-1-SK01-KA210-ADU-000034089<\/p>\n<p><img loading=\"lazy\" decoding=\"async\" class=\"alignnone size-medium wp-image-737\" src=\"https:\/\/futureg.sk\/hu\/wp-content\/uploads\/sites\/2\/2023\/05\/EN-Co-funded-by-the-EU_POS-300x63.jpg\" alt=\"\" width=\"300\" height=\"63\" srcset=\"https:\/\/futureg.sk\/hu\/wp-content\/uploads\/sites\/2\/2023\/05\/EN-Co-funded-by-the-EU_POS-300x63.jpg 300w, https:\/\/futureg.sk\/hu\/wp-content\/uploads\/sites\/2\/2023\/05\/EN-Co-funded-by-the-EU_POS-1024x215.jpg 1024w, https:\/\/futureg.sk\/hu\/wp-content\/uploads\/sites\/2\/2023\/05\/EN-Co-funded-by-the-EU_POS-768x161.jpg 768w, https:\/\/futureg.sk\/hu\/wp-content\/uploads\/sites\/2\/2023\/05\/EN-Co-funded-by-the-EU_POS-1536x322.jpg 1536w, https:\/\/futureg.sk\/hu\/wp-content\/uploads\/sites\/2\/2023\/05\/EN-Co-funded-by-the-EU_POS-2048x430.jpg 2048w\" sizes=\"auto, (max-width: 300px) 100vw, 300px\" \/> <img loading=\"lazy\" decoding=\"async\" class=\"alignnone size-medium wp-image-673\" src=\"https:\/\/futureg.sk\/hu\/wp-content\/uploads\/sites\/2\/2023\/01\/Copy-of-1200px-Erasmus_Logo.svg1_-300x86.png\" alt=\"\" width=\"300\" height=\"86\" srcset=\"https:\/\/futureg.sk\/hu\/wp-content\/uploads\/sites\/2\/2023\/01\/Copy-of-1200px-Erasmus_Logo.svg1_-300x86.png 300w, https:\/\/futureg.sk\/hu\/wp-content\/uploads\/sites\/2\/2023\/01\/Copy-of-1200px-Erasmus_Logo.svg1_-1024x294.png 1024w, https:\/\/futureg.sk\/hu\/wp-content\/uploads\/sites\/2\/2023\/01\/Copy-of-1200px-Erasmus_Logo.svg1_-768x220.png 768w, https:\/\/futureg.sk\/hu\/wp-content\/uploads\/sites\/2\/2023\/01\/Copy-of-1200px-Erasmus_Logo.svg1_.png 1200w\" sizes=\"auto, (max-width: 300px) 100vw, 300px\" \/><\/p>\n","protected":false},"excerpt":{"rendered":"<p>M\u00e1jus 22. \u00e9s 24. k\u00f6z\u00f6tt a szlov\u00e9niai Velenje v\u00e1ros\u00e1ban ker\u00fclt sor a WOWIT nemzetk\u00f6zi projekt keret\u00e9ben a partnerek utols\u00f3 k\u00f6z\u00f6s tal\u00e1lkoz\u00f3j\u00e1ra &#8211; workshopj\u00e1ra. A workshop t\u00e9m\u00e1ja els\u0151sorban \u00a0a munkan\u00e9lk\u00fcliek megseg\u00edt\u00e9s\u00e9re ir\u00e1nyult , amelyet a szlov\u00e9n Dru\u0161tvo Novus partnerszervezet szervezett, amely sok \u00e9ves tapasztalattal rendelkezik t\u00f6bbek k\u00f6z\u00f6tt a munkan\u00e9lk\u00fcliekkel val\u00f3 munka ter\u00e9n. A Dru\u0161tvo Novus szervezet [&hellip;]<\/p>\n","protected":false},"author":5,"featured_media":741,"comment_status":"closed","ping_status":"open","sticky":false,"template":"","format":"standard","meta":{"_monsterinsights_skip_tracking":false,"_monsterinsights_sitenote_active":false,"_monsterinsights_sitenote_note":"","_monsterinsights_sitenote_category":0,"footnotes":""},"categories":[1],"tags":[],"class_list":["post-740","post","type-post","status-publish","format-standard","has-post-thumbnail","hentry","category-workshop"],"yoast_head":"<!-- This site is optimized with the Yoast SEO plugin v26.1.1 - https:\/\/yoast.com\/wordpress\/plugins\/seo\/ -->\n<title>Workshop a munkan\u00e9lk\u00fcli n\u0151k sz\u00e1m\u00e1ra - FutuReg PT<\/title>\n<meta name=\"robots\" content=\"index, follow, max-snippet:-1, max-image-preview:large, max-video-preview:-1\" \/>\n<link rel=\"canonical\" href=\"https:\/\/futureg.sk\/hu\/workshop-a-munkanelkuli-nok-szamara\/\" \/>\n<meta property=\"og:locale\" content=\"hu_HU\" \/>\n<meta property=\"og:type\" content=\"article\" \/>\n<meta property=\"og:title\" content=\"Workshop a munkan\u00e9lk\u00fcli n\u0151k sz\u00e1m\u00e1ra - FutuReg PT\" \/>\n<meta property=\"og:description\" content=\"M\u00e1jus 22. \u00e9s 24. k\u00f6z\u00f6tt a szlov\u00e9niai Velenje v\u00e1ros\u00e1ban ker\u00fclt sor a WOWIT nemzetk\u00f6zi projekt keret\u00e9ben a partnerek utols\u00f3 k\u00f6z\u00f6s tal\u00e1lkoz\u00f3j\u00e1ra &#8211; workshopj\u00e1ra. A workshop t\u00e9m\u00e1ja els\u0151sorban \u00a0a munkan\u00e9lk\u00fcliek megseg\u00edt\u00e9s\u00e9re ir\u00e1nyult , amelyet a szlov\u00e9n Dru\u0161tvo Novus partnerszervezet szervezett, amely sok \u00e9ves tapasztalattal rendelkezik t\u00f6bbek k\u00f6z\u00f6tt a munkan\u00e9lk\u00fcliekkel val\u00f3 munka ter\u00e9n. A Dru\u0161tvo Novus szervezet [&hellip;]\" \/>\n<meta property=\"og:url\" content=\"https:\/\/futureg.sk\/hu\/workshop-a-munkanelkuli-nok-szamara\/\" \/>\n<meta property=\"og:site_name\" content=\"FutuReg PT\" \/>\n<meta property=\"article:published_time\" content=\"2023-05-31T12:06:03+00:00\" \/>\n<meta property=\"og:image\" content=\"https:\/\/futureg.sk\/hu\/wp-content\/uploads\/sites\/2\/2023\/05\/112.jpg\" \/>\n\t<meta property=\"og:image:width\" content=\"1041\" \/>\n\t<meta property=\"og:image:height\" content=\"766\" \/>\n\t<meta property=\"og:image:type\" content=\"image\/jpeg\" \/>\n<meta name=\"author\" content=\"timi\" \/>\n<meta name=\"twitter:card\" content=\"summary_large_image\" \/>\n<meta name=\"twitter:label1\" content=\"Szerz\u0151:\" \/>\n\t<meta name=\"twitter:data1\" content=\"timi\" \/>\n\t<meta name=\"twitter:label2\" content=\"Becs\u00fclt olvas\u00e1si id\u0151\" \/>\n\t<meta name=\"twitter:data2\" content=\"2 perc\" \/>\n<script type=\"application\/ld+json\" class=\"yoast-schema-graph\">{\"@context\":\"https:\/\/schema.org\",\"@graph\":[{\"@type\":\"WebPage\",\"@id\":\"https:\/\/futureg.sk\/hu\/workshop-a-munkanelkuli-nok-szamara\/\",\"url\":\"https:\/\/futureg.sk\/hu\/workshop-a-munkanelkuli-nok-szamara\/\",\"name\":\"Workshop a munkan\u00e9lk\u00fcli n\u0151k sz\u00e1m\u00e1ra - FutuReg PT\",\"isPartOf\":{\"@id\":\"https:\/\/futureg.sk\/hu\/#website\"},\"primaryImageOfPage\":{\"@id\":\"https:\/\/futureg.sk\/hu\/workshop-a-munkanelkuli-nok-szamara\/#primaryimage\"},\"image\":{\"@id\":\"https:\/\/futureg.sk\/hu\/workshop-a-munkanelkuli-nok-szamara\/#primaryimage\"},\"thumbnailUrl\":\"https:\/\/futureg.sk\/hu\/wp-content\/uploads\/sites\/2\/2023\/05\/112.jpg\",\"datePublished\":\"2023-05-31T12:06:03+00:00\",\"author\":{\"@id\":\"https:\/\/futureg.sk\/hu\/#\/schema\/person\/8c3d3adcef6fb268dd3ad80cc08313a9\"},\"breadcrumb\":{\"@id\":\"https:\/\/futureg.sk\/hu\/workshop-a-munkanelkuli-nok-szamara\/#breadcrumb\"},\"inLanguage\":\"hu\",\"potentialAction\":[{\"@type\":\"ReadAction\",\"target\":[\"https:\/\/futureg.sk\/hu\/workshop-a-munkanelkuli-nok-szamara\/\"]}]},{\"@type\":\"ImageObject\",\"inLanguage\":\"hu\",\"@id\":\"https:\/\/futureg.sk\/hu\/workshop-a-munkanelkuli-nok-szamara\/#primaryimage\",\"url\":\"https:\/\/futureg.sk\/hu\/wp-content\/uploads\/sites\/2\/2023\/05\/112.jpg\",\"contentUrl\":\"https:\/\/futureg.sk\/hu\/wp-content\/uploads\/sites\/2\/2023\/05\/112.jpg\",\"width\":1041,\"height\":766},{\"@type\":\"BreadcrumbList\",\"@id\":\"https:\/\/futureg.sk\/hu\/workshop-a-munkanelkuli-nok-szamara\/#breadcrumb\",\"itemListElement\":[{\"@type\":\"ListItem\",\"position\":1,\"name\":\"Home\",\"item\":\"https:\/\/futureg.sk\/hu\/\"},{\"@type\":\"ListItem\",\"position\":2,\"name\":\"Workshop a munkan\u00e9lk\u00fcli n\u0151k sz\u00e1m\u00e1ra\"}]},{\"@type\":\"WebSite\",\"@id\":\"https:\/\/futureg.sk\/hu\/#website\",\"url\":\"https:\/\/futureg.sk\/hu\/\",\"name\":\"FutuReg PT\",\"description\":\"R\u00e9gi\u00f3nk \u00e9s gyermekeink fejleszt\u00e9s\u00e9\u00e9rt\",\"potentialAction\":[{\"@type\":\"SearchAction\",\"target\":{\"@type\":\"EntryPoint\",\"urlTemplate\":\"https:\/\/futureg.sk\/hu\/?s={search_term_string}\"},\"query-input\":{\"@type\":\"PropertyValueSpecification\",\"valueRequired\":true,\"valueName\":\"search_term_string\"}}],\"inLanguage\":\"hu\"},{\"@type\":\"Person\",\"@id\":\"https:\/\/futureg.sk\/hu\/#\/schema\/person\/8c3d3adcef6fb268dd3ad80cc08313a9\",\"name\":\"timi\",\"image\":{\"@type\":\"ImageObject\",\"inLanguage\":\"hu\",\"@id\":\"https:\/\/futureg.sk\/hu\/#\/schema\/person\/image\/\",\"url\":\"https:\/\/secure.gravatar.com\/avatar\/af1c964aa4a136b9ce9a1eafb9d5712eb4ff84cfd35c521bca275b021f8380c7?s=96&d=mm&r=g\",\"contentUrl\":\"https:\/\/secure.gravatar.com\/avatar\/af1c964aa4a136b9ce9a1eafb9d5712eb4ff84cfd35c521bca275b021f8380c7?s=96&d=mm&r=g\",\"caption\":\"timi\"},\"url\":\"https:\/\/futureg.sk\/hu\/author\/timi\/\"}]}<\/script>\n<!-- \/ Yoast SEO plugin. -->","yoast_head_json":{"title":"Workshop a munkan\u00e9lk\u00fcli n\u0151k sz\u00e1m\u00e1ra - FutuReg PT","robots":{"index":"index","follow":"follow","max-snippet":"max-snippet:-1","max-image-preview":"max-image-preview:large","max-video-preview":"max-video-preview:-1"},"canonical":"https:\/\/futureg.sk\/hu\/workshop-a-munkanelkuli-nok-szamara\/","og_locale":"hu_HU","og_type":"article","og_title":"Workshop a munkan\u00e9lk\u00fcli n\u0151k sz\u00e1m\u00e1ra - FutuReg PT","og_description":"M\u00e1jus 22. \u00e9s 24. k\u00f6z\u00f6tt a szlov\u00e9niai Velenje v\u00e1ros\u00e1ban ker\u00fclt sor a WOWIT nemzetk\u00f6zi projekt keret\u00e9ben a partnerek utols\u00f3 k\u00f6z\u00f6s tal\u00e1lkoz\u00f3j\u00e1ra &#8211; workshopj\u00e1ra. A workshop t\u00e9m\u00e1ja els\u0151sorban \u00a0a munkan\u00e9lk\u00fcliek megseg\u00edt\u00e9s\u00e9re ir\u00e1nyult , amelyet a szlov\u00e9n Dru\u0161tvo Novus partnerszervezet szervezett, amely sok \u00e9ves tapasztalattal rendelkezik t\u00f6bbek k\u00f6z\u00f6tt a munkan\u00e9lk\u00fcliekkel val\u00f3 munka ter\u00e9n. A Dru\u0161tvo Novus szervezet [&hellip;]","og_url":"https:\/\/futureg.sk\/hu\/workshop-a-munkanelkuli-nok-szamara\/","og_site_name":"FutuReg PT","article_published_time":"2023-05-31T12:06:03+00:00","og_image":[{"width":1041,"height":766,"url":"https:\/\/futureg.sk\/hu\/wp-content\/uploads\/sites\/2\/2023\/05\/112.jpg","type":"image\/jpeg"}],"author":"timi","twitter_card":"summary_large_image","twitter_misc":{"Szerz\u0151:":"timi","Becs\u00fclt olvas\u00e1si id\u0151":"2 perc"},"schema":{"@context":"https:\/\/schema.org","@graph":[{"@type":"WebPage","@id":"https:\/\/futureg.sk\/hu\/workshop-a-munkanelkuli-nok-szamara\/","url":"https:\/\/futureg.sk\/hu\/workshop-a-munkanelkuli-nok-szamara\/","name":"Workshop a munkan\u00e9lk\u00fcli n\u0151k sz\u00e1m\u00e1ra - FutuReg PT","isPartOf":{"@id":"https:\/\/futureg.sk\/hu\/#website"},"primaryImageOfPage":{"@id":"https:\/\/futureg.sk\/hu\/workshop-a-munkanelkuli-nok-szamara\/#primaryimage"},"image":{"@id":"https:\/\/futureg.sk\/hu\/workshop-a-munkanelkuli-nok-szamara\/#primaryimage"},"thumbnailUrl":"https:\/\/futureg.sk\/hu\/wp-content\/uploads\/sites\/2\/2023\/05\/112.jpg","datePublished":"2023-05-31T12:06:03+00:00","author":{"@id":"https:\/\/futureg.sk\/hu\/#\/schema\/person\/8c3d3adcef6fb268dd3ad80cc08313a9"},"breadcrumb":{"@id":"https:\/\/futureg.sk\/hu\/workshop-a-munkanelkuli-nok-szamara\/#breadcrumb"},"inLanguage":"hu","potentialAction":[{"@type":"ReadAction","target":["https:\/\/futureg.sk\/hu\/workshop-a-munkanelkuli-nok-szamara\/"]}]},{"@type":"ImageObject","inLanguage":"hu","@id":"https:\/\/futureg.sk\/hu\/workshop-a-munkanelkuli-nok-szamara\/#primaryimage","url":"https:\/\/futureg.sk\/hu\/wp-content\/uploads\/sites\/2\/2023\/05\/112.jpg","contentUrl":"https:\/\/futureg.sk\/hu\/wp-content\/uploads\/sites\/2\/2023\/05\/112.jpg","width":1041,"height":766},{"@type":"BreadcrumbList","@id":"https:\/\/futureg.sk\/hu\/workshop-a-munkanelkuli-nok-szamara\/#breadcrumb","itemListElement":[{"@type":"ListItem","position":1,"name":"Home","item":"https:\/\/futureg.sk\/hu\/"},{"@type":"ListItem","position":2,"name":"Workshop a munkan\u00e9lk\u00fcli n\u0151k sz\u00e1m\u00e1ra"}]},{"@type":"WebSite","@id":"https:\/\/futureg.sk\/hu\/#website","url":"https:\/\/futureg.sk\/hu\/","name":"FutuReg PT","description":"R\u00e9gi\u00f3nk \u00e9s gyermekeink fejleszt\u00e9s\u00e9\u00e9rt","potentialAction":[{"@type":"SearchAction","target":{"@type":"EntryPoint","urlTemplate":"https:\/\/futureg.sk\/hu\/?s={search_term_string}"},"query-input":{"@type":"PropertyValueSpecification","valueRequired":true,"valueName":"search_term_string"}}],"inLanguage":"hu"},{"@type":"Person","@id":"https:\/\/futureg.sk\/hu\/#\/schema\/person\/8c3d3adcef6fb268dd3ad80cc08313a9","name":"timi","image":{"@type":"ImageObject","inLanguage":"hu","@id":"https:\/\/futureg.sk\/hu\/#\/schema\/person\/image\/","url":"https:\/\/secure.gravatar.com\/avatar\/af1c964aa4a136b9ce9a1eafb9d5712eb4ff84cfd35c521bca275b021f8380c7?s=96&d=mm&r=g","contentUrl":"https:\/\/secure.gravatar.com\/avatar\/af1c964aa4a136b9ce9a1eafb9d5712eb4ff84cfd35c521bca275b021f8380c7?s=96&d=mm&r=g","caption":"timi"},"url":"https:\/\/futureg.sk\/hu\/author\/timi\/"}]}},"_links":{"self":[{"href":"https:\/\/futureg.sk\/hu\/wp-json\/wp\/v2\/posts\/740","targetHints":{"allow":["GET"]}}],"collection":[{"href":"https:\/\/futureg.sk\/hu\/wp-json\/wp\/v2\/posts"}],"about":[{"href":"https:\/\/futureg.sk\/hu\/wp-json\/wp\/v2\/types\/post"}],"author":[{"embeddable":true,"href":"https:\/\/futureg.sk\/hu\/wp-json\/wp\/v2\/users\/5"}],"replies":[{"embeddable":true,"href":"https:\/\/futureg.sk\/hu\/wp-json\/wp\/v2\/comments?post=740"}],"version-history":[{"count":1,"href":"https:\/\/futureg.sk\/hu\/wp-json\/wp\/v2\/posts\/740\/revisions"}],"predecessor-version":[{"id":742,"href":"https:\/\/futureg.sk\/hu\/wp-json\/wp\/v2\/posts\/740\/revisions\/742"}],"wp:featuredmedia":[{"embeddable":true,"href":"https:\/\/futureg.sk\/hu\/wp-json\/wp\/v2\/media\/741"}],"wp:attachment":[{"href":"https:\/\/futureg.sk\/hu\/wp-json\/wp\/v2\/media?parent=740"}],"wp:term":[{"taxonomy":"category","embeddable":true,"href":"https:\/\/futureg.sk\/hu\/wp-json\/wp\/v2\/categories?post=740"},{"taxonomy":"post_tag","embeddable":true,"href":"https:\/\/futureg.sk\/hu\/wp-json\/wp\/v2\/tags?post=740"}],"curies":[{"name":"wp","href":"https:\/\/api.w.org\/{rel}","templated":true}]}}