{"id":701,"date":"2023-04-26T18:52:27","date_gmt":"2023-04-26T18:52:27","guid":{"rendered":"https:\/\/futureg.sk\/hu\/?p=701"},"modified":"2023-05-03T10:54:19","modified_gmt":"2023-05-03T10:54:19","slug":"digit4all-konferencia","status":"publish","type":"post","link":"https:\/\/futureg.sk\/hu\/digit4all-konferencia\/","title":{"rendered":"DIGIT4All konferencia"},"content":{"rendered":"<p>\u00c1prilis 20.-\u00e9n \u00e9s 21.-\u00e9n a pozsonyi Duna utcai alapiskola \u00e9s gimn\u00e1zium adott teret a DIGIT4All Erasmus + projekt egyik rendezv\u00e9ny\u00e9nek, amelyre magyarorsz\u00e1gi \u00e9s szlov\u00e1kiai civil szervezetek kaptam megh\u00edv\u00e1st. A DIGIT4All c\u00e9lja, hogy \u00faj, alternat\u00edv, \u00faj\u00edt\u00f3 megl\u00e1t\u00e1sokkal, m\u00f3dszerekkel seg\u00edtse azon fiatalokat, akik a digit\u00e1lis vil\u00e1g kih\u00edv\u00e1saival \u00e9s vesz\u00e9lyeivel szemben v\u00e9dtelenek. A projekt t\u00e9m\u00e1i k\u00f6zt szerepel a hamis inform\u00e1ci\u00f3k felismer\u00e9se, a cyberbullying megel\u0151z\u00e9se, a digit\u00e1lis eszk\u00f6z\u00f6k megfelel\u0151 haszn\u00e1lata, biztons\u00e1gos tartalommegoszt\u00e1s, emellett pedig mentorprogram keret\u00e9n bel\u00fcl t\u00edz fiatal nem form\u00e1lis k\u00e9pz\u00e9s\u00e9t is biztos\u00edtja. (A projekt sz\u00e1ma 2022-1-SK02-KA210-YOU-000083196 \u00e9s az Eur\u00f3pai Uni\u00f3 t\u00e1mogatja.)<\/p>\n<p>A DIGIT4All vezet\u0151 partnere a szlov\u00e1kiai Futureg PT, a szervezet eln\u00f6k\u00e9nek, Bott Domonkos L\u00edvia a program els\u0151 napj\u00e1n elmondta, a rendezv\u00e9ny gyakorlati m\u00f3dszerek megoszt\u00e1s\u00e1t t\u0171zte kis c\u00e9lj\u00e1ul, amellett, hogy kapcsolat\u00e9p\u00edt\u00e9sre szolg\u00e1l. A rendezv\u00e9nyt Morvay Katalin, az MTAG igazgat\u00f3n\u0151je nyitotta meg, majd a DIGIT4All projekt vezet\u0151je, M\u00e9sz\u00e1ros Krisztina ismertette a programot \u00e9s annak c\u00e9lj\u00e1t.<\/p>\n<p>Sill Zsuzsanna, az MTAG inkluz\u00edv csapat\u00e1nak vezet\u0151je kapott sz\u00f3t, aki bemutatta az iskola mentorprogramj\u00e1t, el\u0151ad\u00e1s\u00e1ban hangs\u00falyt fektetett a program m\u00f3dszertani alapjaira, a di\u00e1kok kitart\u00f3 munk\u00e1j\u00e1ra.<\/p>\n<p>Cs\u00fct\u00f6rt\u00f6k\u00f6n a magyarorsz\u00e1gi vend\u00e9gel\u0151ad\u00f3k egyike a Fiatalok a nemzet\u00e9rt Alap\u00edtv\u00e1ny munkat\u00e1rsa, Kov\u00e1cs Zs\u00f3fia is kihangs\u00falyozta, t\u00f6bb, fiataloknak sz\u00f3l\u00f3 programjuk c\u00e9lir\u00e1nyosan olyan, amire sz\u00edvesen j\u00e1rnak m\u00e9g azok is, akiket egy\u00e9bk\u00e9nt az online vil\u00e1g kereteib\u0151l neh\u00e9z kimozd\u00edtani. Csanda Tam\u00e1s a Pozsonyban m\u0171k\u00f6d\u0151 szakkol\u00e9gium munk\u00e1j\u00e1val, tev\u00e9kenys\u00e9g\u00e9vel kapcsolatban osztotta meg gondolatait. Az int\u00e9zm\u00e9ny nemcsak koll\u00e9gium, oltalma alatt egy \u00f6sszetart\u00f3 k\u00f6z\u00f6ss\u00e9g is m\u0171k\u00f6dik, amely k\u00e9pz\u00e9si, fejl\u0151d\u00e9si lehet\u0151s\u00e9get k\u00edn\u00e1l tehets\u00e9ges di\u00e1koknak az iskol\u00e1n k\u00edv\u00fcl zajl\u00f3 fejleszt\u00e9sre is.<\/p>\n<p>A szervez\u0151k nagy \u00f6r\u00f6m\u00e9re olyan el\u0151ad\u00f3k is hozz\u00e1j\u00e1rultak az esem\u00e9ny sz\u00ednvonal\u00e1hoz, akik fiatal feln\u0151ttk\u00e9nt m\u00e1r tapasztalataikr\u00f3l tudtak mes\u00e9lni. P\u00e9nteken Pomichal Vajk, a nagyszombati egyetem doktorandusza tartott el\u0151ad\u00e1st a DIGEQ projektben el\u00e9rt eredm\u00e9nyekr\u0151l, mes\u00e9lt olyan \u00faj fejleszt\u00e9sekr\u0151l, amelyek a hamis inform\u00e1ci\u00f3k felismer\u00e9s\u00e9ben seg\u00edti a fiatalokat.<\/p>\n<p>A p\u00e9nteki programon Lelkes Dominik is r\u00e9sztvett, aki bemutatta a K\u00f6z\u00f6sen az Eur\u00f3pia Uni\u00f3\u00e9rt programot. Szerinte kiemelten fontos lenne a di\u00e1kokkal megismertetni az EU val\u00f3s m\u0171k\u00f6d\u00e9s\u00e9t, lehet\u0151s\u00e9geit, mert ezen a ter\u00fcleten is hajlamosak vagyunk r\u00e9szismeretekre t\u00e1maszkodva, k\u00f6nnyen legyinteni.<\/p>\n<p>Zollei Patr\u00edcia, utols\u00f3 \u00e9ves egyetemista, A fiatolok az Eur\u00f3pai Uni\u00f3ban c\u00edmmel tartott bemutat\u00f3t. T\u00f6bb el\u0151ad\u00f3 is kiv\u00e1l\u00f3 \u00f6tletekkel l\u00e1tott el benn\u00fcnket, k\u00f6zt\u00fck Ivett Pavlis, aki jog\u00e1szk\u00e9nt, medi\u00e1tork\u00e9nt \u00e9s pedag\u00f3gusk\u00e9nt az \u00faj, nem form\u00e1lis tan\u00edt\u00e1si eszk\u00f6z\u00f6kre h\u00edvta fel a figyelmet. Vend\u00e9g\u00fcnk volt a K\u00f6zh\u00e1l\u00f3 Egyes\u00fclet eln\u00f6ke is, aki tev\u00e9kenys\u00e9g\u00fcket mutatta be \u00e9s az Alternat\u00edva Egyes\u00fcletb\u0151l Boross Tam\u00e1s besz\u00e9lt a magyarorsz\u00e1gi tapasztalatair\u00f3l, a m\u00e9di\u00e1k helyreigaz\u00edt\u00e1si elj\u00e1r\u00e1sa kapcs\u00e1n, amely legink\u00e1bb a hamis h\u00edrek elleni k\u00fczdelemben lehet fontos.<\/p>\n<p>A k\u00e9t nap tartalmas \u00e9s fontos volt, amelynek r\u00e9sze a v\u00e1rosn\u00e9z\u00e9s, a k\u00f6z\u00f6ss\u00e9g \u00e9p\u00edt\u00e9se is volt.<\/p>\n<p>A projekthoz lehet kapcsol\u00f3dni, hiszen m\u00e9g mindig v\u00e1rj\u00e1k azon fiatalok jelentkez\u00e9s\u00e9t, akik online k\u00e9pz\u00e9sek mellett tanuln\u00e1nak \u00e9s fejl\u0151dn\u00e9nek ebben a t\u00e9m\u00e1ban. A legkitart\u00f3bbak pedig augusztusban Szegedre utazhatnak, ahol n\u00e9gy \u00e9jszak\u00e1t t\u00f6lthetnek \u00e9s saj\u00e1t maguk \u00e1ltal meghat\u00e1rozott c\u00e9l megval\u00f3s\u00edt\u00e1s\u00e1n dolgozn\u00e1nak.<\/p>\n<p>&nbsp;<\/p>\n<div id='gallery-1' class='gallery galleryid-701 gallery-columns-3 gallery-size-thumbnail'><figure class='gallery-item'>\n\t\t\t<div class='gallery-icon landscape'>\n\t\t\t\t<a href='https:\/\/futureg.sk\/hu\/wp-content\/uploads\/sites\/2\/2023\/04\/9B0123CC-0B58-4AF5-990F-EA439F9F711E-scaled.jpeg'><img loading=\"lazy\" decoding=\"async\" width=\"150\" height=\"150\" src=\"https:\/\/futureg.sk\/hu\/wp-content\/uploads\/sites\/2\/2023\/04\/9B0123CC-0B58-4AF5-990F-EA439F9F711E-150x150.jpeg\" class=\"attachment-thumbnail size-thumbnail\" alt=\"\" \/><\/a>\n\t\t\t<\/div><\/figure><figure class='gallery-item'>\n\t\t\t<div class='gallery-icon landscape'>\n\t\t\t\t<a href='https:\/\/futureg.sk\/hu\/wp-content\/uploads\/sites\/2\/2023\/04\/F4A0811B-580B-4A55-96FF-45A561D77F13-scaled.jpeg'><img loading=\"lazy\" decoding=\"async\" width=\"150\" height=\"150\" src=\"https:\/\/futureg.sk\/hu\/wp-content\/uploads\/sites\/2\/2023\/04\/F4A0811B-580B-4A55-96FF-45A561D77F13-150x150.jpeg\" class=\"attachment-thumbnail size-thumbnail\" alt=\"\" \/><\/a>\n\t\t\t<\/div><\/figure><figure class='gallery-item'>\n\t\t\t<div class='gallery-icon landscape'>\n\t\t\t\t<a href='https:\/\/futureg.sk\/hu\/wp-content\/uploads\/sites\/2\/2023\/04\/4B0BF4D8-38C3-4C85-BE9D-ED2C0FF36D93-scaled.jpeg'><img loading=\"lazy\" decoding=\"async\" width=\"150\" height=\"150\" src=\"https:\/\/futureg.sk\/hu\/wp-content\/uploads\/sites\/2\/2023\/04\/4B0BF4D8-38C3-4C85-BE9D-ED2C0FF36D93-150x150.jpeg\" class=\"attachment-thumbnail size-thumbnail\" alt=\"\" \/><\/a>\n\t\t\t<\/div><\/figure><figure class='gallery-item'>\n\t\t\t<div class='gallery-icon landscape'>\n\t\t\t\t<a href='https:\/\/futureg.sk\/hu\/wp-content\/uploads\/sites\/2\/2023\/04\/1661EBD7-7AFC-4143-89D2-1F01CA8148B8-scaled.jpeg'><img loading=\"lazy\" decoding=\"async\" width=\"150\" height=\"150\" src=\"https:\/\/futureg.sk\/hu\/wp-content\/uploads\/sites\/2\/2023\/04\/1661EBD7-7AFC-4143-89D2-1F01CA8148B8-150x150.jpeg\" class=\"attachment-thumbnail size-thumbnail\" alt=\"\" \/><\/a>\n\t\t\t<\/div><\/figure><figure class='gallery-item'>\n\t\t\t<div class='gallery-icon landscape'>\n\t\t\t\t<a href='https:\/\/futureg.sk\/hu\/wp-content\/uploads\/sites\/2\/2023\/04\/3AE49FE9-1D4E-4996-89C2-306CE139B341-scaled.jpeg'><img loading=\"lazy\" decoding=\"async\" width=\"150\" height=\"150\" src=\"https:\/\/futureg.sk\/hu\/wp-content\/uploads\/sites\/2\/2023\/04\/3AE49FE9-1D4E-4996-89C2-306CE139B341-150x150.jpeg\" class=\"attachment-thumbnail size-thumbnail\" alt=\"\" \/><\/a>\n\t\t\t<\/div><\/figure>\n\t\t<\/div>\n\n","protected":false},"excerpt":{"rendered":"<p>\u00c1prilis 20.-\u00e9n \u00e9s 21.-\u00e9n a pozsonyi Duna utcai alapiskola \u00e9s gimn\u00e1zium adott teret a DIGIT4All Erasmus + projekt egyik rendezv\u00e9ny\u00e9nek, amelyre magyarorsz\u00e1gi \u00e9s szlov\u00e1kiai civil szervezetek kaptam megh\u00edv\u00e1st. A DIGIT4All c\u00e9lja, hogy \u00faj, alternat\u00edv, \u00faj\u00edt\u00f3 megl\u00e1t\u00e1sokkal, m\u00f3dszerekkel seg\u00edtse azon fiatalokat, akik a digit\u00e1lis vil\u00e1g kih\u00edv\u00e1saival \u00e9s vesz\u00e9lyeivel szemben v\u00e9dtelenek. A projekt t\u00e9m\u00e1i k\u00f6zt szerepel a [&hellip;]<\/p>\n","protected":false},"author":3,"featured_media":702,"comment_status":"closed","ping_status":"open","sticky":false,"template":"","format":"standard","meta":{"_monsterinsights_skip_tracking":false,"_monsterinsights_sitenote_active":false,"_monsterinsights_sitenote_note":"","_monsterinsights_sitenote_category":0,"footnotes":""},"categories":[26],"tags":[33],"class_list":["post-701","post","type-post","status-publish","format-standard","has-post-thumbnail","hentry","category-erasmusplus","tag-digit4all"],"yoast_head":"<!-- This site is optimized with the Yoast SEO plugin v26.1.1 - https:\/\/yoast.com\/wordpress\/plugins\/seo\/ -->\n<title>DIGIT4All konferencia - FutuReg PT<\/title>\n<meta name=\"robots\" content=\"index, follow, max-snippet:-1, max-image-preview:large, max-video-preview:-1\" \/>\n<link rel=\"canonical\" href=\"https:\/\/futureg.sk\/hu\/digit4all-konferencia\/\" \/>\n<meta property=\"og:locale\" content=\"hu_HU\" \/>\n<meta property=\"og:type\" content=\"article\" \/>\n<meta property=\"og:title\" content=\"DIGIT4All konferencia - FutuReg PT\" \/>\n<meta property=\"og:description\" content=\"\u00c1prilis 20.-\u00e9n \u00e9s 21.-\u00e9n a pozsonyi Duna utcai alapiskola \u00e9s gimn\u00e1zium adott teret a DIGIT4All Erasmus + projekt egyik rendezv\u00e9ny\u00e9nek, amelyre magyarorsz\u00e1gi \u00e9s szlov\u00e1kiai civil szervezetek kaptam megh\u00edv\u00e1st. A DIGIT4All c\u00e9lja, hogy \u00faj, alternat\u00edv, \u00faj\u00edt\u00f3 megl\u00e1t\u00e1sokkal, m\u00f3dszerekkel seg\u00edtse azon fiatalokat, akik a digit\u00e1lis vil\u00e1g kih\u00edv\u00e1saival \u00e9s vesz\u00e9lyeivel szemben v\u00e9dtelenek. A projekt t\u00e9m\u00e1i k\u00f6zt szerepel a [&hellip;]\" \/>\n<meta property=\"og:url\" content=\"https:\/\/futureg.sk\/hu\/digit4all-konferencia\/\" \/>\n<meta property=\"og:site_name\" content=\"FutuReg PT\" \/>\n<meta property=\"article:published_time\" content=\"2023-04-26T18:52:27+00:00\" \/>\n<meta property=\"article:modified_time\" content=\"2023-05-03T10:54:19+00:00\" \/>\n<meta property=\"og:image\" content=\"https:\/\/futureg.sk\/hu\/wp-content\/uploads\/sites\/2\/2023\/04\/9B0123CC-0B58-4AF5-990F-EA439F9F711E-scaled.jpeg\" \/>\n\t<meta property=\"og:image:width\" content=\"2560\" \/>\n\t<meta property=\"og:image:height\" content=\"1920\" \/>\n\t<meta property=\"og:image:type\" content=\"image\/jpeg\" \/>\n<meta name=\"author\" content=\"kitti\" \/>\n<meta name=\"twitter:card\" content=\"summary_large_image\" \/>\n<meta name=\"twitter:label1\" content=\"Szerz\u0151:\" \/>\n\t<meta name=\"twitter:data1\" content=\"kitti\" \/>\n\t<meta name=\"twitter:label2\" content=\"Becs\u00fclt olvas\u00e1si id\u0151\" \/>\n\t<meta name=\"twitter:data2\" content=\"3 perc\" \/>\n<script type=\"application\/ld+json\" class=\"yoast-schema-graph\">{\"@context\":\"https:\/\/schema.org\",\"@graph\":[{\"@type\":\"WebPage\",\"@id\":\"https:\/\/futureg.sk\/hu\/digit4all-konferencia\/\",\"url\":\"https:\/\/futureg.sk\/hu\/digit4all-konferencia\/\",\"name\":\"DIGIT4All konferencia - FutuReg PT\",\"isPartOf\":{\"@id\":\"https:\/\/futureg.sk\/hu\/#website\"},\"primaryImageOfPage\":{\"@id\":\"https:\/\/futureg.sk\/hu\/digit4all-konferencia\/#primaryimage\"},\"image\":{\"@id\":\"https:\/\/futureg.sk\/hu\/digit4all-konferencia\/#primaryimage\"},\"thumbnailUrl\":\"https:\/\/futureg.sk\/hu\/wp-content\/uploads\/sites\/2\/2023\/04\/9B0123CC-0B58-4AF5-990F-EA439F9F711E-scaled.jpeg\",\"datePublished\":\"2023-04-26T18:52:27+00:00\",\"dateModified\":\"2023-05-03T10:54:19+00:00\",\"author\":{\"@id\":\"https:\/\/futureg.sk\/hu\/#\/schema\/person\/3bd4179b186abeb0493e4473de0ea33e\"},\"breadcrumb\":{\"@id\":\"https:\/\/futureg.sk\/hu\/digit4all-konferencia\/#breadcrumb\"},\"inLanguage\":\"hu\",\"potentialAction\":[{\"@type\":\"ReadAction\",\"target\":[\"https:\/\/futureg.sk\/hu\/digit4all-konferencia\/\"]}]},{\"@type\":\"ImageObject\",\"inLanguage\":\"hu\",\"@id\":\"https:\/\/futureg.sk\/hu\/digit4all-konferencia\/#primaryimage\",\"url\":\"https:\/\/futureg.sk\/hu\/wp-content\/uploads\/sites\/2\/2023\/04\/9B0123CC-0B58-4AF5-990F-EA439F9F711E-scaled.jpeg\",\"contentUrl\":\"https:\/\/futureg.sk\/hu\/wp-content\/uploads\/sites\/2\/2023\/04\/9B0123CC-0B58-4AF5-990F-EA439F9F711E-scaled.jpeg\",\"width\":2560,\"height\":1920},{\"@type\":\"BreadcrumbList\",\"@id\":\"https:\/\/futureg.sk\/hu\/digit4all-konferencia\/#breadcrumb\",\"itemListElement\":[{\"@type\":\"ListItem\",\"position\":1,\"name\":\"Home\",\"item\":\"https:\/\/futureg.sk\/hu\/\"},{\"@type\":\"ListItem\",\"position\":2,\"name\":\"DIGIT4All konferencia\"}]},{\"@type\":\"WebSite\",\"@id\":\"https:\/\/futureg.sk\/hu\/#website\",\"url\":\"https:\/\/futureg.sk\/hu\/\",\"name\":\"FutuReg PT\",\"description\":\"R\u00e9gi\u00f3nk \u00e9s gyermekeink fejleszt\u00e9s\u00e9\u00e9rt\",\"potentialAction\":[{\"@type\":\"SearchAction\",\"target\":{\"@type\":\"EntryPoint\",\"urlTemplate\":\"https:\/\/futureg.sk\/hu\/?s={search_term_string}\"},\"query-input\":{\"@type\":\"PropertyValueSpecification\",\"valueRequired\":true,\"valueName\":\"search_term_string\"}}],\"inLanguage\":\"hu\"},{\"@type\":\"Person\",\"@id\":\"https:\/\/futureg.sk\/hu\/#\/schema\/person\/3bd4179b186abeb0493e4473de0ea33e\",\"name\":\"kitti\",\"image\":{\"@type\":\"ImageObject\",\"inLanguage\":\"hu\",\"@id\":\"https:\/\/futureg.sk\/hu\/#\/schema\/person\/image\/\",\"url\":\"https:\/\/secure.gravatar.com\/avatar\/554dcfc2ac47cc5704ce37a018bed1026ee491c335e20d7839513953e8bb3a4c?s=96&d=mm&r=g\",\"contentUrl\":\"https:\/\/secure.gravatar.com\/avatar\/554dcfc2ac47cc5704ce37a018bed1026ee491c335e20d7839513953e8bb3a4c?s=96&d=mm&r=g\",\"caption\":\"kitti\"},\"url\":\"https:\/\/futureg.sk\/hu\/author\/kitti\/\"}]}<\/script>\n<!-- \/ Yoast SEO plugin. -->","yoast_head_json":{"title":"DIGIT4All konferencia - FutuReg PT","robots":{"index":"index","follow":"follow","max-snippet":"max-snippet:-1","max-image-preview":"max-image-preview:large","max-video-preview":"max-video-preview:-1"},"canonical":"https:\/\/futureg.sk\/hu\/digit4all-konferencia\/","og_locale":"hu_HU","og_type":"article","og_title":"DIGIT4All konferencia - FutuReg PT","og_description":"\u00c1prilis 20.-\u00e9n \u00e9s 21.-\u00e9n a pozsonyi Duna utcai alapiskola \u00e9s gimn\u00e1zium adott teret a DIGIT4All Erasmus + projekt egyik rendezv\u00e9ny\u00e9nek, amelyre magyarorsz\u00e1gi \u00e9s szlov\u00e1kiai civil szervezetek kaptam megh\u00edv\u00e1st. A DIGIT4All c\u00e9lja, hogy \u00faj, alternat\u00edv, \u00faj\u00edt\u00f3 megl\u00e1t\u00e1sokkal, m\u00f3dszerekkel seg\u00edtse azon fiatalokat, akik a digit\u00e1lis vil\u00e1g kih\u00edv\u00e1saival \u00e9s vesz\u00e9lyeivel szemben v\u00e9dtelenek. A projekt t\u00e9m\u00e1i k\u00f6zt szerepel a [&hellip;]","og_url":"https:\/\/futureg.sk\/hu\/digit4all-konferencia\/","og_site_name":"FutuReg PT","article_published_time":"2023-04-26T18:52:27+00:00","article_modified_time":"2023-05-03T10:54:19+00:00","og_image":[{"width":2560,"height":1920,"url":"https:\/\/futureg.sk\/hu\/wp-content\/uploads\/sites\/2\/2023\/04\/9B0123CC-0B58-4AF5-990F-EA439F9F711E-scaled.jpeg","type":"image\/jpeg"}],"author":"kitti","twitter_card":"summary_large_image","twitter_misc":{"Szerz\u0151:":"kitti","Becs\u00fclt olvas\u00e1si id\u0151":"3 perc"},"schema":{"@context":"https:\/\/schema.org","@graph":[{"@type":"WebPage","@id":"https:\/\/futureg.sk\/hu\/digit4all-konferencia\/","url":"https:\/\/futureg.sk\/hu\/digit4all-konferencia\/","name":"DIGIT4All konferencia - FutuReg PT","isPartOf":{"@id":"https:\/\/futureg.sk\/hu\/#website"},"primaryImageOfPage":{"@id":"https:\/\/futureg.sk\/hu\/digit4all-konferencia\/#primaryimage"},"image":{"@id":"https:\/\/futureg.sk\/hu\/digit4all-konferencia\/#primaryimage"},"thumbnailUrl":"https:\/\/futureg.sk\/hu\/wp-content\/uploads\/sites\/2\/2023\/04\/9B0123CC-0B58-4AF5-990F-EA439F9F711E-scaled.jpeg","datePublished":"2023-04-26T18:52:27+00:00","dateModified":"2023-05-03T10:54:19+00:00","author":{"@id":"https:\/\/futureg.sk\/hu\/#\/schema\/person\/3bd4179b186abeb0493e4473de0ea33e"},"breadcrumb":{"@id":"https:\/\/futureg.sk\/hu\/digit4all-konferencia\/#breadcrumb"},"inLanguage":"hu","potentialAction":[{"@type":"ReadAction","target":["https:\/\/futureg.sk\/hu\/digit4all-konferencia\/"]}]},{"@type":"ImageObject","inLanguage":"hu","@id":"https:\/\/futureg.sk\/hu\/digit4all-konferencia\/#primaryimage","url":"https:\/\/futureg.sk\/hu\/wp-content\/uploads\/sites\/2\/2023\/04\/9B0123CC-0B58-4AF5-990F-EA439F9F711E-scaled.jpeg","contentUrl":"https:\/\/futureg.sk\/hu\/wp-content\/uploads\/sites\/2\/2023\/04\/9B0123CC-0B58-4AF5-990F-EA439F9F711E-scaled.jpeg","width":2560,"height":1920},{"@type":"BreadcrumbList","@id":"https:\/\/futureg.sk\/hu\/digit4all-konferencia\/#breadcrumb","itemListElement":[{"@type":"ListItem","position":1,"name":"Home","item":"https:\/\/futureg.sk\/hu\/"},{"@type":"ListItem","position":2,"name":"DIGIT4All konferencia"}]},{"@type":"WebSite","@id":"https:\/\/futureg.sk\/hu\/#website","url":"https:\/\/futureg.sk\/hu\/","name":"FutuReg PT","description":"R\u00e9gi\u00f3nk \u00e9s gyermekeink fejleszt\u00e9s\u00e9\u00e9rt","potentialAction":[{"@type":"SearchAction","target":{"@type":"EntryPoint","urlTemplate":"https:\/\/futureg.sk\/hu\/?s={search_term_string}"},"query-input":{"@type":"PropertyValueSpecification","valueRequired":true,"valueName":"search_term_string"}}],"inLanguage":"hu"},{"@type":"Person","@id":"https:\/\/futureg.sk\/hu\/#\/schema\/person\/3bd4179b186abeb0493e4473de0ea33e","name":"kitti","image":{"@type":"ImageObject","inLanguage":"hu","@id":"https:\/\/futureg.sk\/hu\/#\/schema\/person\/image\/","url":"https:\/\/secure.gravatar.com\/avatar\/554dcfc2ac47cc5704ce37a018bed1026ee491c335e20d7839513953e8bb3a4c?s=96&d=mm&r=g","contentUrl":"https:\/\/secure.gravatar.com\/avatar\/554dcfc2ac47cc5704ce37a018bed1026ee491c335e20d7839513953e8bb3a4c?s=96&d=mm&r=g","caption":"kitti"},"url":"https:\/\/futureg.sk\/hu\/author\/kitti\/"}]}},"_links":{"self":[{"href":"https:\/\/futureg.sk\/hu\/wp-json\/wp\/v2\/posts\/701","targetHints":{"allow":["GET"]}}],"collection":[{"href":"https:\/\/futureg.sk\/hu\/wp-json\/wp\/v2\/posts"}],"about":[{"href":"https:\/\/futureg.sk\/hu\/wp-json\/wp\/v2\/types\/post"}],"author":[{"embeddable":true,"href":"https:\/\/futureg.sk\/hu\/wp-json\/wp\/v2\/users\/3"}],"replies":[{"embeddable":true,"href":"https:\/\/futureg.sk\/hu\/wp-json\/wp\/v2\/comments?post=701"}],"version-history":[{"count":4,"href":"https:\/\/futureg.sk\/hu\/wp-json\/wp\/v2\/posts\/701\/revisions"}],"predecessor-version":[{"id":710,"href":"https:\/\/futureg.sk\/hu\/wp-json\/wp\/v2\/posts\/701\/revisions\/710"}],"wp:featuredmedia":[{"embeddable":true,"href":"https:\/\/futureg.sk\/hu\/wp-json\/wp\/v2\/media\/702"}],"wp:attachment":[{"href":"https:\/\/futureg.sk\/hu\/wp-json\/wp\/v2\/media?parent=701"}],"wp:term":[{"taxonomy":"category","embeddable":true,"href":"https:\/\/futureg.sk\/hu\/wp-json\/wp\/v2\/categories?post=701"},{"taxonomy":"post_tag","embeddable":true,"href":"https:\/\/futureg.sk\/hu\/wp-json\/wp\/v2\/tags?post=701"}],"curies":[{"name":"wp","href":"https:\/\/api.w.org\/{rel}","templated":true}]}}