{"id":695,"date":"2023-03-27T12:12:32","date_gmt":"2023-03-27T12:12:32","guid":{"rendered":"https:\/\/futureg.sk\/hu\/?p=695"},"modified":"2023-03-27T12:21:13","modified_gmt":"2023-03-27T12:21:13","slug":"green-kickoffrendezveny-utani-osszefoglalo-jelentes","status":"publish","type":"post","link":"https:\/\/futureg.sk\/hu\/green-kickoffrendezveny-utani-osszefoglalo-jelentes\/","title":{"rendered":"GREEN KICKOFF:Rendezv\u00e9ny ut\u00e1ni \u00f6sszefoglal\u00f3 jelent\u00e9s"},"content":{"rendered":"<p><strong>Az esem\u00e9ny neve<\/strong>: GREEN KICKOFF<\/p>\n<p><strong>Az esem\u00e9ny id\u0151pontja<\/strong>: 13-15.03.2023<\/p>\n<p><strong>Az esem\u00e9ny helysz\u00edne<\/strong>: Fr\u00fddek-M\u00edstek, Csehorsz\u00e1g<\/p>\n<p><strong>R\u00e9sztvev\u0151k sz\u00e1ma<\/strong>: 5<\/p>\n<p><strong>Partnerek<\/strong>: ROVNOVAZKA, ADESOS<\/p>\n<p>A GREEN KickOff Meeting egy 3 napos offline tal\u00e1lkoz\u00f3 volt, amelyet a Rovnov\u00e1\u017eka z.s. keret\u00e9ben a Futureg \u00e9s egy spanyol partnerszervezet, az ADESOS egy\u00fcttm\u0171k\u00f6d\u00e9s\u00e9vel szerveztek. A GREEN KickOff Meetingre 2023. m\u00e1rcius 13-15. k\u00f6z\u00f6tt ker\u00fclt sor a csehorsz\u00e1gi Fr\u00fddek-M\u00edstekben, az Eur\u00f3pai Uni\u00f3 Erasmus+ programj\u00e1nak finansz\u00edroz\u00e1s\u00e1val. A r\u00e9sztvev\u0151k sz\u00e1ma 5 f\u0151 volt. A tal\u00e1lkoz\u00f3 sor\u00e1n a r\u00e9sztvev\u0151k v\u00e9lem\u00e9nyt, gondolatokat \u00e9s \u00e9rdekl\u0151d\u00e9st osztottak meg egym\u00e1ssal a k\u00e9t partner munk\u00e1j\u00e1r\u00f3l \u00e9s egy\u00fcttm\u0171k\u00f6d\u00e9s\u00fckr\u0151l. A partnereknek \u00e9s a r\u00e9sztvev\u0151 r\u00e9sztvev\u0151knek lehet\u0151s\u00e9g\u00fck volt a j\u00f6v\u0151beli egy\u00fcttm\u0171k\u00f6d\u00e9s\u00fckr\u0151l besz\u00e9lgetni, aj\u00e1nl\u00e1sokat kidolgozni \u00e9s munka\u00f6tleteiket bemutatni. A k\u00e9t szervezet j\u00f6v\u0151beni egy\u00fcttm\u0171k\u00f6d\u00e9s\u00e9nek f\u0151 c\u00e9lter\u00fcletei ker\u00fcltek megvitat\u00e1sra, amelyek a k\u00f6vetkez\u0151 ter\u00fcleteket \u00e9rintett\u00e9k: A projekt c\u00e9lja egy hibrid oktat\u00e1si kurzus kidolgoz\u00e1sa olyan n\u0151k sz\u00e1m\u00e1ra, akik v\u00e1llalkoz\u00e1st ind\u00edtanak vagy fejlesztenek. A k\u00e9pz\u00e9s k\u00f6z\u00e9ppontj\u00e1ban a z\u00f6ld vagy k\u00f6rnyezetbar\u00e1t v\u00e1llalkoz\u00e1sok \u00e9p\u00edt\u00e9se \u00e9s ezek n\u00e9pszer\u0171s\u00edt\u00e9se \u00e1ll majd informatikai \u00e9s mobil marketing strat\u00e9gi\u00e1k \u00e9s eszk\u00f6z\u00f6k seg\u00edts\u00e9g\u00e9vel. A tanfolyamot k\u00eds\u00e9rleti jelleggel fogj\u00e1k kipr\u00f3b\u00e1lni, az eredm\u00e9nyeket terjesztik \u00e9s megosztj\u00e1k. A r\u00e9sztvev\u0151k k\u00f6z\u00f6tt \u00f6szt\u00f6n\u00f6zni fogj\u00e1k a h\u00e1l\u00f3zat\u00e9p\u00edt\u00e9st \u00e9s a legjobb gyakorlatok megoszt\u00e1s\u00e1t.<\/p>\n<p>A GREEN KickOff Meeting els\u0151 napja (1. nap) 13-\u00e1n, h\u00e9tf\u0151n kezd\u0151d\u00f6tt Fr\u00fddek-M\u00edstekben, k\u00e9s\u0151n, mivel a partnerek \u00e9rkez\u00e9se \u00e9s regisztr\u00e1ci\u00f3ja a k\u00e9s\u0151 d\u00e9lut\u00e1ni \u00f3r\u00e1kban t\u00f6rt\u00e9nt, \u00e9s csak egy finom vacsora \u00e9s egy t\u00e1rsas \u00f6sszej\u00f6vetel k\u00f6vette. Ezen a napon nem volt hivatalos program, ink\u00e1bb a partnerek egym\u00e1s k\u00f6z\u00f6tti bemutatkoz\u00e1s\u00e1ra \u00e9s besz\u00e9lget\u00e9sekre \u00e9p\u00fclt.<\/p>\n<p>A GREEN KickOff Meeting m\u00e1sodik napja (2. nap) a Rovnov\u00e1\u017eka \u00e1ltal tartott hivatalos bevezet\u0151 nyit\u00f3 el\u0151ad\u00e1ssal kezd\u0151d\u00f6tt. Ezt Tidrichov\u00e1 Kl\u00e1ra asszony tartotta. \u0150 arr\u00f3l besz\u00e9lt, hogyan sz\u00fcletett meg a z\u00f6ld v\u00e1llalkoz\u00e1s gondolata. Azt \u00e1ll\u00edtotta, hogy felfog\u00e1sa szerint sok n\u0151 \u00e1ll\u00edtott el\u0151 z\u00f6ld vagy k\u00f6rnyezetbar\u00e1t term\u00e9ket, de nem tudt\u00e1k hat\u00e9konyan \u00e9rt\u00e9kes\u00edteni azokat. Besz\u00e9lt a projekt c\u00e9lcsoportj\u00e1r\u00f3l is, amelyet olyan n\u0151knek hat\u00e1roztak meg, akik m\u00e1r elkezdtek vagy terveznek v\u00e1llalkoz\u00e1st alap\u00edtani \u00e9s ind\u00edtani. Mark\u00e9ta Ub\u00edkov\u00e1 asszony (Rovnov\u00e1\u017eka) a Cseh sz\u00e1rmaz\u00f3 potenci\u00e1lis r\u00e9sztvev\u0151k t\u00e9nyleges ig\u00e9nyeir\u0151l sz\u00f3l\u00f3 kutat\u00e1si eredm\u00e9nyekr\u0151l tartott el\u0151ad\u00e1st a n\u0151k z\u00f6ld v\u00e1llalkoz\u00f3i tev\u00e9kenys\u00e9g\u00e9nek keret\u00e9ben. Ugyanezeket az el\u0151ad\u00e1sokat tartottuk mi, a Futureg, valamint Alvaro Torres \u00far is, spanyol partnerszervezet\u00fcnk, az ADESOS r\u00e9sz\u00e9r\u0151l. Mi a Szlov\u00e1k \u00e9rkez\u0151 potenci\u00e1lis r\u00e9sztvev\u0151k t\u00e9nyleges ig\u00e9nyeire vonatkoz\u00f3 adatokat ismertett\u00fck a n\u0151k z\u00f6ld v\u00e1llalkoz\u00e1sa keret\u00e9ben, Torres \u00far pedig a Spanyolorsz\u00e1gb\u00f3l \u00e9rkez\u0151 potenci\u00e1lis r\u00e9sztvev\u0151k t\u00e9nyleges ig\u00e9nyeire vonatkoz\u00f3 adatokat ismertette a n\u0151k z\u00f6ld v\u00e1llalkoz\u00e1sa keret\u00e9ben.\u00a0 Az ut\u00f3bb eml\u00edtett \u00fcl\u00e9s ut\u00e1n a r\u00e9sztvev\u0151k egy \u00fajabb \u00edzletes eb\u00e9det fogyasztottak el a helyi Fr\u00fddek-M\u00edstek \u00e9tteremben, friss\u00edt\u0151 k\u00e1v\u00e9val.<\/p>\n<div id='gallery-1' class='gallery galleryid-695 gallery-columns-3 gallery-size-thumbnail'><figure class='gallery-item'>\n\t\t\t<div class='gallery-icon portrait'>\n\t\t\t\t<a href='https:\/\/futureg.sk\/hu\/green-kickoffrendezveny-utani-osszefoglalo-jelentes\/foto2\/'><img loading=\"lazy\" decoding=\"async\" width=\"150\" height=\"150\" src=\"https:\/\/futureg.sk\/hu\/wp-content\/uploads\/sites\/2\/2023\/03\/foto2-150x150.jpg\" class=\"attachment-thumbnail size-thumbnail\" alt=\"\" \/><\/a>\n\t\t\t<\/div><\/figure><figure class='gallery-item'>\n\t\t\t<div class='gallery-icon portrait'>\n\t\t\t\t<a href='https:\/\/futureg.sk\/hu\/green-kickoffrendezveny-utani-osszefoglalo-jelentes\/foto3\/'><img loading=\"lazy\" decoding=\"async\" width=\"150\" height=\"150\" src=\"https:\/\/futureg.sk\/hu\/wp-content\/uploads\/sites\/2\/2023\/03\/foto3-150x150.jpg\" class=\"attachment-thumbnail size-thumbnail\" alt=\"\" \/><\/a>\n\t\t\t<\/div><\/figure>\n\t\t<\/div>\n\n<p>A GREEN KickOff Meeting harmadik napj\u00e1n (3. nap) a partnerek sz\u00e1mos visszajelz\u00e9st \u00e9s eml\u00e9keztet\u0151t fogalmaztak meg, amelyek seg\u00edten\u00e9k a j\u00f6v\u0151beni egy\u00fcttm\u0171k\u00f6d\u00e9s\u00fck meger\u0151s\u00edt\u00e9s\u00e9t a GREEN projekt keret\u00e9ben, valamint pontos id\u0151pontokat hat\u00e1roztak meg \u00e9s a terjeszt\u00e9ssel fejezt\u00e9k be. A GREEN KickOff Meeting j\u00f3 hangulatban \u00e9rt v\u00e9get m\u00e1rcius 15-\u00e9n, szerd\u00e1n, \u00e9s minden r\u00e9sztvev\u0151 sokat profit\u00e1lt a tapasztalatokb\u00f3l. Minden r\u00e9sztvev\u0151t r\u00e9szv\u00e9teli tan\u00fas\u00edtv\u00e1nnyal jutalmaztak, amely eml\u00e9keztetni fogja \u0151ket az Eur\u00f3pai Uni\u00f3 Erasmus+ programja keret\u00e9ben v\u00e9gzett k\u00f6z\u00f6s tev\u00e9kenys\u00e9gek \u00e9s projektek, p\u00e9ld\u00e1ul a GREEN projekt fontoss\u00e1g\u00e1ra \u00e9s \u00e9rt\u00e9k\u00e9re.<\/p>\n<p><a href=\"https:\/\/futureg.sk\/hu\/digitalis-eq-volt-a-temaja-a-dunaszerdahelyi-mediator-treningnek\/eu-funded_official-logo-from-2022\/\" rel=\"attachment wp-att-595\"><img loading=\"lazy\" decoding=\"async\" class=\"alignnone size-medium wp-image-595\" src=\"https:\/\/futureg.sk\/hu\/wp-content\/uploads\/sites\/2\/2022\/09\/EU-FUNDED_official-logo-from-2022-300x63.jpg\" alt=\"\" width=\"300\" height=\"63\" srcset=\"https:\/\/futureg.sk\/hu\/wp-content\/uploads\/sites\/2\/2022\/09\/EU-FUNDED_official-logo-from-2022-300x63.jpg 300w, https:\/\/futureg.sk\/hu\/wp-content\/uploads\/sites\/2\/2022\/09\/EU-FUNDED_official-logo-from-2022-1024x215.jpg 1024w, https:\/\/futureg.sk\/hu\/wp-content\/uploads\/sites\/2\/2022\/09\/EU-FUNDED_official-logo-from-2022-768x161.jpg 768w, https:\/\/futureg.sk\/hu\/wp-content\/uploads\/sites\/2\/2022\/09\/EU-FUNDED_official-logo-from-2022-1536x322.jpg 1536w, https:\/\/futureg.sk\/hu\/wp-content\/uploads\/sites\/2\/2022\/09\/EU-FUNDED_official-logo-from-2022-2048x430.jpg 2048w\" sizes=\"auto, (max-width: 300px) 100vw, 300px\" \/><\/a><a href=\"https:\/\/futureg.sk\/hu\/digit4all\/copy-of-1200px-erasmus_logo-svg1\/\" rel=\"attachment wp-att-673\"><img loading=\"lazy\" decoding=\"async\" class=\"alignnone size-medium wp-image-673\" src=\"https:\/\/futureg.sk\/hu\/wp-content\/uploads\/sites\/2\/2023\/01\/Copy-of-1200px-Erasmus_Logo.svg1_-300x86.png\" alt=\"\" width=\"300\" height=\"86\" srcset=\"https:\/\/futureg.sk\/hu\/wp-content\/uploads\/sites\/2\/2023\/01\/Copy-of-1200px-Erasmus_Logo.svg1_-300x86.png 300w, https:\/\/futureg.sk\/hu\/wp-content\/uploads\/sites\/2\/2023\/01\/Copy-of-1200px-Erasmus_Logo.svg1_-1024x294.png 1024w, https:\/\/futureg.sk\/hu\/wp-content\/uploads\/sites\/2\/2023\/01\/Copy-of-1200px-Erasmus_Logo.svg1_-768x220.png 768w, https:\/\/futureg.sk\/hu\/wp-content\/uploads\/sites\/2\/2023\/01\/Copy-of-1200px-Erasmus_Logo.svg1_.png 1200w\" sizes=\"auto, (max-width: 300px) 100vw, 300px\" \/><\/a><\/p>\n<p>A projekt az EU p\u00e9nz\u00fcgyi t\u00e1mogat\u00e1s\u00e1nak k\u00f6sz\u00f6nhet\u0151en val\u00f3sulhatott meg. A projektet az Eur\u00f3pai Uni\u00f3 t\u00e1mogatja.<\/p>\n<p>2022-1-CZ01-KA210-ADU-000082694<\/p>\n","protected":false},"excerpt":{"rendered":"<p>Az esem\u00e9ny neve: GREEN KICKOFF Az esem\u00e9ny id\u0151pontja: 13-15.03.2023 Az esem\u00e9ny helysz\u00edne: Fr\u00fddek-M\u00edstek, Csehorsz\u00e1g R\u00e9sztvev\u0151k sz\u00e1ma: 5 Partnerek: ROVNOVAZKA, ADESOS A GREEN KickOff Meeting egy 3 napos offline tal\u00e1lkoz\u00f3 volt, amelyet a Rovnov\u00e1\u017eka z.s. keret\u00e9ben a Futureg \u00e9s egy spanyol partnerszervezet, az ADESOS egy\u00fcttm\u0171k\u00f6d\u00e9s\u00e9vel szerveztek. A GREEN KickOff Meetingre 2023. m\u00e1rcius 13-15. k\u00f6z\u00f6tt ker\u00fclt sor [&hellip;]<\/p>\n","protected":false},"author":1,"featured_media":699,"comment_status":"closed","ping_status":"open","sticky":false,"template":"","format":"standard","meta":{"_monsterinsights_skip_tracking":false,"_monsterinsights_sitenote_active":false,"_monsterinsights_sitenote_note":"","_monsterinsights_sitenote_category":0,"footnotes":""},"categories":[26,8],"tags":[30,32],"class_list":["post-695","post","type-post","status-publish","format-standard","has-post-thumbnail","hentry","category-erasmusplus","category-projekt","tag-green","tag-kickoff"],"yoast_head":"<!-- This site is optimized with the Yoast SEO plugin v26.1.1 - https:\/\/yoast.com\/wordpress\/plugins\/seo\/ -->\n<title>GREEN KICKOFF:Rendezv\u00e9ny ut\u00e1ni \u00f6sszefoglal\u00f3 jelent\u00e9s - FutuReg PT<\/title>\n<meta name=\"robots\" content=\"index, follow, max-snippet:-1, max-image-preview:large, max-video-preview:-1\" \/>\n<link rel=\"canonical\" href=\"https:\/\/futureg.sk\/hu\/green-kickoffrendezveny-utani-osszefoglalo-jelentes\/\" \/>\n<meta property=\"og:locale\" content=\"hu_HU\" \/>\n<meta property=\"og:type\" content=\"article\" \/>\n<meta property=\"og:title\" content=\"GREEN KICKOFF:Rendezv\u00e9ny ut\u00e1ni \u00f6sszefoglal\u00f3 jelent\u00e9s - FutuReg PT\" \/>\n<meta property=\"og:description\" content=\"Az esem\u00e9ny neve: GREEN KICKOFF Az esem\u00e9ny id\u0151pontja: 13-15.03.2023 Az esem\u00e9ny helysz\u00edne: Fr\u00fddek-M\u00edstek, Csehorsz\u00e1g R\u00e9sztvev\u0151k sz\u00e1ma: 5 Partnerek: ROVNOVAZKA, ADESOS A GREEN KickOff Meeting egy 3 napos offline tal\u00e1lkoz\u00f3 volt, amelyet a Rovnov\u00e1\u017eka z.s. keret\u00e9ben a Futureg \u00e9s egy spanyol partnerszervezet, az ADESOS egy\u00fcttm\u0171k\u00f6d\u00e9s\u00e9vel szerveztek. A GREEN KickOff Meetingre 2023. m\u00e1rcius 13-15. k\u00f6z\u00f6tt ker\u00fclt sor [&hellip;]\" \/>\n<meta property=\"og:url\" content=\"https:\/\/futureg.sk\/hu\/green-kickoffrendezveny-utani-osszefoglalo-jelentes\/\" \/>\n<meta property=\"og:site_name\" content=\"FutuReg PT\" \/>\n<meta property=\"article:published_time\" content=\"2023-03-27T12:12:32+00:00\" \/>\n<meta property=\"article:modified_time\" content=\"2023-03-27T12:21:13+00:00\" \/>\n<meta property=\"og:image\" content=\"https:\/\/futureg.sk\/hu\/wp-content\/uploads\/sites\/2\/2023\/03\/foto1.jpg\" \/>\n\t<meta property=\"og:image:width\" content=\"1536\" \/>\n\t<meta property=\"og:image:height\" content=\"2048\" \/>\n\t<meta property=\"og:image:type\" content=\"image\/jpeg\" \/>\n<meta name=\"author\" content=\"futureg\" \/>\n<meta name=\"twitter:card\" content=\"summary_large_image\" \/>\n<meta name=\"twitter:label1\" content=\"Szerz\u0151:\" \/>\n\t<meta name=\"twitter:data1\" content=\"futureg\" \/>\n\t<meta name=\"twitter:label2\" content=\"Becs\u00fclt olvas\u00e1si id\u0151\" \/>\n\t<meta name=\"twitter:data2\" content=\"4 perc\" \/>\n<script type=\"application\/ld+json\" class=\"yoast-schema-graph\">{\"@context\":\"https:\/\/schema.org\",\"@graph\":[{\"@type\":\"WebPage\",\"@id\":\"https:\/\/futureg.sk\/hu\/green-kickoffrendezveny-utani-osszefoglalo-jelentes\/\",\"url\":\"https:\/\/futureg.sk\/hu\/green-kickoffrendezveny-utani-osszefoglalo-jelentes\/\",\"name\":\"GREEN KICKOFF:Rendezv\u00e9ny ut\u00e1ni \u00f6sszefoglal\u00f3 jelent\u00e9s - FutuReg PT\",\"isPartOf\":{\"@id\":\"https:\/\/futureg.sk\/hu\/#website\"},\"primaryImageOfPage\":{\"@id\":\"https:\/\/futureg.sk\/hu\/green-kickoffrendezveny-utani-osszefoglalo-jelentes\/#primaryimage\"},\"image\":{\"@id\":\"https:\/\/futureg.sk\/hu\/green-kickoffrendezveny-utani-osszefoglalo-jelentes\/#primaryimage\"},\"thumbnailUrl\":\"https:\/\/futureg.sk\/hu\/wp-content\/uploads\/sites\/2\/2023\/03\/foto1.jpg\",\"datePublished\":\"2023-03-27T12:12:32+00:00\",\"dateModified\":\"2023-03-27T12:21:13+00:00\",\"author\":{\"@id\":\"https:\/\/futureg.sk\/hu\/#\/schema\/person\/55778fd0da87f59248b56bc66be71ab5\"},\"breadcrumb\":{\"@id\":\"https:\/\/futureg.sk\/hu\/green-kickoffrendezveny-utani-osszefoglalo-jelentes\/#breadcrumb\"},\"inLanguage\":\"hu\",\"potentialAction\":[{\"@type\":\"ReadAction\",\"target\":[\"https:\/\/futureg.sk\/hu\/green-kickoffrendezveny-utani-osszefoglalo-jelentes\/\"]}]},{\"@type\":\"ImageObject\",\"inLanguage\":\"hu\",\"@id\":\"https:\/\/futureg.sk\/hu\/green-kickoffrendezveny-utani-osszefoglalo-jelentes\/#primaryimage\",\"url\":\"https:\/\/futureg.sk\/hu\/wp-content\/uploads\/sites\/2\/2023\/03\/foto1.jpg\",\"contentUrl\":\"https:\/\/futureg.sk\/hu\/wp-content\/uploads\/sites\/2\/2023\/03\/foto1.jpg\",\"width\":1536,\"height\":2048},{\"@type\":\"BreadcrumbList\",\"@id\":\"https:\/\/futureg.sk\/hu\/green-kickoffrendezveny-utani-osszefoglalo-jelentes\/#breadcrumb\",\"itemListElement\":[{\"@type\":\"ListItem\",\"position\":1,\"name\":\"Home\",\"item\":\"https:\/\/futureg.sk\/hu\/\"},{\"@type\":\"ListItem\",\"position\":2,\"name\":\"GREEN KICKOFF:Rendezv\u00e9ny ut\u00e1ni \u00f6sszefoglal\u00f3 jelent\u00e9s\"}]},{\"@type\":\"WebSite\",\"@id\":\"https:\/\/futureg.sk\/hu\/#website\",\"url\":\"https:\/\/futureg.sk\/hu\/\",\"name\":\"FutuReg PT\",\"description\":\"R\u00e9gi\u00f3nk \u00e9s gyermekeink fejleszt\u00e9s\u00e9\u00e9rt\",\"potentialAction\":[{\"@type\":\"SearchAction\",\"target\":{\"@type\":\"EntryPoint\",\"urlTemplate\":\"https:\/\/futureg.sk\/hu\/?s={search_term_string}\"},\"query-input\":{\"@type\":\"PropertyValueSpecification\",\"valueRequired\":true,\"valueName\":\"search_term_string\"}}],\"inLanguage\":\"hu\"},{\"@type\":\"Person\",\"@id\":\"https:\/\/futureg.sk\/hu\/#\/schema\/person\/55778fd0da87f59248b56bc66be71ab5\",\"name\":\"futureg\",\"image\":{\"@type\":\"ImageObject\",\"inLanguage\":\"hu\",\"@id\":\"https:\/\/futureg.sk\/hu\/#\/schema\/person\/image\/\",\"url\":\"https:\/\/secure.gravatar.com\/avatar\/db88629feb205bd1540ef21e3582402deadb0a8828b92221f5767b28bbddfab2?s=96&d=mm&r=g\",\"contentUrl\":\"https:\/\/secure.gravatar.com\/avatar\/db88629feb205bd1540ef21e3582402deadb0a8828b92221f5767b28bbddfab2?s=96&d=mm&r=g\",\"caption\":\"futureg\"},\"url\":\"https:\/\/futureg.sk\/hu\/author\/futureg\/\"}]}<\/script>\n<!-- \/ Yoast SEO plugin. -->","yoast_head_json":{"title":"GREEN KICKOFF:Rendezv\u00e9ny ut\u00e1ni \u00f6sszefoglal\u00f3 jelent\u00e9s - FutuReg PT","robots":{"index":"index","follow":"follow","max-snippet":"max-snippet:-1","max-image-preview":"max-image-preview:large","max-video-preview":"max-video-preview:-1"},"canonical":"https:\/\/futureg.sk\/hu\/green-kickoffrendezveny-utani-osszefoglalo-jelentes\/","og_locale":"hu_HU","og_type":"article","og_title":"GREEN KICKOFF:Rendezv\u00e9ny ut\u00e1ni \u00f6sszefoglal\u00f3 jelent\u00e9s - FutuReg PT","og_description":"Az esem\u00e9ny neve: GREEN KICKOFF Az esem\u00e9ny id\u0151pontja: 13-15.03.2023 Az esem\u00e9ny helysz\u00edne: Fr\u00fddek-M\u00edstek, Csehorsz\u00e1g R\u00e9sztvev\u0151k sz\u00e1ma: 5 Partnerek: ROVNOVAZKA, ADESOS A GREEN KickOff Meeting egy 3 napos offline tal\u00e1lkoz\u00f3 volt, amelyet a Rovnov\u00e1\u017eka z.s. keret\u00e9ben a Futureg \u00e9s egy spanyol partnerszervezet, az ADESOS egy\u00fcttm\u0171k\u00f6d\u00e9s\u00e9vel szerveztek. A GREEN KickOff Meetingre 2023. m\u00e1rcius 13-15. k\u00f6z\u00f6tt ker\u00fclt sor [&hellip;]","og_url":"https:\/\/futureg.sk\/hu\/green-kickoffrendezveny-utani-osszefoglalo-jelentes\/","og_site_name":"FutuReg PT","article_published_time":"2023-03-27T12:12:32+00:00","article_modified_time":"2023-03-27T12:21:13+00:00","og_image":[{"width":1536,"height":2048,"url":"https:\/\/futureg.sk\/hu\/wp-content\/uploads\/sites\/2\/2023\/03\/foto1.jpg","type":"image\/jpeg"}],"author":"futureg","twitter_card":"summary_large_image","twitter_misc":{"Szerz\u0151:":"futureg","Becs\u00fclt olvas\u00e1si id\u0151":"4 perc"},"schema":{"@context":"https:\/\/schema.org","@graph":[{"@type":"WebPage","@id":"https:\/\/futureg.sk\/hu\/green-kickoffrendezveny-utani-osszefoglalo-jelentes\/","url":"https:\/\/futureg.sk\/hu\/green-kickoffrendezveny-utani-osszefoglalo-jelentes\/","name":"GREEN KICKOFF:Rendezv\u00e9ny ut\u00e1ni \u00f6sszefoglal\u00f3 jelent\u00e9s - FutuReg PT","isPartOf":{"@id":"https:\/\/futureg.sk\/hu\/#website"},"primaryImageOfPage":{"@id":"https:\/\/futureg.sk\/hu\/green-kickoffrendezveny-utani-osszefoglalo-jelentes\/#primaryimage"},"image":{"@id":"https:\/\/futureg.sk\/hu\/green-kickoffrendezveny-utani-osszefoglalo-jelentes\/#primaryimage"},"thumbnailUrl":"https:\/\/futureg.sk\/hu\/wp-content\/uploads\/sites\/2\/2023\/03\/foto1.jpg","datePublished":"2023-03-27T12:12:32+00:00","dateModified":"2023-03-27T12:21:13+00:00","author":{"@id":"https:\/\/futureg.sk\/hu\/#\/schema\/person\/55778fd0da87f59248b56bc66be71ab5"},"breadcrumb":{"@id":"https:\/\/futureg.sk\/hu\/green-kickoffrendezveny-utani-osszefoglalo-jelentes\/#breadcrumb"},"inLanguage":"hu","potentialAction":[{"@type":"ReadAction","target":["https:\/\/futureg.sk\/hu\/green-kickoffrendezveny-utani-osszefoglalo-jelentes\/"]}]},{"@type":"ImageObject","inLanguage":"hu","@id":"https:\/\/futureg.sk\/hu\/green-kickoffrendezveny-utani-osszefoglalo-jelentes\/#primaryimage","url":"https:\/\/futureg.sk\/hu\/wp-content\/uploads\/sites\/2\/2023\/03\/foto1.jpg","contentUrl":"https:\/\/futureg.sk\/hu\/wp-content\/uploads\/sites\/2\/2023\/03\/foto1.jpg","width":1536,"height":2048},{"@type":"BreadcrumbList","@id":"https:\/\/futureg.sk\/hu\/green-kickoffrendezveny-utani-osszefoglalo-jelentes\/#breadcrumb","itemListElement":[{"@type":"ListItem","position":1,"name":"Home","item":"https:\/\/futureg.sk\/hu\/"},{"@type":"ListItem","position":2,"name":"GREEN KICKOFF:Rendezv\u00e9ny ut\u00e1ni \u00f6sszefoglal\u00f3 jelent\u00e9s"}]},{"@type":"WebSite","@id":"https:\/\/futureg.sk\/hu\/#website","url":"https:\/\/futureg.sk\/hu\/","name":"FutuReg PT","description":"R\u00e9gi\u00f3nk \u00e9s gyermekeink fejleszt\u00e9s\u00e9\u00e9rt","potentialAction":[{"@type":"SearchAction","target":{"@type":"EntryPoint","urlTemplate":"https:\/\/futureg.sk\/hu\/?s={search_term_string}"},"query-input":{"@type":"PropertyValueSpecification","valueRequired":true,"valueName":"search_term_string"}}],"inLanguage":"hu"},{"@type":"Person","@id":"https:\/\/futureg.sk\/hu\/#\/schema\/person\/55778fd0da87f59248b56bc66be71ab5","name":"futureg","image":{"@type":"ImageObject","inLanguage":"hu","@id":"https:\/\/futureg.sk\/hu\/#\/schema\/person\/image\/","url":"https:\/\/secure.gravatar.com\/avatar\/db88629feb205bd1540ef21e3582402deadb0a8828b92221f5767b28bbddfab2?s=96&d=mm&r=g","contentUrl":"https:\/\/secure.gravatar.com\/avatar\/db88629feb205bd1540ef21e3582402deadb0a8828b92221f5767b28bbddfab2?s=96&d=mm&r=g","caption":"futureg"},"url":"https:\/\/futureg.sk\/hu\/author\/futureg\/"}]}},"_links":{"self":[{"href":"https:\/\/futureg.sk\/hu\/wp-json\/wp\/v2\/posts\/695","targetHints":{"allow":["GET"]}}],"collection":[{"href":"https:\/\/futureg.sk\/hu\/wp-json\/wp\/v2\/posts"}],"about":[{"href":"https:\/\/futureg.sk\/hu\/wp-json\/wp\/v2\/types\/post"}],"author":[{"embeddable":true,"href":"https:\/\/futureg.sk\/hu\/wp-json\/wp\/v2\/users\/1"}],"replies":[{"embeddable":true,"href":"https:\/\/futureg.sk\/hu\/wp-json\/wp\/v2\/comments?post=695"}],"version-history":[{"count":1,"href":"https:\/\/futureg.sk\/hu\/wp-json\/wp\/v2\/posts\/695\/revisions"}],"predecessor-version":[{"id":698,"href":"https:\/\/futureg.sk\/hu\/wp-json\/wp\/v2\/posts\/695\/revisions\/698"}],"wp:featuredmedia":[{"embeddable":true,"href":"https:\/\/futureg.sk\/hu\/wp-json\/wp\/v2\/media\/699"}],"wp:attachment":[{"href":"https:\/\/futureg.sk\/hu\/wp-json\/wp\/v2\/media?parent=695"}],"wp:term":[{"taxonomy":"category","embeddable":true,"href":"https:\/\/futureg.sk\/hu\/wp-json\/wp\/v2\/categories?post=695"},{"taxonomy":"post_tag","embeddable":true,"href":"https:\/\/futureg.sk\/hu\/wp-json\/wp\/v2\/tags?post=695"}],"curies":[{"name":"wp","href":"https:\/\/api.w.org\/{rel}","templated":true}]}}