{"id":593,"date":"2022-09-11T14:28:47","date_gmt":"2022-09-11T14:28:47","guid":{"rendered":"https:\/\/futureg.sk\/hu\/?p=593"},"modified":"2023-06-07T05:59:24","modified_gmt":"2023-06-07T05:59:24","slug":"digitalis-eq-volt-a-temaja-a-dunaszerdahelyi-mediator-treningnek","status":"publish","type":"post","link":"https:\/\/futureg.sk\/hu\/digitalis-eq-volt-a-temaja-a-dunaszerdahelyi-mediator-treningnek\/","title":{"rendered":"Digit\u00e1lis EQ volt a t\u00e9maja a dunaszerdahelyi medi\u00e1tor tr\u00e9ningnek"},"content":{"rendered":"<p>DIGEQ- avagy a digit\u00e1lis emocion\u00e1lis intelligenci\u00e1r\u00f3l\u00a0 Dunaszerdahelyen<\/p>\n<p>&nbsp;<\/p>\n<p>A digit\u00e1lis emocion\u00e1lis intelligenci\u00e1r\u00f3l sz\u00f3l\u00f3 nemzetk\u00f6zi konferencia els\u0151 napja a A\u00a0Szent Erzs\u00e9bet F\u0151iskola termeiben ker\u00fclt megrendez\u00e9sre, a Futureg Polg\u00e1ri T\u00e1rsul\u00e1s k\u00f6zrem\u0171k\u00f6d\u00e9s\u00e9vel.<\/p>\n<p>A konferencia t\u00e9m\u00e1i k\u00f6z\u00f6tt szerepelt a medi\u00e1ci\u00f3, a gyermekv\u00e9delem, az online biztons\u00e1g \u00e9s mindezek kapcsol\u00f3d\u00e1sa a szoci\u00e1lis munk\u00e1hoz.<\/p>\n<p>Az el\u0151ad\u00f3k k\u00f6z\u00fcl t\u00f6bben F\u0151iskol\u00e1nk oktat\u00f3i, akik hangs\u00falyozt\u00e1k, hogy egyre nagyobb sz\u00fcks\u00e9g van a digit\u00e1lis emocion\u00e1lis intelligencia n\u00f6vel\u00e9s\u00e9re az oktat\u00e1sban \u00e9s annak r\u00e9szter\u00fcletein, hiszen az oktat\u00e1son kereszt\u00fcl \u00e9rj\u00fck el a leghat\u00e9konyabban a gyermekeket \u00e9s k\u00f6rnyezet\u00fcket, k\u00e9sz\u00edtj\u00fck fel \u0151ket az online vil\u00e1g haszn\u00e1lat\u00e1ra, pl. az online zaklat\u00e1s kezel\u00e9s\u00e9re \u00e9s annak megel\u0151z\u00e9s\u00e9re, a digit\u00e1lis \u00f6nv\u00e9delemre, valamint az online biztons\u00e1gi eszk\u00f6z\u00f6k haszn\u00e1lat\u00e1ra.<\/p>\n<p>A r\u00e9sztvev\u0151 partnerek k\u00f6z\u00f6tt szerepelt a Budapesti Fazekas Mih\u00e1ly Gyakorl\u00f3 \u00c1ltal\u00e1nos Iskola \u00e9s Gimn\u00e1zium \u00e9s a pr\u00e1gai, feln\u0151ttoktat\u00e1ssal foglalkoz\u00f3 Glafka. A partnerek egy\u00fcttm\u0171k\u00f6d\u00e9se \u00e1ltal k\u00e9sz\u00fcl egy m\u00f3dszertani k\u00e9zik\u00f6nyv \u00e9s egy t\u00e1rsasj\u00e1t\u00e9k, ahol az online \u00e9s offline vil\u00e1got oktat\u00f3 vide\u00f3k k\u00f6tik \u00f6ssze. Bemutat\u00e1sra ker\u00fclt a \u2019Follow Me\u2019 (k\u00f6vess engem) t\u00e1rsasj\u00e1t\u00e9k is, amelyen kereszt\u00fcl a gyermekek elsaj\u00e1t\u00edthatj\u00e1k a kritikus gondolkod\u00e1s elemeit, \u00e9s gyakorlati alkalmaz\u00e1sukat.<\/p>\n<p>A\u00a0konferencia m\u00e1sodik napj\u00e1n a\u00a0DIGEQ csapata a\u00a0dunaszerdahelyi vid\u00e9kfejleszt\u00e9si szakk\u00f6z\u00e9piskol\u00e1ba l\u00e1togatott el, ahol PhDr. Bott Domonkos L\u00edvia \u00e1ltal tartott iskolai medi\u00e1ci\u00f3s \u00f3r\u00e1t volt alkalmunk k\u00f6z\u00f6sen megfigyelni. Az \u00f3ra ha hangulata rendk\u00edv\u00fcl oldott, vid\u00e1m volt, a\u00a0gyerekek pedig figyelemmel k\u00eds\u00e9rt\u00e9k az interakt\u00edv el\u0151ad\u00e1st, majd lelkesen vettek r\u00e9szt a\u00a0szitu\u00e1ci\u00f3s feladatokban.<\/p>\n<p>A\u00a0konferencia harmadik \u00e9s egyben utols\u00f3 napja a\u00a0dunaszerdahelyi New York Panzi\u00f3 konferencia term\u00e9ben ker\u00fclt megrendez\u00e9sre. Az el\u0151ad\u00e1sok t\u00e9m\u00e1i az online trendek, az online biztons\u00e1g \u00e9s a\u00a0cyberbullying voltak. Az esem\u00e9nyen online \u00e9s offline is ingyenesen r\u00e9szt vehettek az \u00e9rdekl\u0151d\u0151k egy r\u00f6vid regisztr\u00e1ci\u00f3t k\u00f6vet\u0151en. Az el\u0151ad\u00e1sok v\u00e9gezt\u00e9vel a\u00a0r\u00e9sztvev\u0151k \u00e1tvehett\u00e9k okleveleiket.<\/p>\n<p>Az konferencia \u00fczenete egy\u00e9rtelm\u0171en az volt, hogy az online biztons\u00e1g kulcsa az oktat\u00e1s.<\/p>\n<p>Tekintettel arra, hogy a t\u00e1rsadalmi \u00e9s technol\u00f3giai v\u00e1ltoz\u00e1sok folyamatosak, az oktat\u00e1si m\u00f3dszereket is hozz\u00e1juk kell igaz\u00edtani. C\u00e9lunknak tekintj\u00fck, hogy a gyermekek \u00e9s k\u00f6rnyezet\u00fck min\u00e9l gyorsabban \u00e9s hat\u00e9konyabban tudjanak reag\u00e1lni ezekre a\u00a0technol\u00f3gia v\u00e1ltoz\u00e1sokra. A\u00a0tal\u00e1lkoz\u00f3k Budapesten \u00e9s Pr\u00e1g\u00e1ban folytat\u00f3dnak. A\u00a0projekt sor\u00e1n elk\u00e9sz\u00fclt oktat\u00e1si anyagok let\u00f6lthet\u0151k a FutuReg weboldal\u00e1n.<\/p>\n<p>A konferenci\u00e1t az \u00a0Eur\u00f3pai uni\u00f3 ERASMUS+ \u00a0projektje t\u00e1mogatta.<\/p>\n<p><a href=\"https:\/\/futureg.sk\/hu\/digitalis-eq-volt-a-temaja-a-dunaszerdahelyi-mediator-treningnek\/f739875c-93b1-4c43-ab7b-b76f90f656ba\/\" rel=\"attachment wp-att-747\"><img loading=\"lazy\" decoding=\"async\" class=\"alignnone size-medium wp-image-747\" src=\"https:\/\/futureg.sk\/hu\/wp-content\/uploads\/sites\/2\/2022\/09\/F739875C-93B1-4C43-AB7B-B76F90F656BA-300x226.jpeg\" alt=\"\" width=\"300\" height=\"226\" srcset=\"https:\/\/futureg.sk\/hu\/wp-content\/uploads\/sites\/2\/2022\/09\/F739875C-93B1-4C43-AB7B-B76F90F656BA-300x226.jpeg 300w, https:\/\/futureg.sk\/hu\/wp-content\/uploads\/sites\/2\/2022\/09\/F739875C-93B1-4C43-AB7B-B76F90F656BA-1024x770.jpeg 1024w, https:\/\/futureg.sk\/hu\/wp-content\/uploads\/sites\/2\/2022\/09\/F739875C-93B1-4C43-AB7B-B76F90F656BA-768x577.jpeg 768w, https:\/\/futureg.sk\/hu\/wp-content\/uploads\/sites\/2\/2022\/09\/F739875C-93B1-4C43-AB7B-B76F90F656BA-1536x1155.jpeg 1536w, https:\/\/futureg.sk\/hu\/wp-content\/uploads\/sites\/2\/2022\/09\/F739875C-93B1-4C43-AB7B-B76F90F656BA.jpeg 1619w\" sizes=\"auto, (max-width: 300px) 100vw, 300px\" \/><\/a><\/p>\n<p><a href=\"https:\/\/futureg.sk\/hu\/digit4all\/copy-of-1200px-erasmus_logo-svg1\/\" rel=\"attachment wp-att-673\"><img loading=\"lazy\" decoding=\"async\" class=\"alignnone size-medium wp-image-673\" src=\"https:\/\/futureg.sk\/hu\/wp-content\/uploads\/sites\/2\/2023\/01\/Copy-of-1200px-Erasmus_Logo.svg1_-300x86.png\" alt=\"\" width=\"300\" height=\"86\" srcset=\"https:\/\/futureg.sk\/hu\/wp-content\/uploads\/sites\/2\/2023\/01\/Copy-of-1200px-Erasmus_Logo.svg1_-300x86.png 300w, https:\/\/futureg.sk\/hu\/wp-content\/uploads\/sites\/2\/2023\/01\/Copy-of-1200px-Erasmus_Logo.svg1_-1024x294.png 1024w, https:\/\/futureg.sk\/hu\/wp-content\/uploads\/sites\/2\/2023\/01\/Copy-of-1200px-Erasmus_Logo.svg1_-768x220.png 768w, https:\/\/futureg.sk\/hu\/wp-content\/uploads\/sites\/2\/2023\/01\/Copy-of-1200px-Erasmus_Logo.svg1_.png 1200w\" sizes=\"auto, (max-width: 300px) 100vw, 300px\" \/><\/a><\/p>\n<p><a href=\"https:\/\/futureg.sk\/hu\/digitalis-eq-volt-a-temaja-a-dunaszerdahelyi-mediator-treningnek\/eu-funded_official-logo-from-2022\/\" rel=\"attachment wp-att-595\"><img loading=\"lazy\" decoding=\"async\" class=\"alignnone size-medium wp-image-595\" src=\"https:\/\/futureg.sk\/hu\/wp-content\/uploads\/sites\/2\/2022\/09\/EU-FUNDED_official-logo-from-2022-300x63.jpg\" alt=\"\" width=\"300\" height=\"63\" srcset=\"https:\/\/futureg.sk\/hu\/wp-content\/uploads\/sites\/2\/2022\/09\/EU-FUNDED_official-logo-from-2022-300x63.jpg 300w, https:\/\/futureg.sk\/hu\/wp-content\/uploads\/sites\/2\/2022\/09\/EU-FUNDED_official-logo-from-2022-1024x215.jpg 1024w, https:\/\/futureg.sk\/hu\/wp-content\/uploads\/sites\/2\/2022\/09\/EU-FUNDED_official-logo-from-2022-768x161.jpg 768w, https:\/\/futureg.sk\/hu\/wp-content\/uploads\/sites\/2\/2022\/09\/EU-FUNDED_official-logo-from-2022-1536x322.jpg 1536w, https:\/\/futureg.sk\/hu\/wp-content\/uploads\/sites\/2\/2022\/09\/EU-FUNDED_official-logo-from-2022-2048x430.jpg 2048w\" sizes=\"auto, (max-width: 300px) 100vw, 300px\" \/><\/a><\/p>\n<p>&nbsp;<\/p>\n<p class=\"p1\"><span class=\"s1\">Az Erasmus+ projekt c\u00edme: Digit\u00e1lis intelligencia n\u00f6veked\u00e9se az ifj\u00fas\u00e1g \u00e9rzelmi min\u0151s\u00e9g\u00e9n kereszt\u00fcl DIGEQ.<\/span><\/p>\n<p class=\"p1\"><span class=\"s1\">A projekt sz\u00e1ma 2021-1-SK02-KA210-YOU-000033913.<\/span><\/p>\n","protected":false},"excerpt":{"rendered":"<p>DIGEQ- avagy a digit\u00e1lis emocion\u00e1lis intelligenci\u00e1r\u00f3l\u00a0 Dunaszerdahelyen &nbsp; A digit\u00e1lis emocion\u00e1lis intelligenci\u00e1r\u00f3l sz\u00f3l\u00f3 nemzetk\u00f6zi konferencia els\u0151 napja a A\u00a0Szent Erzs\u00e9bet F\u0151iskola termeiben ker\u00fclt megrendez\u00e9sre, a Futureg Polg\u00e1ri T\u00e1rsul\u00e1s k\u00f6zrem\u0171k\u00f6d\u00e9s\u00e9vel. A konferencia t\u00e9m\u00e1i k\u00f6z\u00f6tt szerepelt a medi\u00e1ci\u00f3, a gyermekv\u00e9delem, az online biztons\u00e1g \u00e9s mindezek kapcsol\u00f3d\u00e1sa a szoci\u00e1lis munk\u00e1hoz. Az el\u0151ad\u00f3k k\u00f6z\u00fcl t\u00f6bben F\u0151iskol\u00e1nk oktat\u00f3i, akik hangs\u00falyozt\u00e1k, [&hellip;]<\/p>\n","protected":false},"author":1,"featured_media":594,"comment_status":"closed","ping_status":"open","sticky":false,"template":"","format":"standard","meta":{"_monsterinsights_skip_tracking":false,"_monsterinsights_sitenote_active":false,"_monsterinsights_sitenote_note":"","_monsterinsights_sitenote_category":0,"footnotes":""},"categories":[26,20,8,12,1],"tags":[],"class_list":["post-593","post","type-post","status-publish","format-standard","has-post-thumbnail","hentry","category-erasmusplus","category-kutatas","category-projekt","category-region","category-workshop"],"yoast_head":"<!-- This site is optimized with the Yoast SEO plugin v26.1.1 - https:\/\/yoast.com\/wordpress\/plugins\/seo\/ -->\n<title>Digit\u00e1lis EQ volt a t\u00e9maja a dunaszerdahelyi medi\u00e1tor tr\u00e9ningnek - FutuReg PT<\/title>\n<meta name=\"robots\" content=\"index, follow, max-snippet:-1, max-image-preview:large, max-video-preview:-1\" \/>\n<link rel=\"canonical\" href=\"https:\/\/futureg.sk\/hu\/digitalis-eq-volt-a-temaja-a-dunaszerdahelyi-mediator-treningnek\/\" \/>\n<meta property=\"og:locale\" content=\"hu_HU\" \/>\n<meta property=\"og:type\" content=\"article\" \/>\n<meta property=\"og:title\" content=\"Digit\u00e1lis EQ volt a t\u00e9maja a dunaszerdahelyi medi\u00e1tor tr\u00e9ningnek - FutuReg PT\" \/>\n<meta property=\"og:description\" content=\"DIGEQ- avagy a digit\u00e1lis emocion\u00e1lis intelligenci\u00e1r\u00f3l\u00a0 Dunaszerdahelyen &nbsp; A digit\u00e1lis emocion\u00e1lis intelligenci\u00e1r\u00f3l sz\u00f3l\u00f3 nemzetk\u00f6zi konferencia els\u0151 napja a A\u00a0Szent Erzs\u00e9bet F\u0151iskola termeiben ker\u00fclt megrendez\u00e9sre, a Futureg Polg\u00e1ri T\u00e1rsul\u00e1s k\u00f6zrem\u0171k\u00f6d\u00e9s\u00e9vel. A konferencia t\u00e9m\u00e1i k\u00f6z\u00f6tt szerepelt a medi\u00e1ci\u00f3, a gyermekv\u00e9delem, az online biztons\u00e1g \u00e9s mindezek kapcsol\u00f3d\u00e1sa a szoci\u00e1lis munk\u00e1hoz. Az el\u0151ad\u00f3k k\u00f6z\u00fcl t\u00f6bben F\u0151iskol\u00e1nk oktat\u00f3i, akik hangs\u00falyozt\u00e1k, [&hellip;]\" \/>\n<meta property=\"og:url\" content=\"https:\/\/futureg.sk\/hu\/digitalis-eq-volt-a-temaja-a-dunaszerdahelyi-mediator-treningnek\/\" \/>\n<meta property=\"og:site_name\" content=\"FutuReg PT\" \/>\n<meta property=\"article:published_time\" content=\"2022-09-11T14:28:47+00:00\" \/>\n<meta property=\"article:modified_time\" content=\"2023-06-07T05:59:24+00:00\" \/>\n<meta property=\"og:image\" content=\"https:\/\/futureg.sk\/hu\/wp-content\/uploads\/sites\/2\/2022\/09\/DIGEQ1.jpg\" \/>\n\t<meta property=\"og:image:width\" content=\"1840\" \/>\n\t<meta property=\"og:image:height\" content=\"1380\" \/>\n\t<meta property=\"og:image:type\" content=\"image\/jpeg\" \/>\n<meta name=\"author\" content=\"futureg\" \/>\n<meta name=\"twitter:card\" content=\"summary_large_image\" \/>\n<meta name=\"twitter:label1\" content=\"Szerz\u0151:\" \/>\n\t<meta name=\"twitter:data1\" content=\"futureg\" \/>\n\t<meta name=\"twitter:label2\" content=\"Becs\u00fclt olvas\u00e1si id\u0151\" \/>\n\t<meta name=\"twitter:data2\" content=\"3 perc\" \/>\n<script type=\"application\/ld+json\" class=\"yoast-schema-graph\">{\"@context\":\"https:\/\/schema.org\",\"@graph\":[{\"@type\":\"WebPage\",\"@id\":\"https:\/\/futureg.sk\/hu\/digitalis-eq-volt-a-temaja-a-dunaszerdahelyi-mediator-treningnek\/\",\"url\":\"https:\/\/futureg.sk\/hu\/digitalis-eq-volt-a-temaja-a-dunaszerdahelyi-mediator-treningnek\/\",\"name\":\"Digit\u00e1lis EQ volt a t\u00e9maja a dunaszerdahelyi medi\u00e1tor tr\u00e9ningnek - FutuReg PT\",\"isPartOf\":{\"@id\":\"https:\/\/futureg.sk\/hu\/#website\"},\"primaryImageOfPage\":{\"@id\":\"https:\/\/futureg.sk\/hu\/digitalis-eq-volt-a-temaja-a-dunaszerdahelyi-mediator-treningnek\/#primaryimage\"},\"image\":{\"@id\":\"https:\/\/futureg.sk\/hu\/digitalis-eq-volt-a-temaja-a-dunaszerdahelyi-mediator-treningnek\/#primaryimage\"},\"thumbnailUrl\":\"https:\/\/futureg.sk\/hu\/wp-content\/uploads\/sites\/2\/2022\/09\/DIGEQ1.jpg\",\"datePublished\":\"2022-09-11T14:28:47+00:00\",\"dateModified\":\"2023-06-07T05:59:24+00:00\",\"author\":{\"@id\":\"https:\/\/futureg.sk\/hu\/#\/schema\/person\/55778fd0da87f59248b56bc66be71ab5\"},\"breadcrumb\":{\"@id\":\"https:\/\/futureg.sk\/hu\/digitalis-eq-volt-a-temaja-a-dunaszerdahelyi-mediator-treningnek\/#breadcrumb\"},\"inLanguage\":\"hu\",\"potentialAction\":[{\"@type\":\"ReadAction\",\"target\":[\"https:\/\/futureg.sk\/hu\/digitalis-eq-volt-a-temaja-a-dunaszerdahelyi-mediator-treningnek\/\"]}]},{\"@type\":\"ImageObject\",\"inLanguage\":\"hu\",\"@id\":\"https:\/\/futureg.sk\/hu\/digitalis-eq-volt-a-temaja-a-dunaszerdahelyi-mediator-treningnek\/#primaryimage\",\"url\":\"https:\/\/futureg.sk\/hu\/wp-content\/uploads\/sites\/2\/2022\/09\/DIGEQ1.jpg\",\"contentUrl\":\"https:\/\/futureg.sk\/hu\/wp-content\/uploads\/sites\/2\/2022\/09\/DIGEQ1.jpg\",\"width\":1840,\"height\":1380},{\"@type\":\"BreadcrumbList\",\"@id\":\"https:\/\/futureg.sk\/hu\/digitalis-eq-volt-a-temaja-a-dunaszerdahelyi-mediator-treningnek\/#breadcrumb\",\"itemListElement\":[{\"@type\":\"ListItem\",\"position\":1,\"name\":\"Home\",\"item\":\"https:\/\/futureg.sk\/hu\/\"},{\"@type\":\"ListItem\",\"position\":2,\"name\":\"Digit\u00e1lis EQ volt a t\u00e9maja a dunaszerdahelyi medi\u00e1tor tr\u00e9ningnek\"}]},{\"@type\":\"WebSite\",\"@id\":\"https:\/\/futureg.sk\/hu\/#website\",\"url\":\"https:\/\/futureg.sk\/hu\/\",\"name\":\"FutuReg PT\",\"description\":\"R\u00e9gi\u00f3nk \u00e9s gyermekeink fejleszt\u00e9s\u00e9\u00e9rt\",\"potentialAction\":[{\"@type\":\"SearchAction\",\"target\":{\"@type\":\"EntryPoint\",\"urlTemplate\":\"https:\/\/futureg.sk\/hu\/?s={search_term_string}\"},\"query-input\":{\"@type\":\"PropertyValueSpecification\",\"valueRequired\":true,\"valueName\":\"search_term_string\"}}],\"inLanguage\":\"hu\"},{\"@type\":\"Person\",\"@id\":\"https:\/\/futureg.sk\/hu\/#\/schema\/person\/55778fd0da87f59248b56bc66be71ab5\",\"name\":\"futureg\",\"image\":{\"@type\":\"ImageObject\",\"inLanguage\":\"hu\",\"@id\":\"https:\/\/futureg.sk\/hu\/#\/schema\/person\/image\/\",\"url\":\"https:\/\/secure.gravatar.com\/avatar\/db88629feb205bd1540ef21e3582402deadb0a8828b92221f5767b28bbddfab2?s=96&d=mm&r=g\",\"contentUrl\":\"https:\/\/secure.gravatar.com\/avatar\/db88629feb205bd1540ef21e3582402deadb0a8828b92221f5767b28bbddfab2?s=96&d=mm&r=g\",\"caption\":\"futureg\"},\"url\":\"https:\/\/futureg.sk\/hu\/author\/futureg\/\"}]}<\/script>\n<!-- \/ Yoast SEO plugin. -->","yoast_head_json":{"title":"Digit\u00e1lis EQ volt a t\u00e9maja a dunaszerdahelyi medi\u00e1tor tr\u00e9ningnek - FutuReg PT","robots":{"index":"index","follow":"follow","max-snippet":"max-snippet:-1","max-image-preview":"max-image-preview:large","max-video-preview":"max-video-preview:-1"},"canonical":"https:\/\/futureg.sk\/hu\/digitalis-eq-volt-a-temaja-a-dunaszerdahelyi-mediator-treningnek\/","og_locale":"hu_HU","og_type":"article","og_title":"Digit\u00e1lis EQ volt a t\u00e9maja a dunaszerdahelyi medi\u00e1tor tr\u00e9ningnek - FutuReg PT","og_description":"DIGEQ- avagy a digit\u00e1lis emocion\u00e1lis intelligenci\u00e1r\u00f3l\u00a0 Dunaszerdahelyen &nbsp; A digit\u00e1lis emocion\u00e1lis intelligenci\u00e1r\u00f3l sz\u00f3l\u00f3 nemzetk\u00f6zi konferencia els\u0151 napja a A\u00a0Szent Erzs\u00e9bet F\u0151iskola termeiben ker\u00fclt megrendez\u00e9sre, a Futureg Polg\u00e1ri T\u00e1rsul\u00e1s k\u00f6zrem\u0171k\u00f6d\u00e9s\u00e9vel. A konferencia t\u00e9m\u00e1i k\u00f6z\u00f6tt szerepelt a medi\u00e1ci\u00f3, a gyermekv\u00e9delem, az online biztons\u00e1g \u00e9s mindezek kapcsol\u00f3d\u00e1sa a szoci\u00e1lis munk\u00e1hoz. Az el\u0151ad\u00f3k k\u00f6z\u00fcl t\u00f6bben F\u0151iskol\u00e1nk oktat\u00f3i, akik hangs\u00falyozt\u00e1k, [&hellip;]","og_url":"https:\/\/futureg.sk\/hu\/digitalis-eq-volt-a-temaja-a-dunaszerdahelyi-mediator-treningnek\/","og_site_name":"FutuReg PT","article_published_time":"2022-09-11T14:28:47+00:00","article_modified_time":"2023-06-07T05:59:24+00:00","og_image":[{"width":1840,"height":1380,"url":"https:\/\/futureg.sk\/hu\/wp-content\/uploads\/sites\/2\/2022\/09\/DIGEQ1.jpg","type":"image\/jpeg"}],"author":"futureg","twitter_card":"summary_large_image","twitter_misc":{"Szerz\u0151:":"futureg","Becs\u00fclt olvas\u00e1si id\u0151":"3 perc"},"schema":{"@context":"https:\/\/schema.org","@graph":[{"@type":"WebPage","@id":"https:\/\/futureg.sk\/hu\/digitalis-eq-volt-a-temaja-a-dunaszerdahelyi-mediator-treningnek\/","url":"https:\/\/futureg.sk\/hu\/digitalis-eq-volt-a-temaja-a-dunaszerdahelyi-mediator-treningnek\/","name":"Digit\u00e1lis EQ volt a t\u00e9maja a dunaszerdahelyi medi\u00e1tor tr\u00e9ningnek - FutuReg PT","isPartOf":{"@id":"https:\/\/futureg.sk\/hu\/#website"},"primaryImageOfPage":{"@id":"https:\/\/futureg.sk\/hu\/digitalis-eq-volt-a-temaja-a-dunaszerdahelyi-mediator-treningnek\/#primaryimage"},"image":{"@id":"https:\/\/futureg.sk\/hu\/digitalis-eq-volt-a-temaja-a-dunaszerdahelyi-mediator-treningnek\/#primaryimage"},"thumbnailUrl":"https:\/\/futureg.sk\/hu\/wp-content\/uploads\/sites\/2\/2022\/09\/DIGEQ1.jpg","datePublished":"2022-09-11T14:28:47+00:00","dateModified":"2023-06-07T05:59:24+00:00","author":{"@id":"https:\/\/futureg.sk\/hu\/#\/schema\/person\/55778fd0da87f59248b56bc66be71ab5"},"breadcrumb":{"@id":"https:\/\/futureg.sk\/hu\/digitalis-eq-volt-a-temaja-a-dunaszerdahelyi-mediator-treningnek\/#breadcrumb"},"inLanguage":"hu","potentialAction":[{"@type":"ReadAction","target":["https:\/\/futureg.sk\/hu\/digitalis-eq-volt-a-temaja-a-dunaszerdahelyi-mediator-treningnek\/"]}]},{"@type":"ImageObject","inLanguage":"hu","@id":"https:\/\/futureg.sk\/hu\/digitalis-eq-volt-a-temaja-a-dunaszerdahelyi-mediator-treningnek\/#primaryimage","url":"https:\/\/futureg.sk\/hu\/wp-content\/uploads\/sites\/2\/2022\/09\/DIGEQ1.jpg","contentUrl":"https:\/\/futureg.sk\/hu\/wp-content\/uploads\/sites\/2\/2022\/09\/DIGEQ1.jpg","width":1840,"height":1380},{"@type":"BreadcrumbList","@id":"https:\/\/futureg.sk\/hu\/digitalis-eq-volt-a-temaja-a-dunaszerdahelyi-mediator-treningnek\/#breadcrumb","itemListElement":[{"@type":"ListItem","position":1,"name":"Home","item":"https:\/\/futureg.sk\/hu\/"},{"@type":"ListItem","position":2,"name":"Digit\u00e1lis EQ volt a t\u00e9maja a dunaszerdahelyi medi\u00e1tor tr\u00e9ningnek"}]},{"@type":"WebSite","@id":"https:\/\/futureg.sk\/hu\/#website","url":"https:\/\/futureg.sk\/hu\/","name":"FutuReg PT","description":"R\u00e9gi\u00f3nk \u00e9s gyermekeink fejleszt\u00e9s\u00e9\u00e9rt","potentialAction":[{"@type":"SearchAction","target":{"@type":"EntryPoint","urlTemplate":"https:\/\/futureg.sk\/hu\/?s={search_term_string}"},"query-input":{"@type":"PropertyValueSpecification","valueRequired":true,"valueName":"search_term_string"}}],"inLanguage":"hu"},{"@type":"Person","@id":"https:\/\/futureg.sk\/hu\/#\/schema\/person\/55778fd0da87f59248b56bc66be71ab5","name":"futureg","image":{"@type":"ImageObject","inLanguage":"hu","@id":"https:\/\/futureg.sk\/hu\/#\/schema\/person\/image\/","url":"https:\/\/secure.gravatar.com\/avatar\/db88629feb205bd1540ef21e3582402deadb0a8828b92221f5767b28bbddfab2?s=96&d=mm&r=g","contentUrl":"https:\/\/secure.gravatar.com\/avatar\/db88629feb205bd1540ef21e3582402deadb0a8828b92221f5767b28bbddfab2?s=96&d=mm&r=g","caption":"futureg"},"url":"https:\/\/futureg.sk\/hu\/author\/futureg\/"}]}},"_links":{"self":[{"href":"https:\/\/futureg.sk\/hu\/wp-json\/wp\/v2\/posts\/593","targetHints":{"allow":["GET"]}}],"collection":[{"href":"https:\/\/futureg.sk\/hu\/wp-json\/wp\/v2\/posts"}],"about":[{"href":"https:\/\/futureg.sk\/hu\/wp-json\/wp\/v2\/types\/post"}],"author":[{"embeddable":true,"href":"https:\/\/futureg.sk\/hu\/wp-json\/wp\/v2\/users\/1"}],"replies":[{"embeddable":true,"href":"https:\/\/futureg.sk\/hu\/wp-json\/wp\/v2\/comments?post=593"}],"version-history":[{"count":4,"href":"https:\/\/futureg.sk\/hu\/wp-json\/wp\/v2\/posts\/593\/revisions"}],"predecessor-version":[{"id":749,"href":"https:\/\/futureg.sk\/hu\/wp-json\/wp\/v2\/posts\/593\/revisions\/749"}],"wp:featuredmedia":[{"embeddable":true,"href":"https:\/\/futureg.sk\/hu\/wp-json\/wp\/v2\/media\/594"}],"wp:attachment":[{"href":"https:\/\/futureg.sk\/hu\/wp-json\/wp\/v2\/media?parent=593"}],"wp:term":[{"taxonomy":"category","embeddable":true,"href":"https:\/\/futureg.sk\/hu\/wp-json\/wp\/v2\/categories?post=593"},{"taxonomy":"post_tag","embeddable":true,"href":"https:\/\/futureg.sk\/hu\/wp-json\/wp\/v2\/tags?post=593"}],"curies":[{"name":"wp","href":"https:\/\/api.w.org\/{rel}","templated":true}]}}