{"id":587,"date":"2022-06-12T15:50:38","date_gmt":"2022-06-12T15:50:38","guid":{"rendered":"https:\/\/futureg.sk\/hu\/?p=587"},"modified":"2022-06-12T15:50:38","modified_gmt":"2022-06-12T15:50:38","slug":"wowit-konferencia-dunaszerdahely-2022-junius-8","status":"publish","type":"post","link":"https:\/\/futureg.sk\/hu\/wowit-konferencia-dunaszerdahely-2022-junius-8\/","title":{"rendered":"WOWIT konferencia Dunaszerdahely 2022. j\u00fanius 8."},"content":{"rendered":"<p align=\"justify\">A WOWIT \u2013 r\u00f3l sz\u00f3l\u00f3 nemzetk\u00f6zi konferencia m\u00e1sodik napja a New York Coffe and Restaurant l\u00e9tes\u00edtm\u00e9ny\u00e9n bel\u00fcl ker\u00fclt megrendez\u00e9sre, amelynek f\u0151 c\u00e9lja az volt, hogy az inkluz\u00edv technik\u00e1k \u00e9s oktat\u00e1si m\u00f3dszerek seg\u00edts\u00e9g\u00e9vel a n\u0151k megtal\u00e1lj\u00e1k hely\u00fcket a munkaer\u0151piacon.<\/p>\n<p align=\"justify\">Az aznapi konferencia t\u00e9m\u00e1i nagyon soksz\u00edn\u0171ek voltak, t\u00f6bbek k\u00f6z\u00f6tt megismerkedhett\u00fcnk Dunaszerdahely egyik j\u00e1tsz\u00f3h\u00e1z\u00e1val, a m\u00e9dia vil\u00e1g\u00e1val, az oktat\u00e1s innovat\u00edv metodol\u00f3gi\u00e1j\u00e1val illetve az \u00e9desany\u00e1k munk\u00e1ba val\u00f3 visszat\u00e9r\u00e9s\u00e9nek jellemz\u0151ivel. Az el\u0151ad\u00f3k k\u00f6z\u00fcl t\u00f6bben is saj\u00e1t anyanyelv\u00fcket prefer\u00e1lt\u00e1k el\u0151ad\u00e1suk k\u00f6zben, \u00e1m a konferencia szervez\u00e9s\u00e9nek illetve a nemzetk\u00f6zi partnerek rugalmass\u00e1g\u00e1nak k\u00f6sz\u00f6nhet\u0151en ez sem szabhatott semmif\u00e9le g\u00e1tat a lebonyol\u00edt\u00e1sban. Mint a szlov\u00e9n, mint pedig a cseh partnerek ennek k\u00f6sz\u00f6nhet\u0151en megismerhett\u00e9k a magyar nyelv sz\u00e9ps\u00e9g\u00e9t, amelyet term\u00e9szetesen a k\u00f6z\u00f6s nyelvre, azaz az angolra val\u00f3 p\u00e1rhuzamos ford\u00edt\u00e1sa k\u00eds\u00e9rte.<\/p>\n<p align=\"justify\">Az els\u0151 el\u0151ad\u00e1s keretein bel\u00fcl Nagy M\u00f3nika a Vovo Land egyik alap\u00edt\u00f3j\u00e1val ismerkedhett\u00fcnk meg, aki ismertette a r\u00e9sztvev\u0151k sz\u00e1m\u00e1ra, hogy mi\u00e9rt d\u00f6nt\u00f6ttek \u00fagy p\u00e1rj\u00e1val, hogy megalap\u00edts\u00e1k akkoriban m\u00e9g egyed\u00fcl\u00e1ll\u00f3nak sz\u00e1m\u00edtott k\u00f6z\u00f6s j\u00e1tsz\u00f3h\u00e1zukat. Sok \u00e9rdekess\u00e9g mellett t\u00f6bbek k\u00f6z\u00f6tt azt is megtudhattuk, hogy j\u00e1tsz\u00f3h\u00e1zuk nev\u00e9t gyermek\u00fck legkedvesebb pl\u00fcss\u00e1llata ihlette, illetve log\u00f3juk M\u00f3nika p\u00e1rj\u00e1nak vezet\u00e9knev\u00e9b\u0151l sz\u00e1rmazik. A Vovo Land mai napig akt\u00edvan m\u0171k\u00f6d\u0151 j\u00e1tsz\u00f3h\u00e1z, ahol sz\u00e1mtalan program ker\u00fcl megrendez\u00e9sre \u00e9vr\u0151l \u2013 \u00e9vre, ilyenek p\u00e9ld\u00e1ul a Vovo Talk, Vovo Camp vagy a Vovo Land Family Days.<\/p>\n<p align=\"justify\">M\u00e1sodik el\u0151ad\u00f3nk T\u00f3th T\u00fcnde volt, aki Csall\u00f3k\u00f6z egyik legkedveltebb riportern\u0151je. T\u00fcnde el\u0151ad\u00e1sa rendhagy\u00f3v\u00e1 sikeredett, hiszen az eddigi el\u0151ad\u00f3kkal ellent\u00e9tben el\u0151ad\u00e1s\u00e1t nem prezent\u00e1ci\u00f3 k\u00eds\u00e9rte, hanem sokkal ink\u00e1bb fizikai jelenl\u00e9t\u00e9vel \u00e9s a szavak erej\u00e9vel k\u00f6t\u00f6tte le k\u00f6z\u00f6ns\u00e9g\u00e9nek figyelm\u00e9t. Alapvet\u0151en h\u00e1rom t\u00e9mak\u00f6rt j\u00e1rt k\u00f6rben, t\u00f6bbek k\u00f6z\u00f6tt arr\u00f3l is besz\u00e9lt, hogy hogyan ker\u00fclt a m\u00e9dia vil\u00e1g\u00e1ba. T\u00fcnd\u00e9r\u0151l megtudhattuk, hogy fels\u0151fok\u00fa v\u00e9gzetts\u00e9ge tan\u00e1r, ennek a hivat\u00e1snak egy \u00e9vet szentelve r\u00e1eszm\u00e9lt arra, hogy ez nem az \u0151 \u00e9letp\u00e1ly\u00e1ja, a m\u00e9dia vil\u00e1ga sokkal ink\u00e1bb vonzotta \u0151t. El\u0151ad\u00e1s\u00e1nak f\u0151 \u00fczenete ezekben a mondatokban rejlett, hiszen ahhoz, hogy az ember sikeress\u00e9 v\u00e1ljon, kulcsfontoss\u00e1g\u00fa, hogy tiszta sz\u00edvb\u0151l szeresse azt, amit csin\u00e1l.<\/p>\n<p align=\"justify\">T\u00fcnde el\u0151ad\u00e1s\u00e1t k\u00f6vet\u0151en a r\u00e9szvev\u0151k finom eb\u00e9det fogyasztottak el, amely az \u00e9tteremben dolgoz\u00f3 szak\u00e1csok \u00e9s felszolg\u00e1l\u00f3k \u00e9rdeme volt, hiszen kedves \u00e9s k\u00e9szs\u00e9ges felszolg\u00e1l\u00e1sukkal ide\u00e1lis l\u00e9gk\u00f6rt teremtettek az eb\u00e9dhez.<\/p>\n<p align=\"justify\">Az eb\u00e9dsz\u00fcnet letelte ut\u00e1n Ivett Pavlis a\u00a0Rodi<span lang=\"sk-SK\">\u010d \u013eavou zadnou<\/span> alap\u00edt\u00f3ja ismertette munk\u00e1ss\u00e1g\u00e1t. Ivett r\u00f6viden \u00f6sszefoglalta, hogy a mag\u00e1n\u00e9let\u00e9ben melyek voltak azok az esem\u00e9nyek, amelyek arra motiv\u00e1lt\u00e1k \u0151t, hogy l\u00e9trehozza ezt az innovat\u00edv oktat\u00e1si metodol\u00f3gi\u00e1t. M\u00f3dszere \u00e1ltal\u00e1nos iskola als\u00f3 tagozat\u00e1t\u00f3l eg\u00e9szen k\u00f6z\u00e9piskol\u00e1s korig remek\u00fcl alkalmazhat\u00f3. Ennek k\u00fcl\u00f6nlegess\u00e9ge abban rejlik, hogy ezekbe a gyakorlatokba a sz\u00fcl\u0151ket is akt\u00edvan belevonja, el\u0151ad\u00e1sa k\u00f6zben konkr\u00e9t p\u00e9ld\u00e1kkal is szolg\u00e1lt a hallgat\u00f3s\u00e1gnak, ilyen volt p\u00e9ld\u00e1ul a konfliktuskezel\u00e9sr\u0151l sz\u00f3l\u00f3 gyakorlata, ahol a sz\u00fcl\u0151k \u00e9s a gyerekek k\u00fcl\u00f6n\u00e1ll\u00f3 csoportot k\u00e9peztek. Az egyik csoport a termen bel\u00fcl tart\u00f3zkodva egy alapvet\u0151 szitu\u00e1ci\u00f3val ismerkedett meg, m\u00edg a m\u00e1sik csoport, akik a termen k\u00edv\u00fcl tart\u00f3zkodtak, egy teljesen elt\u00e9r\u0151 szitu\u00e1ci\u00f3r\u00f3l kaptak inform\u00e1ci\u00f3kat. Amikor a k\u00e9t csoport tal\u00e1lkozott ellent\u00e9tes inform\u00e1ci\u00f3kb\u00f3l kiindulva oldott\u00e1k meg a fenn\u00e1ll\u00f3 probl\u00e9m\u00e1t. Ebb\u0151l a r\u00f6vid bemutat\u00f3b\u00f3l is l\u00e1that\u00f3, hogy Ivett tev\u00e9kenys\u00e9geit min\u00e9l \u00e9letszer\u0171bb\u00e9 \u00e9s h\u00e9tk\u00f6znapiv\u00e1 k\u00edv\u00e1nja var\u00e1zsolni az \u00e1ltala l\u00e9trehozott tev\u00e9kenys\u00e9gek keretein bel\u00fcl.<\/p>\n<p align=\"justify\">Az aznapi utols\u00f3 el\u0151ad\u00f3 Mrva Marianna szociol\u00f3gus volt. Az \u0151 t\u00e9m\u00e1j\u00e1t a n\u0151k munkaer\u0151piachoz viszony\u00edtott helyzete k\u00e9pezte. Az el\u0151ad\u00f3 statisztik\u00e1k seg\u00edts\u00e9g\u00e9vel r\u00e1mutatott arra, hogy a gyermektelen dolgoz\u00f3 n\u0151k a munkaer\u0151piacon ugyanolyan m\u00e9rt\u00e9kben jelen vannak ak\u00e1r a dolgoz\u00f3 f\u00e9rfiak. Az any\u00e1k viszont struktur\u00e1lis illetve kultur\u00e1lis probl\u00e9m\u00e1kba \u00fctk\u00f6zhetnek munkahely\u00fckre val\u00f3 visszat\u00e9r\u00e9sekor. A gyakorlati \u00e9letben struktur\u00e1lis probl\u00e9ma lehet az, hogy vannak olyan r\u00e9gi\u00f3k ahol a b\u00f6lcs\u0151d\u00e9k \u00e9s \u00f3vod\u00e1k nehezen el\u00e9rhet\u0151ek. Kultur\u00e1lis probl\u00e9m\u00e1nak pedig az adott c\u00e9gkult\u00fara tudhat\u00f3 be, ahol p\u00e9ld\u00e1ul egy 3 \u00f3r\u00e1s meeting nehezen egyeztethet\u0151 \u00f6ssze egy anya sz\u00e1m\u00e1ra, hiszen neki a gyermekeir\u0151l val\u00f3 gondoskod\u00e1st is biztos\u00edtania kell egyidej\u0171leg.<\/p>\n<p align=\"justify\"><a name=\"_GoBack\"><\/a> Az el\u0151ad\u00e1sok \u00fczenete az volt, hogy a n\u0151k bizony sokoldal\u00faak a munkaer\u0151piac ter\u00fclet\u00e9n bel\u00fcl is. Vannak n\u0151k, akik v\u00e1llalkoz\u00f3kk\u00e1, m\u00e9dia szem\u00e9lyis\u00e9gekk\u00e9, szociol\u00f3gussokk\u00e1 esetleg remek oktat\u00f3kk\u00e1 avanzs\u00e1l\u00f3dnak saj\u00e1t \u00e9rdekl\u0151d\u00e9si k\u00f6r\u00fck alapj\u00e1n. \u00c1m a felismer\u00e9s, az elhivatotts\u00e1g, a szorgalom, az akad\u00e1lyok lek\u00fczd\u00e9se \u00e9s a t\u00f6retlen hit az, amely \u0151ket min\u00e9l el\u0151r\u00e9bb vezeti a munkaer\u0151piacon bel\u00fcl ak\u00e1r a felmer\u00fcl\u0151 kiz\u00e1r\u00f3lag n\u0151ket \u00e9rint\u0151 specifikus probl\u00e9m\u00e1k ellen\u00e9re is. \u00dagy \u00e9rezz\u00fck a hallgat\u00f3s\u00e1g sz\u00e1m\u00e1ra er\u0151s motiv\u00e1ci\u00f3k\u00e9nt \u00e9s p\u00e9ldak\u00e9nt szolg\u00e1ltak az el\u0151ad\u00f3k \u00e9s az \u00e1ltaluk prezent\u00e1lt el\u0151ad\u00e1saik is.<\/p>\n<p align=\"justify\">A konferenci\u00e1t az ERASMUS + t\u00e1mogatta.<\/p>\n","protected":false},"excerpt":{"rendered":"<p>A WOWIT \u2013 r\u00f3l sz\u00f3l\u00f3 nemzetk\u00f6zi konferencia m\u00e1sodik napja a New York Coffe and Restaurant l\u00e9tes\u00edtm\u00e9ny\u00e9n bel\u00fcl ker\u00fclt megrendez\u00e9sre, amelynek f\u0151 c\u00e9lja az volt, hogy az inkluz\u00edv technik\u00e1k \u00e9s oktat\u00e1si m\u00f3dszerek seg\u00edts\u00e9g\u00e9vel a n\u0151k megtal\u00e1lj\u00e1k hely\u00fcket a munkaer\u0151piacon. Az aznapi konferencia t\u00e9m\u00e1i nagyon soksz\u00edn\u0171ek voltak, t\u00f6bbek k\u00f6z\u00f6tt megismerkedhett\u00fcnk Dunaszerdahely egyik j\u00e1tsz\u00f3h\u00e1z\u00e1val, a m\u00e9dia vil\u00e1g\u00e1val, az [&hellip;]<\/p>\n","protected":false},"author":1,"featured_media":588,"comment_status":"closed","ping_status":"open","sticky":false,"template":"","format":"standard","meta":{"_monsterinsights_skip_tracking":false,"_monsterinsights_sitenote_active":false,"_monsterinsights_sitenote_note":"","_monsterinsights_sitenote_category":0,"footnotes":""},"categories":[8],"tags":[13,25],"class_list":["post-587","post","type-post","status-publish","format-standard","has-post-thumbnail","hentry","category-projekt","tag-csallokoz","tag-wowit"],"yoast_head":"<!-- This site is optimized with the Yoast SEO plugin v26.1.1 - https:\/\/yoast.com\/wordpress\/plugins\/seo\/ -->\n<title>WOWIT konferencia Dunaszerdahely 2022. j\u00fanius 8. - FutuReg PT<\/title>\n<meta name=\"robots\" content=\"index, follow, max-snippet:-1, max-image-preview:large, max-video-preview:-1\" \/>\n<link rel=\"canonical\" href=\"https:\/\/futureg.sk\/hu\/wowit-konferencia-dunaszerdahely-2022-junius-8\/\" \/>\n<meta property=\"og:locale\" content=\"hu_HU\" \/>\n<meta property=\"og:type\" content=\"article\" \/>\n<meta property=\"og:title\" content=\"WOWIT konferencia Dunaszerdahely 2022. j\u00fanius 8. - FutuReg PT\" \/>\n<meta property=\"og:description\" content=\"A WOWIT \u2013 r\u00f3l sz\u00f3l\u00f3 nemzetk\u00f6zi konferencia m\u00e1sodik napja a New York Coffe and Restaurant l\u00e9tes\u00edtm\u00e9ny\u00e9n bel\u00fcl ker\u00fclt megrendez\u00e9sre, amelynek f\u0151 c\u00e9lja az volt, hogy az inkluz\u00edv technik\u00e1k \u00e9s oktat\u00e1si m\u00f3dszerek seg\u00edts\u00e9g\u00e9vel a n\u0151k megtal\u00e1lj\u00e1k hely\u00fcket a munkaer\u0151piacon. Az aznapi konferencia t\u00e9m\u00e1i nagyon soksz\u00edn\u0171ek voltak, t\u00f6bbek k\u00f6z\u00f6tt megismerkedhett\u00fcnk Dunaszerdahely egyik j\u00e1tsz\u00f3h\u00e1z\u00e1val, a m\u00e9dia vil\u00e1g\u00e1val, az [&hellip;]\" \/>\n<meta property=\"og:url\" content=\"https:\/\/futureg.sk\/hu\/wowit-konferencia-dunaszerdahely-2022-junius-8\/\" \/>\n<meta property=\"og:site_name\" content=\"FutuReg PT\" \/>\n<meta property=\"article:published_time\" content=\"2022-06-12T15:50:38+00:00\" \/>\n<meta property=\"og:image\" content=\"https:\/\/futureg.sk\/hu\/wp-content\/uploads\/sites\/2\/2022\/06\/received_3333712753617670.jpeg\" \/>\n\t<meta property=\"og:image:width\" content=\"2000\" \/>\n\t<meta property=\"og:image:height\" content=\"1500\" \/>\n\t<meta property=\"og:image:type\" content=\"image\/jpeg\" \/>\n<meta name=\"author\" content=\"futureg\" \/>\n<meta name=\"twitter:card\" content=\"summary_large_image\" \/>\n<meta name=\"twitter:label1\" content=\"Szerz\u0151:\" \/>\n\t<meta name=\"twitter:data1\" content=\"futureg\" \/>\n\t<meta name=\"twitter:label2\" content=\"Becs\u00fclt olvas\u00e1si id\u0151\" \/>\n\t<meta name=\"twitter:data2\" content=\"6 perc\" \/>\n<script type=\"application\/ld+json\" class=\"yoast-schema-graph\">{\"@context\":\"https:\/\/schema.org\",\"@graph\":[{\"@type\":\"WebPage\",\"@id\":\"https:\/\/futureg.sk\/hu\/wowit-konferencia-dunaszerdahely-2022-junius-8\/\",\"url\":\"https:\/\/futureg.sk\/hu\/wowit-konferencia-dunaszerdahely-2022-junius-8\/\",\"name\":\"WOWIT konferencia Dunaszerdahely 2022. j\u00fanius 8. - FutuReg PT\",\"isPartOf\":{\"@id\":\"https:\/\/futureg.sk\/hu\/#website\"},\"primaryImageOfPage\":{\"@id\":\"https:\/\/futureg.sk\/hu\/wowit-konferencia-dunaszerdahely-2022-junius-8\/#primaryimage\"},\"image\":{\"@id\":\"https:\/\/futureg.sk\/hu\/wowit-konferencia-dunaszerdahely-2022-junius-8\/#primaryimage\"},\"thumbnailUrl\":\"https:\/\/futureg.sk\/hu\/wp-content\/uploads\/sites\/2\/2022\/06\/received_3333712753617670.jpeg\",\"datePublished\":\"2022-06-12T15:50:38+00:00\",\"author\":{\"@id\":\"https:\/\/futureg.sk\/hu\/#\/schema\/person\/55778fd0da87f59248b56bc66be71ab5\"},\"breadcrumb\":{\"@id\":\"https:\/\/futureg.sk\/hu\/wowit-konferencia-dunaszerdahely-2022-junius-8\/#breadcrumb\"},\"inLanguage\":\"hu\",\"potentialAction\":[{\"@type\":\"ReadAction\",\"target\":[\"https:\/\/futureg.sk\/hu\/wowit-konferencia-dunaszerdahely-2022-junius-8\/\"]}]},{\"@type\":\"ImageObject\",\"inLanguage\":\"hu\",\"@id\":\"https:\/\/futureg.sk\/hu\/wowit-konferencia-dunaszerdahely-2022-junius-8\/#primaryimage\",\"url\":\"https:\/\/futureg.sk\/hu\/wp-content\/uploads\/sites\/2\/2022\/06\/received_3333712753617670.jpeg\",\"contentUrl\":\"https:\/\/futureg.sk\/hu\/wp-content\/uploads\/sites\/2\/2022\/06\/received_3333712753617670.jpeg\",\"width\":2000,\"height\":1500,\"caption\":\"WOWIT szerdai r\u00e9sztvev\u0151i\"},{\"@type\":\"BreadcrumbList\",\"@id\":\"https:\/\/futureg.sk\/hu\/wowit-konferencia-dunaszerdahely-2022-junius-8\/#breadcrumb\",\"itemListElement\":[{\"@type\":\"ListItem\",\"position\":1,\"name\":\"Home\",\"item\":\"https:\/\/futureg.sk\/hu\/\"},{\"@type\":\"ListItem\",\"position\":2,\"name\":\"WOWIT konferencia Dunaszerdahely 2022. j\u00fanius 8.\"}]},{\"@type\":\"WebSite\",\"@id\":\"https:\/\/futureg.sk\/hu\/#website\",\"url\":\"https:\/\/futureg.sk\/hu\/\",\"name\":\"FutuReg PT\",\"description\":\"R\u00e9gi\u00f3nk \u00e9s gyermekeink fejleszt\u00e9s\u00e9\u00e9rt\",\"potentialAction\":[{\"@type\":\"SearchAction\",\"target\":{\"@type\":\"EntryPoint\",\"urlTemplate\":\"https:\/\/futureg.sk\/hu\/?s={search_term_string}\"},\"query-input\":{\"@type\":\"PropertyValueSpecification\",\"valueRequired\":true,\"valueName\":\"search_term_string\"}}],\"inLanguage\":\"hu\"},{\"@type\":\"Person\",\"@id\":\"https:\/\/futureg.sk\/hu\/#\/schema\/person\/55778fd0da87f59248b56bc66be71ab5\",\"name\":\"futureg\",\"image\":{\"@type\":\"ImageObject\",\"inLanguage\":\"hu\",\"@id\":\"https:\/\/futureg.sk\/hu\/#\/schema\/person\/image\/\",\"url\":\"https:\/\/secure.gravatar.com\/avatar\/db88629feb205bd1540ef21e3582402deadb0a8828b92221f5767b28bbddfab2?s=96&d=mm&r=g\",\"contentUrl\":\"https:\/\/secure.gravatar.com\/avatar\/db88629feb205bd1540ef21e3582402deadb0a8828b92221f5767b28bbddfab2?s=96&d=mm&r=g\",\"caption\":\"futureg\"},\"url\":\"https:\/\/futureg.sk\/hu\/author\/futureg\/\"}]}<\/script>\n<!-- \/ Yoast SEO plugin. -->","yoast_head_json":{"title":"WOWIT konferencia Dunaszerdahely 2022. j\u00fanius 8. - FutuReg PT","robots":{"index":"index","follow":"follow","max-snippet":"max-snippet:-1","max-image-preview":"max-image-preview:large","max-video-preview":"max-video-preview:-1"},"canonical":"https:\/\/futureg.sk\/hu\/wowit-konferencia-dunaszerdahely-2022-junius-8\/","og_locale":"hu_HU","og_type":"article","og_title":"WOWIT konferencia Dunaszerdahely 2022. j\u00fanius 8. - FutuReg PT","og_description":"A WOWIT \u2013 r\u00f3l sz\u00f3l\u00f3 nemzetk\u00f6zi konferencia m\u00e1sodik napja a New York Coffe and Restaurant l\u00e9tes\u00edtm\u00e9ny\u00e9n bel\u00fcl ker\u00fclt megrendez\u00e9sre, amelynek f\u0151 c\u00e9lja az volt, hogy az inkluz\u00edv technik\u00e1k \u00e9s oktat\u00e1si m\u00f3dszerek seg\u00edts\u00e9g\u00e9vel a n\u0151k megtal\u00e1lj\u00e1k hely\u00fcket a munkaer\u0151piacon. Az aznapi konferencia t\u00e9m\u00e1i nagyon soksz\u00edn\u0171ek voltak, t\u00f6bbek k\u00f6z\u00f6tt megismerkedhett\u00fcnk Dunaszerdahely egyik j\u00e1tsz\u00f3h\u00e1z\u00e1val, a m\u00e9dia vil\u00e1g\u00e1val, az [&hellip;]","og_url":"https:\/\/futureg.sk\/hu\/wowit-konferencia-dunaszerdahely-2022-junius-8\/","og_site_name":"FutuReg PT","article_published_time":"2022-06-12T15:50:38+00:00","og_image":[{"width":2000,"height":1500,"url":"https:\/\/futureg.sk\/hu\/wp-content\/uploads\/sites\/2\/2022\/06\/received_3333712753617670.jpeg","type":"image\/jpeg"}],"author":"futureg","twitter_card":"summary_large_image","twitter_misc":{"Szerz\u0151:":"futureg","Becs\u00fclt olvas\u00e1si id\u0151":"6 perc"},"schema":{"@context":"https:\/\/schema.org","@graph":[{"@type":"WebPage","@id":"https:\/\/futureg.sk\/hu\/wowit-konferencia-dunaszerdahely-2022-junius-8\/","url":"https:\/\/futureg.sk\/hu\/wowit-konferencia-dunaszerdahely-2022-junius-8\/","name":"WOWIT konferencia Dunaszerdahely 2022. j\u00fanius 8. - FutuReg PT","isPartOf":{"@id":"https:\/\/futureg.sk\/hu\/#website"},"primaryImageOfPage":{"@id":"https:\/\/futureg.sk\/hu\/wowit-konferencia-dunaszerdahely-2022-junius-8\/#primaryimage"},"image":{"@id":"https:\/\/futureg.sk\/hu\/wowit-konferencia-dunaszerdahely-2022-junius-8\/#primaryimage"},"thumbnailUrl":"https:\/\/futureg.sk\/hu\/wp-content\/uploads\/sites\/2\/2022\/06\/received_3333712753617670.jpeg","datePublished":"2022-06-12T15:50:38+00:00","author":{"@id":"https:\/\/futureg.sk\/hu\/#\/schema\/person\/55778fd0da87f59248b56bc66be71ab5"},"breadcrumb":{"@id":"https:\/\/futureg.sk\/hu\/wowit-konferencia-dunaszerdahely-2022-junius-8\/#breadcrumb"},"inLanguage":"hu","potentialAction":[{"@type":"ReadAction","target":["https:\/\/futureg.sk\/hu\/wowit-konferencia-dunaszerdahely-2022-junius-8\/"]}]},{"@type":"ImageObject","inLanguage":"hu","@id":"https:\/\/futureg.sk\/hu\/wowit-konferencia-dunaszerdahely-2022-junius-8\/#primaryimage","url":"https:\/\/futureg.sk\/hu\/wp-content\/uploads\/sites\/2\/2022\/06\/received_3333712753617670.jpeg","contentUrl":"https:\/\/futureg.sk\/hu\/wp-content\/uploads\/sites\/2\/2022\/06\/received_3333712753617670.jpeg","width":2000,"height":1500,"caption":"WOWIT szerdai r\u00e9sztvev\u0151i"},{"@type":"BreadcrumbList","@id":"https:\/\/futureg.sk\/hu\/wowit-konferencia-dunaszerdahely-2022-junius-8\/#breadcrumb","itemListElement":[{"@type":"ListItem","position":1,"name":"Home","item":"https:\/\/futureg.sk\/hu\/"},{"@type":"ListItem","position":2,"name":"WOWIT konferencia Dunaszerdahely 2022. j\u00fanius 8."}]},{"@type":"WebSite","@id":"https:\/\/futureg.sk\/hu\/#website","url":"https:\/\/futureg.sk\/hu\/","name":"FutuReg PT","description":"R\u00e9gi\u00f3nk \u00e9s gyermekeink fejleszt\u00e9s\u00e9\u00e9rt","potentialAction":[{"@type":"SearchAction","target":{"@type":"EntryPoint","urlTemplate":"https:\/\/futureg.sk\/hu\/?s={search_term_string}"},"query-input":{"@type":"PropertyValueSpecification","valueRequired":true,"valueName":"search_term_string"}}],"inLanguage":"hu"},{"@type":"Person","@id":"https:\/\/futureg.sk\/hu\/#\/schema\/person\/55778fd0da87f59248b56bc66be71ab5","name":"futureg","image":{"@type":"ImageObject","inLanguage":"hu","@id":"https:\/\/futureg.sk\/hu\/#\/schema\/person\/image\/","url":"https:\/\/secure.gravatar.com\/avatar\/db88629feb205bd1540ef21e3582402deadb0a8828b92221f5767b28bbddfab2?s=96&d=mm&r=g","contentUrl":"https:\/\/secure.gravatar.com\/avatar\/db88629feb205bd1540ef21e3582402deadb0a8828b92221f5767b28bbddfab2?s=96&d=mm&r=g","caption":"futureg"},"url":"https:\/\/futureg.sk\/hu\/author\/futureg\/"}]}},"_links":{"self":[{"href":"https:\/\/futureg.sk\/hu\/wp-json\/wp\/v2\/posts\/587","targetHints":{"allow":["GET"]}}],"collection":[{"href":"https:\/\/futureg.sk\/hu\/wp-json\/wp\/v2\/posts"}],"about":[{"href":"https:\/\/futureg.sk\/hu\/wp-json\/wp\/v2\/types\/post"}],"author":[{"embeddable":true,"href":"https:\/\/futureg.sk\/hu\/wp-json\/wp\/v2\/users\/1"}],"replies":[{"embeddable":true,"href":"https:\/\/futureg.sk\/hu\/wp-json\/wp\/v2\/comments?post=587"}],"version-history":[{"count":1,"href":"https:\/\/futureg.sk\/hu\/wp-json\/wp\/v2\/posts\/587\/revisions"}],"predecessor-version":[{"id":589,"href":"https:\/\/futureg.sk\/hu\/wp-json\/wp\/v2\/posts\/587\/revisions\/589"}],"wp:featuredmedia":[{"embeddable":true,"href":"https:\/\/futureg.sk\/hu\/wp-json\/wp\/v2\/media\/588"}],"wp:attachment":[{"href":"https:\/\/futureg.sk\/hu\/wp-json\/wp\/v2\/media?parent=587"}],"wp:term":[{"taxonomy":"category","embeddable":true,"href":"https:\/\/futureg.sk\/hu\/wp-json\/wp\/v2\/categories?post=587"},{"taxonomy":"post_tag","embeddable":true,"href":"https:\/\/futureg.sk\/hu\/wp-json\/wp\/v2\/tags?post=587"}],"curies":[{"name":"wp","href":"https:\/\/api.w.org\/{rel}","templated":true}]}}