{"id":56,"date":"2017-07-07T00:08:01","date_gmt":"2017-07-07T00:08:01","guid":{"rendered":"http:\/\/futureg.sk\/hu\/?p=56"},"modified":"2018-01-22T12:59:09","modified_gmt":"2018-01-22T12:59:09","slug":"quo-vadis-duna-ket-partjan","status":"publish","type":"post","link":"https:\/\/futureg.sk\/hu\/quo-vadis-duna-ket-partjan\/","title":{"rendered":"Quo Vadis a Duna k\u00e9t partj\u00e1n I."},"content":{"rendered":"<p>A t\u00f6rt\u00e9nelem id\u0151nk\u00e9nt elv\u00e1laszt, id\u0151nk\u00e9nt \u00f6sszek\u00f6t. K\u00fcl\u00f6n\u00f6sen \u00e9rv\u00e9nyes ez K\u00f6z\u00e9p-Eur\u00f3p\u00e1ra. \u00c9szak-Kom\u00e1rom \u00e9s D\u00e9l-Kom\u00e1rom v\u00e1rosok a 21. sz\u00e1zadi hat\u00e1rh\u00faz\u00e1sok k\u00f6vetkezm\u00e9nyek\u00e9nt j\u00f6ttek l\u00e9tre az 1. vil\u00e1gh\u00e1bor\u00fat k\u00f6vet\u0151en, amikor is az itt \u00e9l\u0151k az egyik reggel ara \u00e9bredtek, hogy egy teljesen \u00faj t\u00e9rben kell meg\u0151rizni\u00fck a nemzeti identit\u00e1sukat. Napjainkban az \u00f6sszek\u00f6t\u0151d\u00e9s id\u0151szaka van, ezen k\u00e9t v\u00e1ros ism\u00e9t egym\u00e1sra tal\u00e1lt, felismert\u00e9k, hogy az er\u0151forr\u00e1sokkal val\u00f3 hat\u00e9kony gazd\u00e1lkod\u00e1s csak t\u00e9rs\u00e9gi egy\u00fcttm\u0171k\u00f6d\u00e9ssel val\u00f3s\u00edthat\u00f3 meg, k\u00f6z\u00f6s fejl\u0151d\u00e9si strat\u00e9gi\u00e1ban gondolkoznak, s a szlov\u00e1k- magyar kapcsolatok er\u0151s\u00edt\u00e9s\u00e9ben \u00e9s b\u0151v\u00edt\u00e9s\u00e9ben is fontos szerepet j\u00e1tszanak.<\/p>\n<p><u>F\u00f6ldrajzi \u00e9s fejleszt\u00e9spolitikai fekv\u00e9s<\/u><\/p>\n<p>A k\u00e9t v\u00e1ros strat\u00e9giai fontoss\u00e1g\u00fa helyen fekszik, eur\u00f3pai jelent\u0151s\u00e9g\u0171 k\u00f6zleked\u00e9si folyos\u00f3k ment\u00e9n, illetve k\u00f6zel\u00e9ben, s\u00a0hat\u00e1r menti fekv\u00e9s\u00fcknek k\u00f6sz\u00f6nhet\u0151en kapuszerepet t\u00f6ltenek be, fontos szerepl\u0151i a Magyarorsz\u00e1g \u00e9s Szlov\u00e1kia k\u00f6zti hat\u00e1ron \u00e1tny\u00fal\u00f3 egy\u00fcttm\u0171k\u00f6d\u00e9sekben t\u00e1rsadalmi, gazdas\u00e1gi \u00e9s k\u00f6rnyezetv\u00e9delmi vonatkoz\u00e1sokban egyar\u00e1nt.<\/p>\n<p>\u00c9szak-Kom\u00e1rom Szlov\u00e1kia d\u00e9lnyugati r\u00e9sz\u00e9n tal\u00e1lhat\u00f3 a Duna foly\u00f3 bal partj\u00e1n. A v\u00e1ros az orsz\u00e1g k\u00f6zigazgat\u00e1si feloszt\u00e1sa alapj\u00e1n a Nyitrai ker\u00fcletbe tartozik (mely egyben NUTS 3 szint<a name=\"_ftnref1\"><\/a><a href=\"#_ftn1\">[1]<\/a>), annak 3. legnagyobb v\u00e1rosa, m\u00edg a j\u00e1r\u00e1si szinten a mintegy 110 ezer lakos\u00fa Kom\u00e1romi j\u00e1r\u00e1snak a r\u00e9sze \u2013 annak k\u00f6zpontja sokr\u00e9t\u0171 int\u00e9zm\u00e9nyh\u00e1l\u00f3zattal, a\u00a0szlov\u00e1kiai magyars\u00e1g kultur\u00e1lis \u00e9s t\u00e1rsadalmi fellegv\u00e1ra. D\u00e9l-Kom\u00e1rom Magyarorsz\u00e1g nyugati r\u00e9sz\u00e9n \u2013 a K\u00f6z\u00e9p-Dun\u00e1nt\u00fali r\u00e9gi\u00f3ban \u2013 ipari jelleg\u0171 kist\u00e9rs\u00e9gi k\u00f6zpont a Duna foly\u00f3 jobb partj\u00e1n, Kom\u00e1rom-Esztergom megye (mely szint\u00e9n NUTS 3 szint) meghat\u00e1roz\u00f3 v\u00e1rosa (lakoss\u00e1gsz\u00e1m\u00e1t tekintve a 4. legnagyobb v\u00e1rosa) kiterjedt vonz\u00e1sk\u00f6rzettel. Mindk\u00e9t v\u00e1ros fejleszt\u00e9s\u00e9ben alapvet\u0151 koncepcion\u00e1lis elem, hogy egyszerre kell fejleszteni az alapinfrastrukt\u00fara ki\u00e9p\u00edtetts\u00e9g\u00e9t, a k\u00f6zszolg\u00e1ltat\u00e1sokat \u00e9s a gazdas\u00e1gi \u00e9letet, valamint az, hogy a\u00a0v\u00e1rosok j\u00f6v\u0151beli sikereit meghat\u00e1rozza a nemzetk\u00f6zi termel\u00e9si es fogyaszt\u00e1si rendszerekhez val\u00f3 kapcsol\u00f3d\u00e1s m\u00e9lys\u00e9ge es intenzit\u00e1sa.<\/p>\n<p>A v\u00e1rosok j\u00f6v\u0151beni t\u00e1rsadalmi-gazdas\u00e1gi poz\u00edci\u00f3j\u00e1nak v\u00edzi\u00f3ja az eur\u00f3pai t\u00e9rszerkezetben v\u00e1rhat\u00f3 fejl\u0151d\u00e9si folyamatok alapj\u00e1n nagyon kedvez\u0151: r\u00e9szei a \u201ePiros Polipnak\u201d mely \u00f6sszek\u00f6ti a kontinens legnagyobb fejl\u0151d\u00e9si potenci\u00e1llal rendelkez\u0151 v\u00e1rosait, r\u00e9gi\u00f3it. A k\u00e9t v\u00e1ros mikrok\u00f6rnyezete azonban jelenleg jelent\u0151s elt\u00e9r\u00e9st mutat: a Nyitrai ker\u00fclet m\u00e1r Szlov\u00e1kia gazdas\u00e1gi probl\u00e9m\u00e1ival k\u00fczd\u0151 r\u00e9gi\u00f3i k\u00f6z\u00e9 tartozik, m\u00edg Kom\u00e1rom-Esztergom megye ma a vid\u00e9ki gazdas\u00e1g legfejlettebb ter\u00fcletei k\u00f6z\u00e9 tartozik Magyarorsz\u00e1gon.<\/p>\n<p>T\u00e1bl\u00e1zat 1: \u00c9szak-Kom\u00e1rom \u00e9s D\u00e9l-Kom\u00e1rom mikrotereinek alapmutat\u00f3i<\/p>\n<table width=\"523\">\n<tbody>\n<tr>\n<td width=\"183\">Mutat\u00f3<\/td>\n<td width=\"164\">\u00c9szak-Kom\u00e1romi j\u00e1r\u00e1s<\/td>\n<td width=\"176\">D\u00e9l-Kom\u00e1romi kist\u00e9rs\u00e9g<\/td>\n<\/tr>\n<tr>\n<td width=\"183\">Ter\u00fclet, km\u00b2<\/td>\n<td width=\"164\">1 100,1<\/td>\n<td width=\"176\">379,0<\/td>\n<\/tr>\n<tr>\n<td width=\"183\">N\u00e9ps\u0171r\u0171s\u00e9g f\u0151\/km\u00b2<\/td>\n<td width=\"164\">97<\/td>\n<td width=\"176\">107,8<\/td>\n<\/tr>\n<tr>\n<td width=\"183\">Lak\u00f3n\u00e9pess\u00e9g (f\u0151)<\/td>\n<td width=\"164\">106 404<\/td>\n<td width=\"176\">40 862<\/td>\n<\/tr>\n<tr>\n<td width=\"183\">K\u00f6zs\u00e9gek, v\u00e1rosok sz\u00e1ma<\/td>\n<td width=\"164\">41<\/td>\n<td width=\"176\">9<\/td>\n<\/tr>\n<\/tbody>\n<\/table>\n<p>Forr\u00e1s: <a href=\"http:\/\/www.statistics.sk\">www.statistics.sk<\/a>, <a href=\"http:\/\/www.ksh.hu\">www.ksh.hu<\/a><\/p>\n<p>A k\u00e9t v\u00e1ros rendk\u00edv\u00fcl gazdag t\u00f6rt\u00e9nelmi m\u00falttal rendelkezik, a K\u00e1rp\u00e1t-medence egyik legr\u00e9gibb telep\u00fcl\u00e9sei k\u00f6z\u00e9 tartoznak, a r\u00e9g\u00e9szeti leletek tan\u00fas\u00e1ga szerint ter\u00fclet\u00fck a korai bronzkort\u00f3l folyamatosan lakott. A v\u00e1rosszerkezetek kialakul\u00e1s\u00e1t er\u0151sen determin\u00e1lta a v\u00e1rosok f\u00f6ldrajzi k\u00f6rnyezete, els\u0151dleges v\u00e1zukat a Duna \u00e9s a V\u00e1g foly\u00f3k adj\u00e1k meg, valamint a hat\u00e1rmenti fekv\u00e9s, ami a t\u00e9rszerkezet egyens\u00falyi helyzet\u00e9nek deform\u00e1l\u00e1s\u00e1t, torzul\u00e1s\u00e1t hozza mag\u00e1val (a k\u00f6r\u00fclm\u00e9nyes kapcsolati rendszer miatt). \u00c9szak-Kom\u00e1rom \u00e9s D\u00e9l-Kom\u00e1rom sokarc\u00fa v\u00e1rosoknak nevezhet\u0151k a t\u00e9rszerkezet\u00fcket illet\u0151en, k\u00fcl\u00f6nb\u00f6z\u0151 karakter\u0171 v\u00e1rosr\u00e9szek alkotj\u00e1k, amelyek l\u00e9trej\u00f6tt\u00e9ben, fejl\u0151d\u00e9s\u00e9ben \u00e9s fennmarad\u00e1s\u00e1ban egyar\u00e1nt k\u00f6zrej\u00e1tszottak politikai, term\u00e9szetf\u00f6ldrajzi, t\u00e1rsadalmi, gazdas\u00e1gt\u00f6rt\u00e9neti \u00e9s k\u00f6zleked\u00e9sfejleszt\u00e9si okok. Ebb\u0151l ad\u00f3d\u00f3an az egyes v\u00e1rosr\u00e9szek fejleszt\u00e9s\u00e9nek lehet\u0151s\u00e9gei is jelent\u0151sen elt\u00e9r\u0151ek, s a ter\u00fcletfelhaszn\u00e1l\u00e1sukat alapvet\u0151en meghat\u00e1rozz\u00e1k a fenti adotts\u00e1gaik. A v\u00e1rosok jelenlegi t\u00e9rszerkezet\u00e9re \u00f6sszess\u00e9g\u00e9ben a mozaikoss\u00e1g \u00e9s a szabdalts\u00e1g a\u00a0jellemz\u0151, a\u00a0lak\u00f3ter\u00fcletek \u00e9s a gazdas\u00e1gi ter\u00fcletek nem egy t\u00f6mbbe rendez\u0151dtek. A v\u00e1rosok figyelemre m\u00e9lt\u00f3 \u00e9p\u00edtett \u00f6r\u00f6ks\u00e9ggel rendelkeznek, az \u00e9p\u00fclet\u00e1llom\u00e1nyukban magas a v\u00e9detts\u00e9g alatt lev\u0151 m\u0171eml\u00e9kek sz\u00e1ma, kiemelked\u0151 \u00e9rt\u00e9ket k\u00e9pviselnek a d\u00f6nt\u0151en a 19. sz\u00e1zadb\u00f3l \u00e9s a 20. sz\u00e1zad els\u0151 harmad\u00e1b\u00f3l fennmaradt \u00e9p\u00fcletek (de ugyanakkor a n\u00e9pi \u00e9p\u00edt\u00e9si \u00f6r\u00f6ks\u00e9get hordoz\u00f3 elemek is megtal\u00e1lhat\u00f3k (k\u00fcl\u00f6n\u00f6sen \u00c9szak-Kom\u00e1rom k\u00fcls\u0151 telep\u00fcl\u00e9sr\u00e9szeiben amely a\u00a0m\u00falt tanyai vil\u00e1g\u00e1nak jeleit viselik mind a\u00a0mai napig). Az \u00e9p\u00edtett \u00e9rt\u00e9kek meg\u00f3v\u00e1sa kiemelt szempont a j\u00f6v\u0151beni beruh\u00e1z\u00e1sokkor, fejleszt\u00e9sek sor\u00e1n. K\u00f6z\u00e9pt\u00e1von mindk\u00e9t v\u00e1ros sz\u00e1m\u00e1ra priorit\u00e1s a k\u00f6zter\u00fcletek rehabilit\u00e1ci\u00f3ja, az alapinfrastrukt\u00fara fejleszt\u00e9se, a gazdas\u00e1gi \u00e9s a lak\u00f3ter\u00fcletek b\u0151v\u00edt\u00e9se, illetve revitaliz\u00e1ci\u00f3ja.<\/p>\n<p>\u00c9szak-Kom\u00e1rom \u00e9s D\u00e9l-Kom\u00e1rom t\u00e9rszerkezete fenntarthat\u00f3 m\u00f3don tov\u00e1bbfejleszthet\u0151, a v\u00e1rosok valamennyi ter\u00fclet-felhaszn\u00e1l\u00e1si eleme alak\u00edthat\u00f3 a jelen \u00e9s a j\u00f6v\u0151 elv\u00e1r\u00e1sainak megfelel\u0151en.<\/p>\n<p><a name=\"_ftn1\"><\/a><a href=\"#_ftnref1\">[1]<\/a> NUTS &#8211; <a href=\"http:\/\/hu.wikipedia.org\/wiki\/Nomenclature_of_Territorial_Units_for_Statistics\">Nomenclature of Territorial Units for Statistics<\/a> &#8211; Statisztikai C\u00e9l\u00fa Ter\u00fcleti Egys\u00e9gek N\u00f3menklat\u00far\u00e1ja az eg\u00e9sz <a href=\"http:\/\/hu.wikipedia.org\/wiki\/Eur%C3%B3pai_Uni%C3%B3\">Eur\u00f3pai Uni\u00f3t<\/a> lefed\u0151 rendszer r\u00e9sze, amelyet az Eurostat fejlesztett ki, \u00e9s amelyet hivatalosan az 1059\/2003\/EK eur\u00f3pai parlamenti \u00e9s tan\u00e1csi rendelet r\u00f6gz\u00edt.<\/p>\n","protected":false},"excerpt":{"rendered":"<p>A t\u00f6rt\u00e9nelem id\u0151nk\u00e9nt elv\u00e1laszt, id\u0151nk\u00e9nt \u00f6sszek\u00f6t. K\u00fcl\u00f6n\u00f6sen \u00e9rv\u00e9nyes ez K\u00f6z\u00e9p-Eur\u00f3p\u00e1ra. \u00c9szak-Kom\u00e1rom \u00e9s D\u00e9l-Kom\u00e1rom v\u00e1rosok a 21. sz\u00e1zadi hat\u00e1rh\u00faz\u00e1sok k\u00f6vetkezm\u00e9nyek\u00e9nt j\u00f6ttek l\u00e9tre az 1. vil\u00e1gh\u00e1bor\u00fat k\u00f6vet\u0151en, amikor is az itt \u00e9l\u0151k az egyik reggel ara \u00e9bredtek, hogy egy teljesen \u00faj t\u00e9rben kell meg\u0151rizni\u00fck a nemzeti identit\u00e1sukat. Napjainkban az \u00f6sszek\u00f6t\u0151d\u00e9s id\u0151szaka van, ezen k\u00e9t v\u00e1ros ism\u00e9t egym\u00e1sra [&hellip;]<\/p>\n","protected":false},"author":2,"featured_media":53,"comment_status":"closed","ping_status":"open","sticky":false,"template":"","format":"standard","meta":{"_monsterinsights_skip_tracking":false,"_monsterinsights_sitenote_active":false,"_monsterinsights_sitenote_note":"","_monsterinsights_sitenote_category":0,"footnotes":""},"categories":[12],"tags":[13,10,5,9,11],"class_list":["post-56","post","type-post","status-publish","format-standard","has-post-thumbnail","hentry","category-region","tag-csallokoz","tag-hatarmente","tag-kultura","tag-regio","tag-strategia"],"yoast_head":"<!-- This site is optimized with the Yoast SEO plugin v26.1.1 - https:\/\/yoast.com\/wordpress\/plugins\/seo\/ -->\n<title>Quo Vadis a Duna k\u00e9t partj\u00e1n I. - FutuReg PT<\/title>\n<meta name=\"robots\" content=\"index, follow, max-snippet:-1, max-image-preview:large, max-video-preview:-1\" \/>\n<link rel=\"canonical\" href=\"https:\/\/futureg.sk\/hu\/quo-vadis-duna-ket-partjan\/\" \/>\n<meta property=\"og:locale\" content=\"hu_HU\" \/>\n<meta property=\"og:type\" content=\"article\" \/>\n<meta property=\"og:title\" content=\"Quo Vadis a Duna k\u00e9t partj\u00e1n I. - FutuReg PT\" \/>\n<meta property=\"og:description\" content=\"A t\u00f6rt\u00e9nelem id\u0151nk\u00e9nt elv\u00e1laszt, id\u0151nk\u00e9nt \u00f6sszek\u00f6t. K\u00fcl\u00f6n\u00f6sen \u00e9rv\u00e9nyes ez K\u00f6z\u00e9p-Eur\u00f3p\u00e1ra. \u00c9szak-Kom\u00e1rom \u00e9s D\u00e9l-Kom\u00e1rom v\u00e1rosok a 21. sz\u00e1zadi hat\u00e1rh\u00faz\u00e1sok k\u00f6vetkezm\u00e9nyek\u00e9nt j\u00f6ttek l\u00e9tre az 1. vil\u00e1gh\u00e1bor\u00fat k\u00f6vet\u0151en, amikor is az itt \u00e9l\u0151k az egyik reggel ara \u00e9bredtek, hogy egy teljesen \u00faj t\u00e9rben kell meg\u0151rizni\u00fck a nemzeti identit\u00e1sukat. Napjainkban az \u00f6sszek\u00f6t\u0151d\u00e9s id\u0151szaka van, ezen k\u00e9t v\u00e1ros ism\u00e9t egym\u00e1sra [&hellip;]\" \/>\n<meta property=\"og:url\" content=\"https:\/\/futureg.sk\/hu\/quo-vadis-duna-ket-partjan\/\" \/>\n<meta property=\"og:site_name\" content=\"FutuReg PT\" \/>\n<meta property=\"article:published_time\" content=\"2017-07-07T00:08:01+00:00\" \/>\n<meta property=\"article:modified_time\" content=\"2018-01-22T12:59:09+00:00\" \/>\n<meta property=\"og:image\" content=\"https:\/\/futureg.sk\/hu\/wp-content\/uploads\/sites\/2\/2017\/11\/quo-vadis.jpg\" \/>\n\t<meta property=\"og:image:width\" content=\"852\" \/>\n\t<meta property=\"og:image:height\" content=\"800\" \/>\n\t<meta property=\"og:image:type\" content=\"image\/jpeg\" \/>\n<meta name=\"author\" content=\"Lelkes Gabor\" \/>\n<meta name=\"twitter:card\" content=\"summary_large_image\" \/>\n<meta name=\"twitter:label1\" content=\"Szerz\u0151:\" \/>\n\t<meta name=\"twitter:data1\" content=\"Lelkes Gabor\" \/>\n\t<meta name=\"twitter:label2\" content=\"Becs\u00fclt olvas\u00e1si id\u0151\" \/>\n\t<meta name=\"twitter:data2\" content=\"5 perc\" \/>\n<script type=\"application\/ld+json\" class=\"yoast-schema-graph\">{\"@context\":\"https:\/\/schema.org\",\"@graph\":[{\"@type\":\"WebPage\",\"@id\":\"https:\/\/futureg.sk\/hu\/quo-vadis-duna-ket-partjan\/\",\"url\":\"https:\/\/futureg.sk\/hu\/quo-vadis-duna-ket-partjan\/\",\"name\":\"Quo Vadis a Duna k\u00e9t partj\u00e1n I. - FutuReg PT\",\"isPartOf\":{\"@id\":\"https:\/\/futureg.sk\/hu\/#website\"},\"primaryImageOfPage\":{\"@id\":\"https:\/\/futureg.sk\/hu\/quo-vadis-duna-ket-partjan\/#primaryimage\"},\"image\":{\"@id\":\"https:\/\/futureg.sk\/hu\/quo-vadis-duna-ket-partjan\/#primaryimage\"},\"thumbnailUrl\":\"https:\/\/futureg.sk\/hu\/wp-content\/uploads\/sites\/2\/2017\/11\/quo-vadis.jpg\",\"datePublished\":\"2017-07-07T00:08:01+00:00\",\"dateModified\":\"2018-01-22T12:59:09+00:00\",\"author\":{\"@id\":\"https:\/\/futureg.sk\/hu\/#\/schema\/person\/c3e2f78ac73ce53c3ddf2cc70950c733\"},\"breadcrumb\":{\"@id\":\"https:\/\/futureg.sk\/hu\/quo-vadis-duna-ket-partjan\/#breadcrumb\"},\"inLanguage\":\"hu\",\"potentialAction\":[{\"@type\":\"ReadAction\",\"target\":[\"https:\/\/futureg.sk\/hu\/quo-vadis-duna-ket-partjan\/\"]}]},{\"@type\":\"ImageObject\",\"inLanguage\":\"hu\",\"@id\":\"https:\/\/futureg.sk\/hu\/quo-vadis-duna-ket-partjan\/#primaryimage\",\"url\":\"https:\/\/futureg.sk\/hu\/wp-content\/uploads\/sites\/2\/2017\/11\/quo-vadis.jpg\",\"contentUrl\":\"https:\/\/futureg.sk\/hu\/wp-content\/uploads\/sites\/2\/2017\/11\/quo-vadis.jpg\",\"width\":852,\"height\":800},{\"@type\":\"BreadcrumbList\",\"@id\":\"https:\/\/futureg.sk\/hu\/quo-vadis-duna-ket-partjan\/#breadcrumb\",\"itemListElement\":[{\"@type\":\"ListItem\",\"position\":1,\"name\":\"Home\",\"item\":\"https:\/\/futureg.sk\/hu\/\"},{\"@type\":\"ListItem\",\"position\":2,\"name\":\"Quo Vadis a Duna k\u00e9t partj\u00e1n I.\"}]},{\"@type\":\"WebSite\",\"@id\":\"https:\/\/futureg.sk\/hu\/#website\",\"url\":\"https:\/\/futureg.sk\/hu\/\",\"name\":\"FutuReg PT\",\"description\":\"R\u00e9gi\u00f3nk \u00e9s gyermekeink fejleszt\u00e9s\u00e9\u00e9rt\",\"potentialAction\":[{\"@type\":\"SearchAction\",\"target\":{\"@type\":\"EntryPoint\",\"urlTemplate\":\"https:\/\/futureg.sk\/hu\/?s={search_term_string}\"},\"query-input\":{\"@type\":\"PropertyValueSpecification\",\"valueRequired\":true,\"valueName\":\"search_term_string\"}}],\"inLanguage\":\"hu\"},{\"@type\":\"Person\",\"@id\":\"https:\/\/futureg.sk\/hu\/#\/schema\/person\/c3e2f78ac73ce53c3ddf2cc70950c733\",\"name\":\"Lelkes Gabor\",\"image\":{\"@type\":\"ImageObject\",\"inLanguage\":\"hu\",\"@id\":\"https:\/\/futureg.sk\/hu\/#\/schema\/person\/image\/\",\"url\":\"https:\/\/secure.gravatar.com\/avatar\/2dabcd244e47abc6a555cc8f5a6d6fe9139a61a5bd0afb3e1de120d00e7155cd?s=96&d=mm&r=g\",\"contentUrl\":\"https:\/\/secure.gravatar.com\/avatar\/2dabcd244e47abc6a555cc8f5a6d6fe9139a61a5bd0afb3e1de120d00e7155cd?s=96&d=mm&r=g\",\"caption\":\"Lelkes Gabor\"},\"url\":\"https:\/\/futureg.sk\/hu\/author\/lelkes-gabor\/\"}]}<\/script>\n<!-- \/ Yoast SEO plugin. -->","yoast_head_json":{"title":"Quo Vadis a Duna k\u00e9t partj\u00e1n I. - FutuReg PT","robots":{"index":"index","follow":"follow","max-snippet":"max-snippet:-1","max-image-preview":"max-image-preview:large","max-video-preview":"max-video-preview:-1"},"canonical":"https:\/\/futureg.sk\/hu\/quo-vadis-duna-ket-partjan\/","og_locale":"hu_HU","og_type":"article","og_title":"Quo Vadis a Duna k\u00e9t partj\u00e1n I. - FutuReg PT","og_description":"A t\u00f6rt\u00e9nelem id\u0151nk\u00e9nt elv\u00e1laszt, id\u0151nk\u00e9nt \u00f6sszek\u00f6t. K\u00fcl\u00f6n\u00f6sen \u00e9rv\u00e9nyes ez K\u00f6z\u00e9p-Eur\u00f3p\u00e1ra. \u00c9szak-Kom\u00e1rom \u00e9s D\u00e9l-Kom\u00e1rom v\u00e1rosok a 21. sz\u00e1zadi hat\u00e1rh\u00faz\u00e1sok k\u00f6vetkezm\u00e9nyek\u00e9nt j\u00f6ttek l\u00e9tre az 1. vil\u00e1gh\u00e1bor\u00fat k\u00f6vet\u0151en, amikor is az itt \u00e9l\u0151k az egyik reggel ara \u00e9bredtek, hogy egy teljesen \u00faj t\u00e9rben kell meg\u0151rizni\u00fck a nemzeti identit\u00e1sukat. Napjainkban az \u00f6sszek\u00f6t\u0151d\u00e9s id\u0151szaka van, ezen k\u00e9t v\u00e1ros ism\u00e9t egym\u00e1sra [&hellip;]","og_url":"https:\/\/futureg.sk\/hu\/quo-vadis-duna-ket-partjan\/","og_site_name":"FutuReg PT","article_published_time":"2017-07-07T00:08:01+00:00","article_modified_time":"2018-01-22T12:59:09+00:00","og_image":[{"width":852,"height":800,"url":"https:\/\/futureg.sk\/hu\/wp-content\/uploads\/sites\/2\/2017\/11\/quo-vadis.jpg","type":"image\/jpeg"}],"author":"Lelkes Gabor","twitter_card":"summary_large_image","twitter_misc":{"Szerz\u0151:":"Lelkes Gabor","Becs\u00fclt olvas\u00e1si id\u0151":"5 perc"},"schema":{"@context":"https:\/\/schema.org","@graph":[{"@type":"WebPage","@id":"https:\/\/futureg.sk\/hu\/quo-vadis-duna-ket-partjan\/","url":"https:\/\/futureg.sk\/hu\/quo-vadis-duna-ket-partjan\/","name":"Quo Vadis a Duna k\u00e9t partj\u00e1n I. - FutuReg PT","isPartOf":{"@id":"https:\/\/futureg.sk\/hu\/#website"},"primaryImageOfPage":{"@id":"https:\/\/futureg.sk\/hu\/quo-vadis-duna-ket-partjan\/#primaryimage"},"image":{"@id":"https:\/\/futureg.sk\/hu\/quo-vadis-duna-ket-partjan\/#primaryimage"},"thumbnailUrl":"https:\/\/futureg.sk\/hu\/wp-content\/uploads\/sites\/2\/2017\/11\/quo-vadis.jpg","datePublished":"2017-07-07T00:08:01+00:00","dateModified":"2018-01-22T12:59:09+00:00","author":{"@id":"https:\/\/futureg.sk\/hu\/#\/schema\/person\/c3e2f78ac73ce53c3ddf2cc70950c733"},"breadcrumb":{"@id":"https:\/\/futureg.sk\/hu\/quo-vadis-duna-ket-partjan\/#breadcrumb"},"inLanguage":"hu","potentialAction":[{"@type":"ReadAction","target":["https:\/\/futureg.sk\/hu\/quo-vadis-duna-ket-partjan\/"]}]},{"@type":"ImageObject","inLanguage":"hu","@id":"https:\/\/futureg.sk\/hu\/quo-vadis-duna-ket-partjan\/#primaryimage","url":"https:\/\/futureg.sk\/hu\/wp-content\/uploads\/sites\/2\/2017\/11\/quo-vadis.jpg","contentUrl":"https:\/\/futureg.sk\/hu\/wp-content\/uploads\/sites\/2\/2017\/11\/quo-vadis.jpg","width":852,"height":800},{"@type":"BreadcrumbList","@id":"https:\/\/futureg.sk\/hu\/quo-vadis-duna-ket-partjan\/#breadcrumb","itemListElement":[{"@type":"ListItem","position":1,"name":"Home","item":"https:\/\/futureg.sk\/hu\/"},{"@type":"ListItem","position":2,"name":"Quo Vadis a Duna k\u00e9t partj\u00e1n I."}]},{"@type":"WebSite","@id":"https:\/\/futureg.sk\/hu\/#website","url":"https:\/\/futureg.sk\/hu\/","name":"FutuReg PT","description":"R\u00e9gi\u00f3nk \u00e9s gyermekeink fejleszt\u00e9s\u00e9\u00e9rt","potentialAction":[{"@type":"SearchAction","target":{"@type":"EntryPoint","urlTemplate":"https:\/\/futureg.sk\/hu\/?s={search_term_string}"},"query-input":{"@type":"PropertyValueSpecification","valueRequired":true,"valueName":"search_term_string"}}],"inLanguage":"hu"},{"@type":"Person","@id":"https:\/\/futureg.sk\/hu\/#\/schema\/person\/c3e2f78ac73ce53c3ddf2cc70950c733","name":"Lelkes Gabor","image":{"@type":"ImageObject","inLanguage":"hu","@id":"https:\/\/futureg.sk\/hu\/#\/schema\/person\/image\/","url":"https:\/\/secure.gravatar.com\/avatar\/2dabcd244e47abc6a555cc8f5a6d6fe9139a61a5bd0afb3e1de120d00e7155cd?s=96&d=mm&r=g","contentUrl":"https:\/\/secure.gravatar.com\/avatar\/2dabcd244e47abc6a555cc8f5a6d6fe9139a61a5bd0afb3e1de120d00e7155cd?s=96&d=mm&r=g","caption":"Lelkes Gabor"},"url":"https:\/\/futureg.sk\/hu\/author\/lelkes-gabor\/"}]}},"_links":{"self":[{"href":"https:\/\/futureg.sk\/hu\/wp-json\/wp\/v2\/posts\/56","targetHints":{"allow":["GET"]}}],"collection":[{"href":"https:\/\/futureg.sk\/hu\/wp-json\/wp\/v2\/posts"}],"about":[{"href":"https:\/\/futureg.sk\/hu\/wp-json\/wp\/v2\/types\/post"}],"author":[{"embeddable":true,"href":"https:\/\/futureg.sk\/hu\/wp-json\/wp\/v2\/users\/2"}],"replies":[{"embeddable":true,"href":"https:\/\/futureg.sk\/hu\/wp-json\/wp\/v2\/comments?post=56"}],"version-history":[{"count":1,"href":"https:\/\/futureg.sk\/hu\/wp-json\/wp\/v2\/posts\/56\/revisions"}],"predecessor-version":[{"id":57,"href":"https:\/\/futureg.sk\/hu\/wp-json\/wp\/v2\/posts\/56\/revisions\/57"}],"wp:featuredmedia":[{"embeddable":true,"href":"https:\/\/futureg.sk\/hu\/wp-json\/wp\/v2\/media\/53"}],"wp:attachment":[{"href":"https:\/\/futureg.sk\/hu\/wp-json\/wp\/v2\/media?parent=56"}],"wp:term":[{"taxonomy":"category","embeddable":true,"href":"https:\/\/futureg.sk\/hu\/wp-json\/wp\/v2\/categories?post=56"},{"taxonomy":"post_tag","embeddable":true,"href":"https:\/\/futureg.sk\/hu\/wp-json\/wp\/v2\/tags?post=56"}],"curies":[{"name":"wp","href":"https:\/\/api.w.org\/{rel}","templated":true}]}}