{"id":558,"date":"2022-04-12T10:13:36","date_gmt":"2022-04-12T10:13:36","guid":{"rendered":"https:\/\/futureg.sk\/hu\/?p=558"},"modified":"2022-12-07T12:50:26","modified_gmt":"2022-12-07T12:50:26","slug":"wowit-talalkozo-ostrava","status":"publish","type":"post","link":"https:\/\/futureg.sk\/hu\/wowit-talalkozo-ostrava\/","title":{"rendered":"WOWIT tal\u00e1lkoz\u00f3 Ostrava"},"content":{"rendered":"<p><span style=\"color: #000000\"><\/span><\/p>\n<p><span style=\"color: #000000\">2022.04.06-07 Ostrava WOWIT tal\u00e1lkoz\u00f3<\/span><\/p>\n<p><span style=\"color: #000000\">A Futureg csapata a WOWIT projekt keretein bel\u00fcl \u00e1prilis 6.-\u00e1n Ostravaba utazott. N\u00e9h\u00e1nyan k\u00f6z\u00fcl\u00fck <\/span><span style=\"color: #000000\">ugyan csak virtu\u00e1lisan tudtak r\u00e9szt venni az el\u0151ad\u00e1sokon \u00e9s megbesz\u00e9l\u00e9seken, m\u00e9gis egy csapatk\u00e9nt<\/span><span style=\"color: #000000\"> k\u00f6z\u00f6sen vett\u00fcnk r\u00e9szt ezen a k\u00fcl\u00f6nleges esem\u00e9nyen. Egy k\u00fcl\u00f6nleges, orsz\u00e1ghat\u00e1rokon \u00e1t\u00edvel\u0151<\/span><span style=\"color: #000000\"> nemzetk\u00f6zi diszkusszi\u00f3n vehett\u00fcnk r\u00e9szt egy\u00fctt, \u00edgy b\u0151v\u00edtve ismereteinket egy igen fontos, <\/span><span style=\"color: #000000\">ugyanakkor kev\u00e9s nemzetk\u00f6zi figyelmet kap\u00f3 t\u00e9m\u00e1val kapcsolatban.<\/span><span style=\"color: #000000\"> A hossz\u00fa \u00fat \u00e9s egy izgalmasan sz\u0171k\u00f6s parkol\u00e1s ut\u00e1n a pubba \u00e9rve mosolyg\u00f3s, kedves arcok, gondosan<\/span><span style=\"color: #000000\"> el\u0151k\u00e9sz\u00edtett egyedi mapp\u00e1k v\u00e1rosn\u00e9z\u0151 prospektusokkal, valamint \u00ednycsiklandoz\u00f3 t\u00edz\u00f3raival fogadtak<\/span><span style=\"color: #000000\"> minket a t\u00e1rgyal\u00f3teremben.<\/span><\/p>\n<p><span style=\"color: #000000\">Egy r\u00f6vid pihen\u00e9s, a tagszervezetek bemutatkoz\u00e1sa, valamint az egy\u00fcttm\u0171k\u00f6d\u00e9si szerz\u0151d\u00e9sek \u00e9s a <\/span><span style=\"color: #000000\">jelenl\u00e9ti \u00edv al\u00e1\u00edr\u00e1sa ut\u00e1n kezdet\u00e9t is vehette az \u00e9rdemi munka, ami az els\u0151 nap d\u00e9lel\u0151ttj\u00e9n f\u0151k\u00e9nt a <\/span><span style=\"color: #000000\">k\u00f6lts\u00e9gvet\u00e9si tervezet \u00e1tn\u00e9z\u00e9s\u00e9t foglalta mag\u00e1ban.<\/span><\/p>\n<p><a href=\"https:\/\/futureg.sk\/hu\/wowit-talalkozo-ostrava\/alairas\/\" rel=\"attachment wp-att-560\"><img loading=\"lazy\" decoding=\"async\" class=\"alignnone size-medium wp-image-560\" src=\"https:\/\/futureg.sk\/hu\/wp-content\/uploads\/sites\/2\/2022\/04\/alairas-300x225.jpg\" alt=\"\" width=\"300\" height=\"225\" srcset=\"https:\/\/futureg.sk\/hu\/wp-content\/uploads\/sites\/2\/2022\/04\/alairas-300x225.jpg 300w, https:\/\/futureg.sk\/hu\/wp-content\/uploads\/sites\/2\/2022\/04\/alairas-768x576.jpg 768w, https:\/\/futureg.sk\/hu\/wp-content\/uploads\/sites\/2\/2022\/04\/alairas.jpg 965w\" sizes=\"auto, (max-width: 300px) 100vw, 300px\" \/><\/a><\/p>\n<p><a href=\"https:\/\/futureg.sk\/hu\/wowit-talalkozo-ostrava\/egyik-oldal\/\" rel=\"attachment wp-att-561\"><img loading=\"lazy\" decoding=\"async\" class=\"alignnone size-medium wp-image-561\" src=\"https:\/\/futureg.sk\/hu\/wp-content\/uploads\/sites\/2\/2022\/04\/egyik-oldal-300x225.jpg\" alt=\"\" width=\"300\" height=\"225\" srcset=\"https:\/\/futureg.sk\/hu\/wp-content\/uploads\/sites\/2\/2022\/04\/egyik-oldal-300x225.jpg 300w, https:\/\/futureg.sk\/hu\/wp-content\/uploads\/sites\/2\/2022\/04\/egyik-oldal-768x576.jpg 768w, https:\/\/futureg.sk\/hu\/wp-content\/uploads\/sites\/2\/2022\/04\/egyik-oldal.jpg 878w\" sizes=\"auto, (max-width: 300px) 100vw, 300px\" \/><\/a><\/p>\n<p><a href=\"https:\/\/futureg.sk\/hu\/wowit-talalkozo-ostrava\/masik-oldal\/\" rel=\"attachment wp-att-562\"><img loading=\"lazy\" decoding=\"async\" class=\"alignnone size-medium wp-image-562\" src=\"https:\/\/futureg.sk\/hu\/wp-content\/uploads\/sites\/2\/2022\/04\/masik-oldal-300x224.jpg\" alt=\"\" width=\"300\" height=\"224\" srcset=\"https:\/\/futureg.sk\/hu\/wp-content\/uploads\/sites\/2\/2022\/04\/masik-oldal-300x224.jpg 300w, https:\/\/futureg.sk\/hu\/wp-content\/uploads\/sites\/2\/2022\/04\/masik-oldal-768x575.jpg 768w, https:\/\/futureg.sk\/hu\/wp-content\/uploads\/sites\/2\/2022\/04\/masik-oldal.jpg 886w\" sizes=\"auto, (max-width: 300px) 100vw, 300px\" \/><\/a><\/p>\n<p><span style=\"color: #000000\">Az eb\u00e9det mindannyian k\u00f6z\u00f6sen egy k\u00f6zeli \u00e9tteremben fogyasztottuk el, ahol alkalmunk ny\u00edlt <\/span><span style=\"color: #000000\">megk\u00f3stolni a helyi specialit\u00e1sokat is. Eb\u00e9d k\u00f6zben kicsit mindannyian felold\u00f3dhattunk a k\u00f6tetlen<\/span><br \/>\n<span style=\"color: #000000\">besz\u00e9lget\u00e9sek alkalm\u00e1val. \u00c9rdekes volt megtapasztalni, ahogyan egy asztaln\u00e1l besz\u00e9lt\u00fcnk n\u00e9ha<\/span><span style=\"color: #000000\"> szlov\u00e9n\u00fcl, cseh\u00fcl, szlov\u00e1kul vagy \u00e9ppen magyarul. Term\u00e9szetesen v\u00e9g\u00fcl az angolban tal\u00e1ltuk meg a<\/span><span style=\"color: #000000\"> k\u00f6z\u00f6s nyelvet, m\u00e9gis k\u00fcl\u00f6nleges \u00e9lm\u00e9ny volt megtapasztalni a sok kult\u00fara tal\u00e1lkoz\u00e1s\u00e1t egy k\u00f6z\u00f6s c\u00e9l <\/span><span style=\"color: #000000\">\u00e9rdek\u00e9ben.<\/span><\/p>\n<p><a href=\"https:\/\/futureg.sk\/hu\/wowit-talalkozo-ostrava\/elso-ebed\/\" rel=\"attachment wp-att-563\"><img loading=\"lazy\" decoding=\"async\" class=\"alignnone size-medium wp-image-563\" src=\"https:\/\/futureg.sk\/hu\/wp-content\/uploads\/sites\/2\/2022\/04\/elso-ebed-300x219.jpg\" alt=\"\" width=\"300\" height=\"219\" srcset=\"https:\/\/futureg.sk\/hu\/wp-content\/uploads\/sites\/2\/2022\/04\/elso-ebed-300x219.jpg 300w, https:\/\/futureg.sk\/hu\/wp-content\/uploads\/sites\/2\/2022\/04\/elso-ebed-768x560.jpg 768w, https:\/\/futureg.sk\/hu\/wp-content\/uploads\/sites\/2\/2022\/04\/elso-ebed.jpg 966w\" sizes=\"auto, (max-width: 300px) 100vw, 300px\" \/><\/a><\/p>\n<p><span style=\"color: #000000\">Eb\u00e9d ut\u00e1n a pubban folytat\u00f3dott a munka, a d\u00e9lut\u00e1ni megbesz\u00e9l\u00e9s alkalm\u00e1val f\u0151k\u00e9nt a k\u00f6z\u00f6s j\u00faniusi <\/span><span style=\"color: #000000\">dunaszerdahelyi tal\u00e1lkoz\u00e1sunk r\u00e9szleteinek ki\u00f6tl\u00e9s\u00e9vel telt el az id\u0151.<\/span><br \/>\n<span style=\"color: #000000\">A napunk v\u00e1rosn\u00e9z\u00e9ssel folytat\u00f3dott. K\u00f6z\u00f6sen alkalmunk ny\u00edlt az Ostravai b\u00e1ny\u00e1t egy rendk\u00edv\u00fcl <\/span><span style=\"color: #000000\">kedves idegenvezet\u0151 h\u00f6lgy t\u00e1rsas\u00e1g\u00e1ban felfedezni. \u00dagy gondolom mindannyiunk nev\u00e9ben<\/span><br \/>\n<span style=\"color: #000000\">mondhatom, hogy ez egy igaz\u00e1n eml\u00e9kezetes, k\u00fcl\u00f6nleges \u00e9lm\u00e9ny volt. Elk\u00e9peszt\u0151 volt l\u00e1tni a<\/span><span style=\"color: #000000\"> hatalmas vasszerkezeteke,\u00a0 amerre csak a szem ell\u00e1tott, belegondolva, hogy mennyire kem\u00e9ny<\/span><br \/>\n<span style=\"color: #000000\">munk\u00e1t is v\u00e9geztek itt r\u00e9gen az emberek amikor mrg ezek a g\u00e9pezetek akt\u00edvan m\u0171k\u00f6dtek. A torony<\/span><span style=\"color: #000000\"> tetej\u00e9re fel\u00e9rve pedig egy igaz\u00e1n l\u00e9legzetel\u00e1ll\u00edt\u00f3, ugyanakkor egyben sz\u00e9d\u00edt\u0151 \u00e9lm\u00e9nyben lehetett<\/span><span style=\"color: #000000\">r\u00e9sz\u00fcnk, ugyanis fentr\u0151l eg\u00e9sz Ostrav\u00e1t megszeml\u00e9lhett\u00fck.<\/span><\/p>\n<p><a href=\"https:\/\/futureg.sk\/hu\/wowit-talalkozo-ostrava\/banya1\/\" rel=\"attachment wp-att-564\"><img loading=\"lazy\" decoding=\"async\" class=\"alignnone size-medium wp-image-564\" src=\"https:\/\/futureg.sk\/hu\/wp-content\/uploads\/sites\/2\/2022\/04\/banya1-224x300.jpg\" alt=\"\" width=\"224\" height=\"300\" srcset=\"https:\/\/futureg.sk\/hu\/wp-content\/uploads\/sites\/2\/2022\/04\/banya1-224x300.jpg 224w, https:\/\/futureg.sk\/hu\/wp-content\/uploads\/sites\/2\/2022\/04\/banya1.jpg 748w\" sizes=\"auto, (max-width: 224px) 100vw, 224px\" \/><\/a><\/p>\n<p><span style=\"color: #000000\">A vacsor\u00e1t ism\u00e9t egy gy\u00f6ny\u00f6r\u0171 \u00e9tteremben fogyasztottuk el k\u00f6z\u00f6sen, \u00edgy lez\u00e1rva ezt az \u00e9lm\u00e9nyekben <\/span><span style=\"color: #000000\">gazdag, k\u00fcl\u00f6nleges napot. <\/span><span style=\"color: #000000\">Az \u00e9jszak\u00e1t egy k\u00f6zeli hotelben t\u00f6lt\u00f6tt\u00fck, majd a reggelit is itt fogyasztottuk el.<\/span><span style=\"color: #000000\"> A m\u00e1sodik nap a szakmai program alkalm\u00e1val szak\u00e9rt\u0151k el\u0151ad\u00e1sait hallgathattuk meg, majd ezut\u00e1n<\/span><span style=\"color: #000000\"> alkalmunk ny\u00edlt a t\u0151l\u00fck val\u00f3 k\u00e9rdez\u00e9sre is. <\/span><span style=\"color: #000000\">Az els\u0151 el\u0151ad\u00f3 Mark\u00e9ta Ub\u00edkov\u00e1 volt. El\u0151ad\u00e1s\u00e1nak hangs\u00faly\u00e1t a n\u0151k digit\u00e1lis k\u00e9pess\u00e9geinek<\/span><span style=\"color: #000000\"> fejleszt\u00e9s\u00e9re helyezte. Megtudtuk, hogy az elm\u00falt 10 \u00e9vben a munk\u00e1k 50%-a \u00e1talakult az<\/span><span style=\"color: #000000\"> automatiz\u00e1ci\u00f3nak \u00e9s a digitaliz\u00e1ci\u00f3nak k\u00f6sz\u00f6nhet\u0151en, ugyanakkor csak az \u00e1ll\u00e1sok 5%-a sz\u0171nt meg<\/span><span style=\"color: #000000\"> teljesen ennek k\u00f6vetkezt\u00e9ben. \u00c9ppen ez\u00e9rt is annyira fontos, hogy a n\u0151k fejlessz\u00e9k digit\u00e1lis <\/span><span style=\"color: #000000\">k\u00e9pess\u00e9geiket annak \u00e9rdek\u00e9ben, hogy jobb \u00e1ll\u00e1slehet\u0151s\u00e9gek k\u00f6z\u00fcl tudjanak v\u00e1logatni. Tov\u00e1bb\u00e1<\/span><span style=\"color: #000000\"> megtudtuk, hogy a n\u0151knek tanulniuk kellene t\u00f6bbek k\u00f6z\u00f6tt a kommunik\u00e1ci\u00f3s platformokr\u00f3l,<\/span><br \/>\n<span style=\"color: #000000\">adatbiztons\u00e1gr\u00f3l, jelsz\u00f3v\u00e9delemr\u0151l, az applik\u00e1ci\u00f3kban rejl\u0151 lehet\u0151s\u00e9gekr\u0151l, a netikettr\u0151l,<\/span><span style=\"color: #000000\"> programoz\u00e1sr\u00f3l \u00e9s kontentk\u00e9sz\u00edt\u00e9sr\u0151l, a hat\u00e9kony eszk\u00f6zhaszn\u00e1latr\u00f3l \u00e9s az egy\u00e9b kreat\u00edv<\/span><br \/>\n<span style=\"color: #000000\">technik\u00e1kr\u00f3l, technol\u00f3gi\u00e1kr\u00f3l.<\/span><span style=\"color: #000000\"> Mark\u00e9ta szervezeteket is javasolt, ahol a n\u0151knek Csehorsz\u00e1gban lehet\u0151s\u00e9g\u00fck ad\u00f3dik arra, hogy erre a<\/span><span style=\"color: #000000\"> rengeteg tud\u00e1sra szert tegyenek.<\/span><span style=\"color: #000000\">A m\u00e1sodik el\u0151ad\u00e1st\u00a0 Kl\u00e1ra \u017d\u00eddekov\u00e1 nem szak\u00e9rt\u0151 tartotta. Itt a n\u0151i \u00e9s f\u00e9rfi fizet\u00e9sek k\u00f6z\u00f6tti<\/span><span style=\"color: #000000\"> k\u00fcl\u00f6nbs\u00e9gekr\u0151l, annak okair\u00f3l, \u00e9s a megold\u00e1si lehet\u0151s\u00e9gekr\u0151l tudtunk meg t\u00f6bbet.<\/span><br \/>\n<span style=\"color: #000000\">Az egyenl\u0151tlen fizet\u00e9sek okai a munk\u00e1kkal kapcsolatos sztereot\u00edpi\u00e1k, a f\u00e9rfiak el\u0151nyben r\u00e9szes\u00edt\u00e9se <\/span><span style=\"color: #000000\">magasabb poz\u00edci\u00f3k eset\u00e9n, a csal\u00e1di \u00e9lettel j\u00e1r\u00f3 neh\u00e9zs\u00e9gek, valamint az a t\u00e9ny, hogy ez a probl\u00e9ma<\/span><span style=\"color: #000000\"> sokak szerint nem is probl\u00e9ma, \u00e9s &#8211; tal\u00e1n \u00e9ppen ez\u00e9rt &#8211; igen kev\u00e9s sz\u00f3 esik r\u00f3la. <\/span><span style=\"color: #000000\">Megold\u00e1si lehet\u0151s\u00e9gk\u00e9nt pedig felmer\u00fcltek a rugalmas munkak\u00f6r\u00fclm\u00e9nyek biztos\u00edt\u00e1sa(pl home <\/span><span style=\"color: #000000\">office), a &amp;quot;f\u00e9rfi munka&amp;quot; sztereot\u00edpi\u00e1k megsz\u00fcntet\u00e9se (pl. a n\u0151k t\u00e1mogat\u00e1sa az IT szektorban), a<\/span><span style=\"color: #000000\"> gyermekfel\u00fcgyelet seg\u00edt\u00e9se, valamint a f\u00e9rfiak t\u00e1mogat\u00e1sa.<\/span><span style=\"color: #000000\">A szakmai nap lez\u00e1r\u00e1sak\u00e9ppen a practice guide meg\u00edr\u00e1s\u00e1nak r\u00e9szleteir\u0151l, valamint a dunaszerdahelyi<\/span><span style=\"color: #000000\"> el\u0151ad\u00e1ssorozat elemeir\u0151l esett sz\u00f3.<\/span><span style=\"color: #000000\"> A pub elhagy\u00e1sa ut\u00e1n a v\u00e1rosh\u00e1z\u00e1ba vett\u00fck az ir\u00e1nyt, ahol k\u00f6z\u00f6sen elfogyasztottuk az eb\u00e9d\u00fcnket egy <\/span><span style=\"color: #000000\">kellemes k\u00f6tetlen besz\u00e9lget\u00e9s k\u00f6zben. Ezut\u00e1n megn\u00e9zt\u00fck, s\u0151t n\u00e9h\u00e1nyan ki is pr\u00f3b\u00e1ltuk az \u00e9p\u00fclet<\/span><span style=\"color: #000000\"> k\u00fcl\u00f6nleges liftj\u00e9t, ami ajt\u00f3k n\u00e9lk\u00fcl m\u0171k\u00f6d\u00f6tt. A kir\u00e1ndul\u00e1sunkat pedig a v\u00e1rosh\u00e1za torny\u00e1b\u00f3l t\u00f6rt\u00e9n\u0151 <\/span><span style=\"color: #000000\">v\u00e1rosn\u00e9z\u00e9ssel z\u00e1rtuk le.<\/span><\/p>\n<p><span style=\"color: #000000\">Eml\u00e9kezetes k\u00e9t napot t\u00f6lthett\u00fcnk el egy\u00fctt Ostrav\u00e1ban, ahol projekt\u00fcnk el\u0151rehalad\u00e1sa mellett <\/span><span style=\"color: #000000\">felfedezhett\u00fcnk egy k\u00fcl\u00f6nleges, gy\u00f6ny\u00f6r\u0171 v\u00e1rost, kult\u00far\u00e1t \u00e9s szok\u00e1sokat.<br \/>\n<\/span><\/p>\n<p>Az Eur\u00f3pai \u00dani\u00f3 t\u00e1mogat\u00e1s\u00e1val k\u00e9sz\u00fclt<\/p>\n<div><b>FUNDED BY THE EUROPEAN UNION\u00a0<\/b><\/div>\n<div><b>Project Number &#8211; 2021-1-SK01-KA210-ADU-000034089<\/b><\/div>\n<div><\/div>\n<div><img loading=\"lazy\" decoding=\"async\" class=\"alignnone size-medium wp-image-595\" src=\"https:\/\/futureg.sk\/hu\/wp-content\/uploads\/sites\/2\/2022\/09\/EU-FUNDED_official-logo-from-2022-300x63.jpg\" alt=\"\" width=\"300\" height=\"63\" srcset=\"https:\/\/futureg.sk\/hu\/wp-content\/uploads\/sites\/2\/2022\/09\/EU-FUNDED_official-logo-from-2022-300x63.jpg 300w, https:\/\/futureg.sk\/hu\/wp-content\/uploads\/sites\/2\/2022\/09\/EU-FUNDED_official-logo-from-2022-1024x215.jpg 1024w, https:\/\/futureg.sk\/hu\/wp-content\/uploads\/sites\/2\/2022\/09\/EU-FUNDED_official-logo-from-2022-768x161.jpg 768w, https:\/\/futureg.sk\/hu\/wp-content\/uploads\/sites\/2\/2022\/09\/EU-FUNDED_official-logo-from-2022-1536x322.jpg 1536w, https:\/\/futureg.sk\/hu\/wp-content\/uploads\/sites\/2\/2022\/09\/EU-FUNDED_official-logo-from-2022-2048x430.jpg 2048w\" sizes=\"auto, (max-width: 300px) 100vw, 300px\" \/><\/div>\n","protected":false},"excerpt":{"rendered":"<p>2022.04.06-07 Ostrava WOWIT tal\u00e1lkoz\u00f3 A Futureg csapata a WOWIT projekt keretein bel\u00fcl \u00e1prilis 6.-\u00e1n Ostravaba utazott. N\u00e9h\u00e1nyan k\u00f6z\u00fcl\u00fck ugyan csak virtu\u00e1lisan tudtak r\u00e9szt venni az el\u0151ad\u00e1sokon \u00e9s megbesz\u00e9l\u00e9seken, m\u00e9gis egy csapatk\u00e9nt k\u00f6z\u00f6sen vett\u00fcnk r\u00e9szt ezen a k\u00fcl\u00f6nleges esem\u00e9nyen. Egy k\u00fcl\u00f6nleges, orsz\u00e1ghat\u00e1rokon \u00e1t\u00edvel\u0151 nemzetk\u00f6zi diszkusszi\u00f3n vehett\u00fcnk r\u00e9szt egy\u00fctt, \u00edgy b\u0151v\u00edtve ismereteinket egy igen fontos, ugyanakkor kev\u00e9s [&hellip;]<\/p>\n","protected":false},"author":1,"featured_media":561,"comment_status":"closed","ping_status":"open","sticky":false,"template":"","format":"standard","meta":{"_monsterinsights_skip_tracking":false,"_monsterinsights_sitenote_active":false,"_monsterinsights_sitenote_note":"","_monsterinsights_sitenote_category":0,"footnotes":""},"categories":[1],"tags":[],"class_list":["post-558","post","type-post","status-publish","format-standard","has-post-thumbnail","hentry","category-workshop"],"yoast_head":"<!-- This site is optimized with the Yoast SEO plugin v26.1.1 - https:\/\/yoast.com\/wordpress\/plugins\/seo\/ -->\n<title>WOWIT tal\u00e1lkoz\u00f3 Ostrava - FutuReg PT<\/title>\n<meta name=\"robots\" content=\"index, follow, max-snippet:-1, max-image-preview:large, max-video-preview:-1\" \/>\n<link rel=\"canonical\" href=\"https:\/\/futureg.sk\/hu\/wowit-talalkozo-ostrava\/\" \/>\n<meta property=\"og:locale\" content=\"hu_HU\" \/>\n<meta property=\"og:type\" content=\"article\" \/>\n<meta property=\"og:title\" content=\"WOWIT tal\u00e1lkoz\u00f3 Ostrava - FutuReg PT\" \/>\n<meta property=\"og:description\" content=\"2022.04.06-07 Ostrava WOWIT tal\u00e1lkoz\u00f3 A Futureg csapata a WOWIT projekt keretein bel\u00fcl \u00e1prilis 6.-\u00e1n Ostravaba utazott. N\u00e9h\u00e1nyan k\u00f6z\u00fcl\u00fck ugyan csak virtu\u00e1lisan tudtak r\u00e9szt venni az el\u0151ad\u00e1sokon \u00e9s megbesz\u00e9l\u00e9seken, m\u00e9gis egy csapatk\u00e9nt k\u00f6z\u00f6sen vett\u00fcnk r\u00e9szt ezen a k\u00fcl\u00f6nleges esem\u00e9nyen. Egy k\u00fcl\u00f6nleges, orsz\u00e1ghat\u00e1rokon \u00e1t\u00edvel\u0151 nemzetk\u00f6zi diszkusszi\u00f3n vehett\u00fcnk r\u00e9szt egy\u00fctt, \u00edgy b\u0151v\u00edtve ismereteinket egy igen fontos, ugyanakkor kev\u00e9s [&hellip;]\" \/>\n<meta property=\"og:url\" content=\"https:\/\/futureg.sk\/hu\/wowit-talalkozo-ostrava\/\" \/>\n<meta property=\"og:site_name\" content=\"FutuReg PT\" \/>\n<meta property=\"article:published_time\" content=\"2022-04-12T10:13:36+00:00\" \/>\n<meta property=\"article:modified_time\" content=\"2022-12-07T12:50:26+00:00\" \/>\n<meta property=\"og:image\" content=\"https:\/\/futureg.sk\/hu\/wp-content\/uploads\/sites\/2\/2022\/04\/egyik-oldal.jpg\" \/>\n\t<meta property=\"og:image:width\" content=\"878\" \/>\n\t<meta property=\"og:image:height\" content=\"659\" \/>\n\t<meta property=\"og:image:type\" content=\"image\/jpeg\" \/>\n<meta name=\"author\" content=\"futureg\" \/>\n<meta name=\"twitter:card\" content=\"summary_large_image\" \/>\n<meta name=\"twitter:label1\" content=\"Szerz\u0151:\" \/>\n\t<meta name=\"twitter:data1\" content=\"futureg\" \/>\n\t<meta name=\"twitter:label2\" content=\"Becs\u00fclt olvas\u00e1si id\u0151\" \/>\n\t<meta name=\"twitter:data2\" content=\"5 perc\" \/>\n<script type=\"application\/ld+json\" class=\"yoast-schema-graph\">{\"@context\":\"https:\/\/schema.org\",\"@graph\":[{\"@type\":\"WebPage\",\"@id\":\"https:\/\/futureg.sk\/hu\/wowit-talalkozo-ostrava\/\",\"url\":\"https:\/\/futureg.sk\/hu\/wowit-talalkozo-ostrava\/\",\"name\":\"WOWIT tal\u00e1lkoz\u00f3 Ostrava - FutuReg PT\",\"isPartOf\":{\"@id\":\"https:\/\/futureg.sk\/hu\/#website\"},\"primaryImageOfPage\":{\"@id\":\"https:\/\/futureg.sk\/hu\/wowit-talalkozo-ostrava\/#primaryimage\"},\"image\":{\"@id\":\"https:\/\/futureg.sk\/hu\/wowit-talalkozo-ostrava\/#primaryimage\"},\"thumbnailUrl\":\"https:\/\/futureg.sk\/hu\/wp-content\/uploads\/sites\/2\/2022\/04\/egyik-oldal.jpg\",\"datePublished\":\"2022-04-12T10:13:36+00:00\",\"dateModified\":\"2022-12-07T12:50:26+00:00\",\"author\":{\"@id\":\"https:\/\/futureg.sk\/hu\/#\/schema\/person\/55778fd0da87f59248b56bc66be71ab5\"},\"breadcrumb\":{\"@id\":\"https:\/\/futureg.sk\/hu\/wowit-talalkozo-ostrava\/#breadcrumb\"},\"inLanguage\":\"hu\",\"potentialAction\":[{\"@type\":\"ReadAction\",\"target\":[\"https:\/\/futureg.sk\/hu\/wowit-talalkozo-ostrava\/\"]}]},{\"@type\":\"ImageObject\",\"inLanguage\":\"hu\",\"@id\":\"https:\/\/futureg.sk\/hu\/wowit-talalkozo-ostrava\/#primaryimage\",\"url\":\"https:\/\/futureg.sk\/hu\/wp-content\/uploads\/sites\/2\/2022\/04\/egyik-oldal.jpg\",\"contentUrl\":\"https:\/\/futureg.sk\/hu\/wp-content\/uploads\/sites\/2\/2022\/04\/egyik-oldal.jpg\",\"width\":878,\"height\":659},{\"@type\":\"BreadcrumbList\",\"@id\":\"https:\/\/futureg.sk\/hu\/wowit-talalkozo-ostrava\/#breadcrumb\",\"itemListElement\":[{\"@type\":\"ListItem\",\"position\":1,\"name\":\"Home\",\"item\":\"https:\/\/futureg.sk\/hu\/\"},{\"@type\":\"ListItem\",\"position\":2,\"name\":\"WOWIT tal\u00e1lkoz\u00f3 Ostrava\"}]},{\"@type\":\"WebSite\",\"@id\":\"https:\/\/futureg.sk\/hu\/#website\",\"url\":\"https:\/\/futureg.sk\/hu\/\",\"name\":\"FutuReg PT\",\"description\":\"R\u00e9gi\u00f3nk \u00e9s gyermekeink fejleszt\u00e9s\u00e9\u00e9rt\",\"potentialAction\":[{\"@type\":\"SearchAction\",\"target\":{\"@type\":\"EntryPoint\",\"urlTemplate\":\"https:\/\/futureg.sk\/hu\/?s={search_term_string}\"},\"query-input\":{\"@type\":\"PropertyValueSpecification\",\"valueRequired\":true,\"valueName\":\"search_term_string\"}}],\"inLanguage\":\"hu\"},{\"@type\":\"Person\",\"@id\":\"https:\/\/futureg.sk\/hu\/#\/schema\/person\/55778fd0da87f59248b56bc66be71ab5\",\"name\":\"futureg\",\"image\":{\"@type\":\"ImageObject\",\"inLanguage\":\"hu\",\"@id\":\"https:\/\/futureg.sk\/hu\/#\/schema\/person\/image\/\",\"url\":\"https:\/\/secure.gravatar.com\/avatar\/db88629feb205bd1540ef21e3582402deadb0a8828b92221f5767b28bbddfab2?s=96&d=mm&r=g\",\"contentUrl\":\"https:\/\/secure.gravatar.com\/avatar\/db88629feb205bd1540ef21e3582402deadb0a8828b92221f5767b28bbddfab2?s=96&d=mm&r=g\",\"caption\":\"futureg\"},\"url\":\"https:\/\/futureg.sk\/hu\/author\/futureg\/\"}]}<\/script>\n<!-- \/ Yoast SEO plugin. -->","yoast_head_json":{"title":"WOWIT tal\u00e1lkoz\u00f3 Ostrava - FutuReg PT","robots":{"index":"index","follow":"follow","max-snippet":"max-snippet:-1","max-image-preview":"max-image-preview:large","max-video-preview":"max-video-preview:-1"},"canonical":"https:\/\/futureg.sk\/hu\/wowit-talalkozo-ostrava\/","og_locale":"hu_HU","og_type":"article","og_title":"WOWIT tal\u00e1lkoz\u00f3 Ostrava - FutuReg PT","og_description":"2022.04.06-07 Ostrava WOWIT tal\u00e1lkoz\u00f3 A Futureg csapata a WOWIT projekt keretein bel\u00fcl \u00e1prilis 6.-\u00e1n Ostravaba utazott. N\u00e9h\u00e1nyan k\u00f6z\u00fcl\u00fck ugyan csak virtu\u00e1lisan tudtak r\u00e9szt venni az el\u0151ad\u00e1sokon \u00e9s megbesz\u00e9l\u00e9seken, m\u00e9gis egy csapatk\u00e9nt k\u00f6z\u00f6sen vett\u00fcnk r\u00e9szt ezen a k\u00fcl\u00f6nleges esem\u00e9nyen. Egy k\u00fcl\u00f6nleges, orsz\u00e1ghat\u00e1rokon \u00e1t\u00edvel\u0151 nemzetk\u00f6zi diszkusszi\u00f3n vehett\u00fcnk r\u00e9szt egy\u00fctt, \u00edgy b\u0151v\u00edtve ismereteinket egy igen fontos, ugyanakkor kev\u00e9s [&hellip;]","og_url":"https:\/\/futureg.sk\/hu\/wowit-talalkozo-ostrava\/","og_site_name":"FutuReg PT","article_published_time":"2022-04-12T10:13:36+00:00","article_modified_time":"2022-12-07T12:50:26+00:00","og_image":[{"width":878,"height":659,"url":"https:\/\/futureg.sk\/hu\/wp-content\/uploads\/sites\/2\/2022\/04\/egyik-oldal.jpg","type":"image\/jpeg"}],"author":"futureg","twitter_card":"summary_large_image","twitter_misc":{"Szerz\u0151:":"futureg","Becs\u00fclt olvas\u00e1si id\u0151":"5 perc"},"schema":{"@context":"https:\/\/schema.org","@graph":[{"@type":"WebPage","@id":"https:\/\/futureg.sk\/hu\/wowit-talalkozo-ostrava\/","url":"https:\/\/futureg.sk\/hu\/wowit-talalkozo-ostrava\/","name":"WOWIT tal\u00e1lkoz\u00f3 Ostrava - FutuReg PT","isPartOf":{"@id":"https:\/\/futureg.sk\/hu\/#website"},"primaryImageOfPage":{"@id":"https:\/\/futureg.sk\/hu\/wowit-talalkozo-ostrava\/#primaryimage"},"image":{"@id":"https:\/\/futureg.sk\/hu\/wowit-talalkozo-ostrava\/#primaryimage"},"thumbnailUrl":"https:\/\/futureg.sk\/hu\/wp-content\/uploads\/sites\/2\/2022\/04\/egyik-oldal.jpg","datePublished":"2022-04-12T10:13:36+00:00","dateModified":"2022-12-07T12:50:26+00:00","author":{"@id":"https:\/\/futureg.sk\/hu\/#\/schema\/person\/55778fd0da87f59248b56bc66be71ab5"},"breadcrumb":{"@id":"https:\/\/futureg.sk\/hu\/wowit-talalkozo-ostrava\/#breadcrumb"},"inLanguage":"hu","potentialAction":[{"@type":"ReadAction","target":["https:\/\/futureg.sk\/hu\/wowit-talalkozo-ostrava\/"]}]},{"@type":"ImageObject","inLanguage":"hu","@id":"https:\/\/futureg.sk\/hu\/wowit-talalkozo-ostrava\/#primaryimage","url":"https:\/\/futureg.sk\/hu\/wp-content\/uploads\/sites\/2\/2022\/04\/egyik-oldal.jpg","contentUrl":"https:\/\/futureg.sk\/hu\/wp-content\/uploads\/sites\/2\/2022\/04\/egyik-oldal.jpg","width":878,"height":659},{"@type":"BreadcrumbList","@id":"https:\/\/futureg.sk\/hu\/wowit-talalkozo-ostrava\/#breadcrumb","itemListElement":[{"@type":"ListItem","position":1,"name":"Home","item":"https:\/\/futureg.sk\/hu\/"},{"@type":"ListItem","position":2,"name":"WOWIT tal\u00e1lkoz\u00f3 Ostrava"}]},{"@type":"WebSite","@id":"https:\/\/futureg.sk\/hu\/#website","url":"https:\/\/futureg.sk\/hu\/","name":"FutuReg PT","description":"R\u00e9gi\u00f3nk \u00e9s gyermekeink fejleszt\u00e9s\u00e9\u00e9rt","potentialAction":[{"@type":"SearchAction","target":{"@type":"EntryPoint","urlTemplate":"https:\/\/futureg.sk\/hu\/?s={search_term_string}"},"query-input":{"@type":"PropertyValueSpecification","valueRequired":true,"valueName":"search_term_string"}}],"inLanguage":"hu"},{"@type":"Person","@id":"https:\/\/futureg.sk\/hu\/#\/schema\/person\/55778fd0da87f59248b56bc66be71ab5","name":"futureg","image":{"@type":"ImageObject","inLanguage":"hu","@id":"https:\/\/futureg.sk\/hu\/#\/schema\/person\/image\/","url":"https:\/\/secure.gravatar.com\/avatar\/db88629feb205bd1540ef21e3582402deadb0a8828b92221f5767b28bbddfab2?s=96&d=mm&r=g","contentUrl":"https:\/\/secure.gravatar.com\/avatar\/db88629feb205bd1540ef21e3582402deadb0a8828b92221f5767b28bbddfab2?s=96&d=mm&r=g","caption":"futureg"},"url":"https:\/\/futureg.sk\/hu\/author\/futureg\/"}]}},"_links":{"self":[{"href":"https:\/\/futureg.sk\/hu\/wp-json\/wp\/v2\/posts\/558","targetHints":{"allow":["GET"]}}],"collection":[{"href":"https:\/\/futureg.sk\/hu\/wp-json\/wp\/v2\/posts"}],"about":[{"href":"https:\/\/futureg.sk\/hu\/wp-json\/wp\/v2\/types\/post"}],"author":[{"embeddable":true,"href":"https:\/\/futureg.sk\/hu\/wp-json\/wp\/v2\/users\/1"}],"replies":[{"embeddable":true,"href":"https:\/\/futureg.sk\/hu\/wp-json\/wp\/v2\/comments?post=558"}],"version-history":[{"count":6,"href":"https:\/\/futureg.sk\/hu\/wp-json\/wp\/v2\/posts\/558\/revisions"}],"predecessor-version":[{"id":668,"href":"https:\/\/futureg.sk\/hu\/wp-json\/wp\/v2\/posts\/558\/revisions\/668"}],"wp:featuredmedia":[{"embeddable":true,"href":"https:\/\/futureg.sk\/hu\/wp-json\/wp\/v2\/media\/561"}],"wp:attachment":[{"href":"https:\/\/futureg.sk\/hu\/wp-json\/wp\/v2\/media?parent=558"}],"wp:term":[{"taxonomy":"category","embeddable":true,"href":"https:\/\/futureg.sk\/hu\/wp-json\/wp\/v2\/categories?post=558"},{"taxonomy":"post_tag","embeddable":true,"href":"https:\/\/futureg.sk\/hu\/wp-json\/wp\/v2\/tags?post=558"}],"curies":[{"name":"wp","href":"https:\/\/api.w.org\/{rel}","templated":true}]}}