{"id":315,"date":"2019-11-20T15:14:18","date_gmt":"2019-11-20T15:14:18","guid":{"rendered":"http:\/\/futureg.sk\/hu\/?p=315"},"modified":"2019-11-17T19:05:06","modified_gmt":"2019-11-17T19:05:06","slug":"gyermekjogok-2019-ben-gyermekszemmel-aktualis-felmeres","status":"publish","type":"post","link":"https:\/\/futureg.sk\/hu\/gyermekjogok-2019-ben-gyermekszemmel-aktualis-felmeres\/","title":{"rendered":"Gyermekjogok 2019-ben gyermekszemmel \u2013 aktu\u00e1lis felm\u00e9r\u00e9s"},"content":{"rendered":"<p><strong>Gyermekjogok 2019-ben gyermekszemmel \u2013 aktu\u00e1lis felm\u00e9r\u00e9s<\/strong><\/p>\n<p><strong>\u00a0<\/strong><\/p>\n<p>A\u00a0gyermekek t\u00e1rsadalmunk t\u00fck\u00f6rk\u00e9pei, \u00e9s ez\u00e1ltal t\u00e1rsadalmunk legf\u0151bb probl\u00e9m\u00e1it is visszat\u00fckr\u00f6zik<em>. \u00a0A jog nem \u00e9ttermi men\u00fc, amib\u0151l a gyerekeknek kis adag is el\u00e9g<\/em>.\u00a0 A gyermeknek joga van a legjobbhoz \u2013 \u00edgy sz\u00f3l a gyermek legf\u0151bb \u00e9rdeke. Az ENSZ gyermekjogi deklar\u00e1ci\u00f3ja, t\u00f6bbet k\u00f6zt, a gyermekek sz\u00e1m\u00e1ra jogot biztos\u00edt saj\u00e1t kult\u00far\u00e1juk, vall\u00e1suk gyakorl\u00e1s\u00e1ra, arra, hogy az anyanyelv\u00fck\u00f6n besz\u00e9ljenek vagy tanuljanak, \u00e9s kifejezz\u00e9k v\u00e9lem\u00e9ny\u00fcket. Vajon 30 \u00e9v t\u00e1vlat\u00e1b\u00f3l ez a dokumentum mit jelent a szlov\u00e1kiai magyar gyermekeknek? Erre kereste a v\u00e1laszt az al\u00e1bbi kutat\u00e1s.<a href=\"https:\/\/futureg.sk\/hu\/?attachment_id=317\" rel=\"attachment wp-att-317\">GYERMEKJOGOK<\/a><\/p>\n<p>&nbsp;<\/p>\n<p><strong>Hogyan v\u00e9lekednek a gyerekek?<\/strong><\/p>\n<p>A kutat\u00e1s a gyermekek jogait h\u00e1rom szempontb\u00f3l vizsg\u00e1lta: <em>emberi jogok, gyermekjogok \u00e9s kisebbs\u00e9gi jogok.<\/em> A k\u00e9rd\u0151\u00edvek szlov\u00e1kiai magyar oktat\u00e1si int\u00e9zm\u00e9nyekbe j\u00e1r\u00f3 gyermekekhez az int\u00e9zm\u00e9nyben, illetve online jutottak el. A megk\u00e9rdezett gyermekek a 10-18 \u00e9ves koroszt\u00e1lyba tartoztak, \u00e9s 11 d\u00e9l-szlov\u00e1kiai j\u00e1r\u00e1sban, t\u00f6bb mint 10 k\u00fcl\u00f6nb\u00f6z\u0151 int\u00e9zm\u00e9nyben tanultak. \u00a0A gyermekek demogr\u00e1fiai profilj\u00e1t kib\u0151v\u00edtett\u00fck az online felhaszn\u00e1l\u00f3i profiljuk \u00e9s viselked\u00e9s\u00fck lek\u00e9rdez\u00e9s\u00e9vel. A megk\u00e9rdezett gyermekek 56 %-a \u00fagy gondolja, hogy a <em>korl\u00e1tlan internetez\u00e9s \u00e9ppolyan term\u00e9szetes velej\u00e1r\u00f3ja<\/em> \u2013 n\u00e9ha kimondottan alapvet\u0151 gyermekjognak defini\u00e1lj\u00e1k \u2013 gyermekl\u00e9t\u00fck meghat\u00e1roz\u00f3ja, mint az, hogy iskol\u00e1ba j\u00e1rnak, vagy szlov\u00e1kiai magyar gyermek eset\u00e9ben, hogy az anyanyelven tanuljanak? F\u0151k\u00e9ppen most \u00e9rdemes ezen elgondolkodni, amikor az <em>EU a 2019-es \u00e9vet a\u00a0biztons\u00e1gos internet,<\/em> <strong>#Saferinternet<\/strong> nevezet\u0171 kamp\u00e1ny\u00e1val sz\u00f6vi \u00e1t.<\/p>\n<p><strong>Mit mondanak a gyermekek a szlov\u00e1kiai magyar felm\u00e9r\u00e9sben?<\/strong><\/p>\n<p>A kutat\u00e1sb\u00f3l egy\u00e9rtelm\u0171en kider\u00fcl, hogy honnan, milyen forr\u00e1sokb\u00f3l \u00e9s milyen k\u00f6rnyezetben tanulnak a gyermekek a legt\u00f6bbet az emberjogi k\u00e9rd\u00e9sekr\u0151l a gyermekek jogainak viszonylat\u00e1ban \u2013 az otthoni k\u00f6rnyezet egy\u00e9rtelm\u0171en domin\u00e1l<em>.<\/em><em>\u00a0 A gyermekek csaknem 22%-a sz\u00e1molt be arr\u00f3l, hogy az iskol\u00e1ban sokat tanul az emberi jogokr\u00f3l, \u00e1m ezen inform\u00e1ci\u00f3k legfontosabb forr\u00e1sa a csal\u00e1d, hiszen a gyermekek 45%-a a csal\u00e1dj\u00e1t\u00f3l tud err\u0151l. A harmadik legfontosabb forr\u00e1s a r\u00e1di\u00f3 \u00e9s a telev\u00edzi\u00f3 \u2013 ez mind\u00f6ssze 18%-ot tesz ki. A megk\u00e9rdezettek 12%-a a bar\u00e1tok \u00e1ltal \u00e9rtes\u00fcl a t\u00e9m\u00e1r\u00f3l, 3%-a az interneten olvasott m\u00e1r a gyermekjogokr\u00f3l, m\u00edg 10%-a \u00e9rtes\u00fclt csup\u00e1n a m\u00e9di\u00e1b\u00f3l.<\/em><\/p>\n<p>A felm\u00e9r\u00e9s szerint a <em>magyar nemzetis\u00e9g\u0171 gyermekekn\u00e9l magasabb szint\u0171 kritika<\/em> jelentkezett az emberi jogok tiszteletben tart\u00e1sa szempontj\u00e1b\u00f3l, mint a szlov\u00e1k nemzetis\u00e9g\u0171 gyermekek eset\u00e9ben (UNICEF 2009). A magyar gyermekek 56%-a gondolta, hogy gyermekjogaikat betartj\u00e1k, m\u00edg a jelen felm\u00e9r\u00e9s \u00f6sszegz\u00e9se 13 %-ot mutat, mely jelent\u0151s \u00e9rt\u00e9krendbeli \u00e9s felfog\u00e1sbeli v\u00e1ltoz\u00e1sra utal.<\/p>\n<p>&nbsp;<\/p>\n<p><strong>Kapcsolatok \u00e9s eredm\u00e9nyek<\/strong><\/p>\n<p><strong><em>\u00a0<\/em><\/strong><\/p>\n<p>Alapvet\u0151en k\u00f6zismert t\u00e9ny, hogy a gyermekek \u00e9letkor\u00e1nak n\u00f6veked\u00e9s\u00e9vel n\u00f6vekszik a <em>tud\u00e1suk szintje ezen a ter\u00fcleten, \u00e9s n\u00f6vekszik a figyelem \u00e9s a kritika a t\u00e9m\u00e1val kapcsolatos \u00e9rt\u00e9kel\u00e9si hozz\u00e1\u00e1ll\u00e1sban<\/em>. Korrel\u00e1ci\u00f3 mutatkozott a sz\u00fcl\u0151k iskolai v\u00e9gzetts\u00e9ge \u00e9s a gyermekek tud\u00e1sszintje k\u00f6zt is. A m\u00e1sik meghat\u00e1roz\u00f3 kapcsolat pedig a telep\u00fcl\u00e9s m\u00e9rete \u00e9s gyermekjogokr\u00f3l val\u00f3 inform\u00e1lts\u00e1g nagyobb m\u00e9rt\u00e9ke volt. A kutat\u00e1s ism\u00e9telten kimutatta, hogy a gyermekek tud\u00e1sa ebben a t\u00e9m\u00e1ban <em>a gyermek lakhely\u00e9t\u0151l f\u00fcgg \u2013<\/em> azaz min\u00e9l nagyobb az \u00f6nkorm\u00e1nyzat, ahol a gyermek \u00e9l, ann\u00e1l sz\u00e9lesebb \u00e9s pontosabb ismeretei vannak az emberi, kisebbs\u00e9gi \u00e9s gyermekjogokr\u00f3l.<\/p>\n<p><strong>Hogyan tov\u00e1bb gyermekjogok \u00e9s emberi jogok?<\/strong><\/p>\n<p>Ezen t\u00e9nyek alapj\u00e1n kijelenthetj\u00fck, hogy fokozott figyelmet kell ford\u00edtani az olyan gyermekek oktat\u00e1s\u00e1ra \u00e9s felvil\u00e1gos\u00edt\u00e1s\u00e1ra, <em>akik kisebb \u00f6nkorm\u00e1nyzatokban \u00e9lnek \u00e9s sz\u00fcleik alacsony iskolai v\u00e9gzetts\u00e9ggel rendelkezne<\/em>k. Sajnos kijelenthetj\u00fck, hogy a <em>13-15 \u00e9vesek t\u00f6bb mint fele m\u00e9g soha nem hallott a gyermekjogi egyezm\u00e9nyr\u0151l, de konkr\u00e9t gyermekjogokr\u00f3l sem,<\/em> <em>vagy \u00fagy fogalmaz, nem biztos abban, hogy hallott-e r\u00f3la.<\/em> Azoknak a gyermekeknek a sz\u00e1ma (48%), akik hat\u00e1rozott m\u00f3don v\u00e1laszoltak, hogy <em>m\u00e9g soha nem hallottak az egyezm\u00e9nyr\u0151l, aggaszt\u00f3an magas sz\u00e1mot mutat, <\/em>annak ellen\u00e9re, hogy a megl\u00e9v\u0151 iskolai tantervek nagy r\u00e9sze egy\u00e9bk\u00e9nt tartalmazza a gyermekek jogainak t\u00e9m\u00e1j\u00e1t.<\/p>\n<p><strong>Konkr\u00e9tabban mindig k\u00f6nnyebb a jogismeret<\/strong><\/p>\n<p>A kutat\u00e1s meger\u0151s\u00edtette azt a kellemes t\u00e9nyt, hogy a gyermekek t\u00f6bb mint a fele fel tud sorolni konkr\u00e9t gyermekjogokat, ez pedig az ismeretet t\u00e1masztja al\u00e1. Olyan jogokb\u00f3l, amelyeket meg is tud nevezni, \u00e9s ki tudja \u00e9rt\u00e9kelni betart\u00e1suk t\u00e1rsadalmi garanci\u00e1j\u00e1t h\u00e1rmat kell kiemelni. <em>Az oktat\u00e1shoz val\u00f3 jog \u00e1ltal\u00e1nosan ismert jognak tekinthet\u0151<\/em> \u2013 mondta a gyermekek t\u00f6bb mint 90%-a. A m\u00e1sodik jog, <em>amely k\u00f6zismert a legt\u00f6bb gyermek sz\u00e1m\u00e1ra, az er\u0151szak elleni v\u00e9delemhez val\u00f3 jog.<\/em> \u00c9rdekess\u00e9g, hogy a\u00a0harmadik jog, mely val\u00f3j\u00e1ban nem is jog, csak a gyermekek defini\u00e1lt\u00e1k azz\u00e1 v\u00e1laszaikban: <em>a szabad \u00e9s t\u00falzott internethaszn\u00e1lat<\/em>.<\/p>\n<p><strong>2020 \u2013 a biztons\u00e1gos internet \u00e9ve l\u00e1nyok sz\u00e1m\u00e1ra<\/strong><\/p>\n<p>A <strong>#Saferinternetforher<\/strong> folyamatban l\u00e9v\u0151 eur\u00f3pai kamp\u00e1ny\u00e1val kapcsolatban megpr\u00f3b\u00e1ltunk inform\u00e1ci\u00f3kat szerezni a gyermekek szempontjair\u00f3l. <strong>A #Saferinternetforher<\/strong> az internethaszn\u00e1lat t\u00falzott m\u00e9rt\u00e9k\u0171 haszn\u00e1lat\u00e1t korl\u00e1tozza. A kutat\u00e1s eredm\u00e9nyei szerint a gyerekek az internet szabad haszn\u00e1lat\u00e1hoz val\u00f3 jogot saj\u00e1tjuknak v\u00e9lt\u00e9k. <em>Ebben a tekintetben ez egy viszonylag v\u00e1ratlan eredm\u00e9ny, amely a t\u00e9ma fokozatos tabu-rendez\u00e9s\u00e9vel, az online er\u0151szak \u00e9s az ehhez kapcsol\u00f3d\u00f3 tud\u00e1s n\u00f6vel\u00e9s\u00e9vel f\u00fcgg \u00f6ssze,<\/em> amely a j\u00f6v\u0151ben minden bizonnyal meg\u00e9rdemelne t\u00f6bb figyelmet \u00e9s m\u00e9lyebb elemz\u00e9st. A kutat\u00e1s vizsg\u00e1lta az er\u0151szak egyik modern aspektus\u00e1t is, nevezetesen az online jelenl\u00e9t \u00e9s online vesz\u00e9lyek ter\u00fclet\u00e9t \u2013 a gyermekek hozz\u00e1\u00e1ll\u00e1s\u00e1t \u00e9s tapasztalatait a t\u00e9m\u00e1ban. Elmondhatjuk, hogy ami k\u00f6nnyen el\u00e9rhet\u0151 online inform\u00e1ci\u00f3, nem biztos, hogy megfelel\u0151 tud\u00e1st is ad. Ugyanakkor megtanul\u00e1sa \u00e9s m\u00e9ly eml\u00e9kezetbe v\u00e9s\u00e9se az iskol\u00e1ban \u00e9s otthon minden bizonnyal hat\u00e9kony eszk\u00f6z, ez\u00e9rt fontos oktat\u00e1suk \u00e9s tantervbe val\u00f3 iktat\u00e1suk<strong> szakemberek \u00e9s szakmai anyagok seg\u00edts\u00e9g\u00e9vel<\/strong>.<\/p>\n<p><em>A FutuReg think-tank 2016 \u00f3ta a minoritykids.sk tan\u00e1csad\u00f3-\u00e9rdekv\u00e9delmi port\u00e1lt vezeti. PhDr. Bott Domonkos L\u00edvia, PhD. a kutat\u00e1s vezet\u0151je, a Minority Kids projekt eln\u00f6ke, a Szlov\u00e1kia Gyermekei\u00e9rt Koal\u00edci\u00f3 egykori koordin\u00e1tora, a kutat\u00e1st a Kisebbs\u00e9gi Kultur\u00e1lis Alap t\u00e1mogatta. A kutat\u00e1s eredm\u00e9nyei a Kisebbs\u00e9gi Jogv\u00e9d\u0151 Int\u00e9zet 2019 novemberi konferenci\u00e1j\u00e1n lesznek prezent\u00e1lva.<\/em><\/p>\n","protected":false},"excerpt":{"rendered":"<p>Gyermekjogok 2019-ben gyermekszemmel \u2013 aktu\u00e1lis felm\u00e9r\u00e9s \u00a0 A\u00a0gyermekek t\u00e1rsadalmunk t\u00fck\u00f6rk\u00e9pei, \u00e9s ez\u00e1ltal t\u00e1rsadalmunk legf\u0151bb probl\u00e9m\u00e1it is visszat\u00fckr\u00f6zik. \u00a0A jog nem \u00e9ttermi men\u00fc, amib\u0151l a gyerekeknek kis adag is el\u00e9g.\u00a0 A gyermeknek joga van a legjobbhoz \u2013 \u00edgy sz\u00f3l a gyermek legf\u0151bb \u00e9rdeke. Az ENSZ gyermekjogi deklar\u00e1ci\u00f3ja, t\u00f6bbet k\u00f6zt, a gyermekek sz\u00e1m\u00e1ra jogot biztos\u00edt saj\u00e1t kult\u00far\u00e1juk, [&hellip;]<\/p>\n","protected":false},"author":1,"featured_media":320,"comment_status":"closed","ping_status":"open","sticky":false,"template":"","format":"standard","meta":{"_monsterinsights_skip_tracking":false,"_monsterinsights_sitenote_active":false,"_monsterinsights_sitenote_note":"","_monsterinsights_sitenote_category":0,"footnotes":""},"categories":[1],"tags":[],"class_list":["post-315","post","type-post","status-publish","format-standard","has-post-thumbnail","hentry","category-workshop"],"yoast_head":"<!-- This site is optimized with the Yoast SEO plugin v26.1.1 - https:\/\/yoast.com\/wordpress\/plugins\/seo\/ -->\n<title>Gyermekjogok 2019-ben gyermekszemmel \u2013 aktu\u00e1lis felm\u00e9r\u00e9s - FutuReg PT<\/title>\n<meta name=\"robots\" content=\"index, follow, max-snippet:-1, max-image-preview:large, max-video-preview:-1\" \/>\n<link rel=\"canonical\" href=\"https:\/\/futureg.sk\/hu\/gyermekjogok-2019-ben-gyermekszemmel-aktualis-felmeres\/\" \/>\n<meta property=\"og:locale\" content=\"hu_HU\" \/>\n<meta property=\"og:type\" content=\"article\" \/>\n<meta property=\"og:title\" content=\"Gyermekjogok 2019-ben gyermekszemmel \u2013 aktu\u00e1lis felm\u00e9r\u00e9s - FutuReg PT\" \/>\n<meta property=\"og:description\" content=\"Gyermekjogok 2019-ben gyermekszemmel \u2013 aktu\u00e1lis felm\u00e9r\u00e9s \u00a0 A\u00a0gyermekek t\u00e1rsadalmunk t\u00fck\u00f6rk\u00e9pei, \u00e9s ez\u00e1ltal t\u00e1rsadalmunk legf\u0151bb probl\u00e9m\u00e1it is visszat\u00fckr\u00f6zik. \u00a0A jog nem \u00e9ttermi men\u00fc, amib\u0151l a gyerekeknek kis adag is el\u00e9g.\u00a0 A gyermeknek joga van a legjobbhoz \u2013 \u00edgy sz\u00f3l a gyermek legf\u0151bb \u00e9rdeke. Az ENSZ gyermekjogi deklar\u00e1ci\u00f3ja, t\u00f6bbet k\u00f6zt, a gyermekek sz\u00e1m\u00e1ra jogot biztos\u00edt saj\u00e1t kult\u00far\u00e1juk, [&hellip;]\" \/>\n<meta property=\"og:url\" content=\"https:\/\/futureg.sk\/hu\/gyermekjogok-2019-ben-gyermekszemmel-aktualis-felmeres\/\" \/>\n<meta property=\"og:site_name\" content=\"FutuReg PT\" \/>\n<meta property=\"article:published_time\" content=\"2019-11-20T15:14:18+00:00\" \/>\n<meta property=\"og:image\" content=\"https:\/\/futureg.sk\/hu\/wp-content\/uploads\/sites\/2\/2019\/11\/borito.jpg\" \/>\n\t<meta property=\"og:image:width\" content=\"444\" \/>\n\t<meta property=\"og:image:height\" content=\"564\" \/>\n\t<meta property=\"og:image:type\" content=\"image\/jpeg\" \/>\n<meta name=\"author\" content=\"futureg\" \/>\n<meta name=\"twitter:card\" content=\"summary_large_image\" \/>\n<meta name=\"twitter:label1\" content=\"Szerz\u0151:\" \/>\n\t<meta name=\"twitter:data1\" content=\"futureg\" \/>\n\t<meta name=\"twitter:label2\" content=\"Becs\u00fclt olvas\u00e1si id\u0151\" \/>\n\t<meta name=\"twitter:data2\" content=\"6 perc\" \/>\n<script type=\"application\/ld+json\" class=\"yoast-schema-graph\">{\"@context\":\"https:\/\/schema.org\",\"@graph\":[{\"@type\":\"WebPage\",\"@id\":\"https:\/\/futureg.sk\/hu\/gyermekjogok-2019-ben-gyermekszemmel-aktualis-felmeres\/\",\"url\":\"https:\/\/futureg.sk\/hu\/gyermekjogok-2019-ben-gyermekszemmel-aktualis-felmeres\/\",\"name\":\"Gyermekjogok 2019-ben gyermekszemmel \u2013 aktu\u00e1lis felm\u00e9r\u00e9s - FutuReg PT\",\"isPartOf\":{\"@id\":\"https:\/\/futureg.sk\/hu\/#website\"},\"primaryImageOfPage\":{\"@id\":\"https:\/\/futureg.sk\/hu\/gyermekjogok-2019-ben-gyermekszemmel-aktualis-felmeres\/#primaryimage\"},\"image\":{\"@id\":\"https:\/\/futureg.sk\/hu\/gyermekjogok-2019-ben-gyermekszemmel-aktualis-felmeres\/#primaryimage\"},\"thumbnailUrl\":\"https:\/\/futureg.sk\/hu\/wp-content\/uploads\/sites\/2\/2019\/11\/borito.jpg\",\"datePublished\":\"2019-11-20T15:14:18+00:00\",\"author\":{\"@id\":\"https:\/\/futureg.sk\/hu\/#\/schema\/person\/55778fd0da87f59248b56bc66be71ab5\"},\"breadcrumb\":{\"@id\":\"https:\/\/futureg.sk\/hu\/gyermekjogok-2019-ben-gyermekszemmel-aktualis-felmeres\/#breadcrumb\"},\"inLanguage\":\"hu\",\"potentialAction\":[{\"@type\":\"ReadAction\",\"target\":[\"https:\/\/futureg.sk\/hu\/gyermekjogok-2019-ben-gyermekszemmel-aktualis-felmeres\/\"]}]},{\"@type\":\"ImageObject\",\"inLanguage\":\"hu\",\"@id\":\"https:\/\/futureg.sk\/hu\/gyermekjogok-2019-ben-gyermekszemmel-aktualis-felmeres\/#primaryimage\",\"url\":\"https:\/\/futureg.sk\/hu\/wp-content\/uploads\/sites\/2\/2019\/11\/borito.jpg\",\"contentUrl\":\"https:\/\/futureg.sk\/hu\/wp-content\/uploads\/sites\/2\/2019\/11\/borito.jpg\",\"width\":444,\"height\":564},{\"@type\":\"BreadcrumbList\",\"@id\":\"https:\/\/futureg.sk\/hu\/gyermekjogok-2019-ben-gyermekszemmel-aktualis-felmeres\/#breadcrumb\",\"itemListElement\":[{\"@type\":\"ListItem\",\"position\":1,\"name\":\"Home\",\"item\":\"https:\/\/futureg.sk\/hu\/\"},{\"@type\":\"ListItem\",\"position\":2,\"name\":\"Gyermekjogok 2019-ben gyermekszemmel \u2013 aktu\u00e1lis felm\u00e9r\u00e9s\"}]},{\"@type\":\"WebSite\",\"@id\":\"https:\/\/futureg.sk\/hu\/#website\",\"url\":\"https:\/\/futureg.sk\/hu\/\",\"name\":\"FutuReg PT\",\"description\":\"R\u00e9gi\u00f3nk \u00e9s gyermekeink fejleszt\u00e9s\u00e9\u00e9rt\",\"potentialAction\":[{\"@type\":\"SearchAction\",\"target\":{\"@type\":\"EntryPoint\",\"urlTemplate\":\"https:\/\/futureg.sk\/hu\/?s={search_term_string}\"},\"query-input\":{\"@type\":\"PropertyValueSpecification\",\"valueRequired\":true,\"valueName\":\"search_term_string\"}}],\"inLanguage\":\"hu\"},{\"@type\":\"Person\",\"@id\":\"https:\/\/futureg.sk\/hu\/#\/schema\/person\/55778fd0da87f59248b56bc66be71ab5\",\"name\":\"futureg\",\"image\":{\"@type\":\"ImageObject\",\"inLanguage\":\"hu\",\"@id\":\"https:\/\/futureg.sk\/hu\/#\/schema\/person\/image\/\",\"url\":\"https:\/\/secure.gravatar.com\/avatar\/db88629feb205bd1540ef21e3582402deadb0a8828b92221f5767b28bbddfab2?s=96&d=mm&r=g\",\"contentUrl\":\"https:\/\/secure.gravatar.com\/avatar\/db88629feb205bd1540ef21e3582402deadb0a8828b92221f5767b28bbddfab2?s=96&d=mm&r=g\",\"caption\":\"futureg\"},\"url\":\"https:\/\/futureg.sk\/hu\/author\/futureg\/\"}]}<\/script>\n<!-- \/ Yoast SEO plugin. -->","yoast_head_json":{"title":"Gyermekjogok 2019-ben gyermekszemmel \u2013 aktu\u00e1lis felm\u00e9r\u00e9s - FutuReg PT","robots":{"index":"index","follow":"follow","max-snippet":"max-snippet:-1","max-image-preview":"max-image-preview:large","max-video-preview":"max-video-preview:-1"},"canonical":"https:\/\/futureg.sk\/hu\/gyermekjogok-2019-ben-gyermekszemmel-aktualis-felmeres\/","og_locale":"hu_HU","og_type":"article","og_title":"Gyermekjogok 2019-ben gyermekszemmel \u2013 aktu\u00e1lis felm\u00e9r\u00e9s - FutuReg PT","og_description":"Gyermekjogok 2019-ben gyermekszemmel \u2013 aktu\u00e1lis felm\u00e9r\u00e9s \u00a0 A\u00a0gyermekek t\u00e1rsadalmunk t\u00fck\u00f6rk\u00e9pei, \u00e9s ez\u00e1ltal t\u00e1rsadalmunk legf\u0151bb probl\u00e9m\u00e1it is visszat\u00fckr\u00f6zik. \u00a0A jog nem \u00e9ttermi men\u00fc, amib\u0151l a gyerekeknek kis adag is el\u00e9g.\u00a0 A gyermeknek joga van a legjobbhoz \u2013 \u00edgy sz\u00f3l a gyermek legf\u0151bb \u00e9rdeke. Az ENSZ gyermekjogi deklar\u00e1ci\u00f3ja, t\u00f6bbet k\u00f6zt, a gyermekek sz\u00e1m\u00e1ra jogot biztos\u00edt saj\u00e1t kult\u00far\u00e1juk, [&hellip;]","og_url":"https:\/\/futureg.sk\/hu\/gyermekjogok-2019-ben-gyermekszemmel-aktualis-felmeres\/","og_site_name":"FutuReg PT","article_published_time":"2019-11-20T15:14:18+00:00","og_image":[{"width":444,"height":564,"url":"https:\/\/futureg.sk\/hu\/wp-content\/uploads\/sites\/2\/2019\/11\/borito.jpg","type":"image\/jpeg"}],"author":"futureg","twitter_card":"summary_large_image","twitter_misc":{"Szerz\u0151:":"futureg","Becs\u00fclt olvas\u00e1si id\u0151":"6 perc"},"schema":{"@context":"https:\/\/schema.org","@graph":[{"@type":"WebPage","@id":"https:\/\/futureg.sk\/hu\/gyermekjogok-2019-ben-gyermekszemmel-aktualis-felmeres\/","url":"https:\/\/futureg.sk\/hu\/gyermekjogok-2019-ben-gyermekszemmel-aktualis-felmeres\/","name":"Gyermekjogok 2019-ben gyermekszemmel \u2013 aktu\u00e1lis felm\u00e9r\u00e9s - FutuReg PT","isPartOf":{"@id":"https:\/\/futureg.sk\/hu\/#website"},"primaryImageOfPage":{"@id":"https:\/\/futureg.sk\/hu\/gyermekjogok-2019-ben-gyermekszemmel-aktualis-felmeres\/#primaryimage"},"image":{"@id":"https:\/\/futureg.sk\/hu\/gyermekjogok-2019-ben-gyermekszemmel-aktualis-felmeres\/#primaryimage"},"thumbnailUrl":"https:\/\/futureg.sk\/hu\/wp-content\/uploads\/sites\/2\/2019\/11\/borito.jpg","datePublished":"2019-11-20T15:14:18+00:00","author":{"@id":"https:\/\/futureg.sk\/hu\/#\/schema\/person\/55778fd0da87f59248b56bc66be71ab5"},"breadcrumb":{"@id":"https:\/\/futureg.sk\/hu\/gyermekjogok-2019-ben-gyermekszemmel-aktualis-felmeres\/#breadcrumb"},"inLanguage":"hu","potentialAction":[{"@type":"ReadAction","target":["https:\/\/futureg.sk\/hu\/gyermekjogok-2019-ben-gyermekszemmel-aktualis-felmeres\/"]}]},{"@type":"ImageObject","inLanguage":"hu","@id":"https:\/\/futureg.sk\/hu\/gyermekjogok-2019-ben-gyermekszemmel-aktualis-felmeres\/#primaryimage","url":"https:\/\/futureg.sk\/hu\/wp-content\/uploads\/sites\/2\/2019\/11\/borito.jpg","contentUrl":"https:\/\/futureg.sk\/hu\/wp-content\/uploads\/sites\/2\/2019\/11\/borito.jpg","width":444,"height":564},{"@type":"BreadcrumbList","@id":"https:\/\/futureg.sk\/hu\/gyermekjogok-2019-ben-gyermekszemmel-aktualis-felmeres\/#breadcrumb","itemListElement":[{"@type":"ListItem","position":1,"name":"Home","item":"https:\/\/futureg.sk\/hu\/"},{"@type":"ListItem","position":2,"name":"Gyermekjogok 2019-ben gyermekszemmel \u2013 aktu\u00e1lis felm\u00e9r\u00e9s"}]},{"@type":"WebSite","@id":"https:\/\/futureg.sk\/hu\/#website","url":"https:\/\/futureg.sk\/hu\/","name":"FutuReg PT","description":"R\u00e9gi\u00f3nk \u00e9s gyermekeink fejleszt\u00e9s\u00e9\u00e9rt","potentialAction":[{"@type":"SearchAction","target":{"@type":"EntryPoint","urlTemplate":"https:\/\/futureg.sk\/hu\/?s={search_term_string}"},"query-input":{"@type":"PropertyValueSpecification","valueRequired":true,"valueName":"search_term_string"}}],"inLanguage":"hu"},{"@type":"Person","@id":"https:\/\/futureg.sk\/hu\/#\/schema\/person\/55778fd0da87f59248b56bc66be71ab5","name":"futureg","image":{"@type":"ImageObject","inLanguage":"hu","@id":"https:\/\/futureg.sk\/hu\/#\/schema\/person\/image\/","url":"https:\/\/secure.gravatar.com\/avatar\/db88629feb205bd1540ef21e3582402deadb0a8828b92221f5767b28bbddfab2?s=96&d=mm&r=g","contentUrl":"https:\/\/secure.gravatar.com\/avatar\/db88629feb205bd1540ef21e3582402deadb0a8828b92221f5767b28bbddfab2?s=96&d=mm&r=g","caption":"futureg"},"url":"https:\/\/futureg.sk\/hu\/author\/futureg\/"}]}},"_links":{"self":[{"href":"https:\/\/futureg.sk\/hu\/wp-json\/wp\/v2\/posts\/315","targetHints":{"allow":["GET"]}}],"collection":[{"href":"https:\/\/futureg.sk\/hu\/wp-json\/wp\/v2\/posts"}],"about":[{"href":"https:\/\/futureg.sk\/hu\/wp-json\/wp\/v2\/types\/post"}],"author":[{"embeddable":true,"href":"https:\/\/futureg.sk\/hu\/wp-json\/wp\/v2\/users\/1"}],"replies":[{"embeddable":true,"href":"https:\/\/futureg.sk\/hu\/wp-json\/wp\/v2\/comments?post=315"}],"version-history":[{"count":3,"href":"https:\/\/futureg.sk\/hu\/wp-json\/wp\/v2\/posts\/315\/revisions"}],"predecessor-version":[{"id":319,"href":"https:\/\/futureg.sk\/hu\/wp-json\/wp\/v2\/posts\/315\/revisions\/319"}],"wp:featuredmedia":[{"embeddable":true,"href":"https:\/\/futureg.sk\/hu\/wp-json\/wp\/v2\/media\/320"}],"wp:attachment":[{"href":"https:\/\/futureg.sk\/hu\/wp-json\/wp\/v2\/media?parent=315"}],"wp:term":[{"taxonomy":"category","embeddable":true,"href":"https:\/\/futureg.sk\/hu\/wp-json\/wp\/v2\/categories?post=315"},{"taxonomy":"post_tag","embeddable":true,"href":"https:\/\/futureg.sk\/hu\/wp-json\/wp\/v2\/tags?post=315"}],"curies":[{"name":"wp","href":"https:\/\/api.w.org\/{rel}","templated":true}]}}