{"id":307,"date":"2019-11-06T13:36:40","date_gmt":"2019-11-06T13:36:40","guid":{"rendered":"http:\/\/futureg.sk\/hu\/?p=307"},"modified":"2019-11-05T13:38:15","modified_gmt":"2019-11-05T13:38:15","slug":"szeretne-egy-regota-tervezett-otletet-vegre-kivitelezni","status":"publish","type":"post","link":"https:\/\/futureg.sk\/hu\/szeretne-egy-regota-tervezett-otletet-vegre-kivitelezni\/","title":{"rendered":"Szeretn\u00e9 egy r\u00e9g\u00f3ta tervezett \u00f6tlet\u00e9t v\u00e9gre kivitelezni?"},"content":{"rendered":"<p>PROJEKT MANAGEMENT ALAPJAI WORKSHOP- \u00d6tlett\u0151l a megval\u00f3s\u00edt\u00e1sig<\/p>\n<p>Szeretn\u00e9 egy r\u00e9g\u00f3ta tervezett \u00f6tlet\u00e9t v\u00e9gre kivitelezni? Nem tudja, hogyan kezdjen hozz\u00e1? Szeretne rendszert teremteni a munkafolyamatai \u00e9s aktivit\u00e1sai k\u00f6zt?<\/p>\n<p>A k\u00e9pz\u00e9s az \u00f6tlett\u0151l a tervez\u00e9sen \u00e1t a megval\u00f3s\u00edt\u00e1sig elk\u00eds\u00e9ri eg\u00e9szen a lez\u00e1r\u00e1sig. Felk\u00e9sz\u00edt a projekt aktivit\u00e1saira szervezeten bel\u00fcl \u00e9s individu\u00e1lisan is. Megtanulhatja a projekt vezet\u00e9s alapjait, saj\u00e1t projekt \u00f6tlete alapj\u00e1n megfogalmazhat konkr\u00e9t vagy ak\u00e1r p\u00e1ly\u00e1zati c\u00e9lokat, LogFrame azaz logikai keretm\u00e1trixot is tervezhet. Alapfogalmak, elemz\u0151 m\u00f3dszerek, j\u00e1t\u00e9kos tervez\u00e9s, kreat\u00edv brainstorming azaz \u201e\u00f6tletel\u00e9s\u201d valamint rendszerszer\u0171 tev\u00e9kenys\u00e9gek&#8230;ezekr\u0151l mind besz\u00e9l\u00fcnk \u00e9s kipr\u00f3b\u00e1ljuk a nap sor\u00e1n.<\/p>\n<p>Kinek alkalmas a workshop?<\/p>\n<p>A program el\u0151k\u00e9pzetts\u00e9get nem ig\u00e9nyel. Ide\u00e1lis r\u00e9sztvev\u0151i olyan kreat\u00edv szem\u00e9lyek, v\u00e1llalatok vagy szervezetek ak\u00e1r laikusok soraib\u00f3l is, akik a projektjeiket \u00e9s terveiket effekt\u00edvebben \u00e9s \u00e1tl\u00e1that\u00f3bban szeretn\u00e9k ir\u00e1ny\u00edtani. Nem sz\u00fcks\u00e9ges konkr\u00e9t el\u0151zetes felk\u00e9sz\u00fcl\u00e9s sem, szakir\u00e1nyt\u00f3l teljesen f\u00fcggetlen a k\u00e9pz\u00e9s.<\/p>\n<p>A tartalomb\u00f3l:<\/p>\n<p>\u2022 A projekt management alapjai<br \/>\n\u2022 Projekt tervez\u00e9s<br \/>\n\u2022 Projekt kivitelez\u00e9se<br \/>\n\u2022 A projekt lez\u00e1r\u00e1sa<\/p>\n<p>Regisztr\u00e1ci\u00f3s d\u00edj: mely tartalmazza a k\u00e9pz\u00e9si anyagokat \u00e9s frissit\u0151t a d\u00e9lel\u0151tt sor\u00e1n: 50 eur\/ r\u00e9sztvev\u0151<\/p>\n<p>Szervez\u0151: FutuReg PT<\/p>\n<p>Helysz\u00edn: Trikk t\u00e1rgyal\u00f3terme, Kuku\u010d\u00edn utca 459, Dunaszerdahely<br \/>\nMaxim\u00e1lis kapacit\u00e1s: 10 szem\u00e9ly<br \/>\nId\u0151pont: : november 7, cs\u00fct\u00f6rt\u00f6k\u00f6n, 8:30 &#8211; 15.30 k\u00f6zt + k\u00e9rd\u00e9sek, a tiszta tanul\u00e1si id\u0151 6 \u00f3ra, a k\u00e9pz\u00e9s f\u00e9l \u00f3r\u00e1s eb\u00e9dsz\u00fcnettel \u00e9s 2 x 15 perces k\u00e1vesz\u00fcnettel tervezett<\/p>\n<p>A tr\u00e9ner profilja<\/p>\n<p>PhDr. Bott Domonkos L\u00edvia, PhD. &#8211; k\u00f6zgazd\u00e1sz, certifik\u00e1lt projekt manager (PRINCE 2 tanus\u00edtv\u00e1nnyal), a Comenius Egyetem Management Kar\u00e1nak egy\u00fcttm\u0171k\u00f6d\u0151 munkat\u00e1rsa, t\u00f6bb mint 15 \u00e9ves p\u00e1ly\u00e1zat\u00edr\u00f3i \u00e9s projekt vezet\u00e9si tapasztalattal, a FutuReg PT eln\u00f6ke, t\u00f6bb sikeres nemzetk\u00f6zi \u00e9s hazai p\u00e1ly\u00e1zat meg\u00edr\u00f3ja \u00e9s projekt realiz\u00e1l\u00f3ja, a Minority Kids online tan\u00e1csad\u00f3 projekt vezet\u0151je \u00e9s a projekt forr\u00e1sainak bebiztos\u00edt\u00f3ja, a Slovensk\u00e9 centrum pre fundraising \u00e9s a Grantexpert.sk tagja. Mott\u00f3ja: &#8222;J\u00f3t s j\u00f3l!&#8221;<br \/>\nRegisztr\u00e1ci\u00f3 mailben (oz@futureg.sk) vagy FB-on. Livia Bott Domonkos<\/p>\n","protected":false},"excerpt":{"rendered":"<p>PROJEKT MANAGEMENT ALAPJAI WORKSHOP- \u00d6tlett\u0151l a megval\u00f3s\u00edt\u00e1sig Szeretn\u00e9 egy r\u00e9g\u00f3ta tervezett \u00f6tlet\u00e9t v\u00e9gre kivitelezni? Nem tudja, hogyan kezdjen hozz\u00e1? Szeretne rendszert teremteni a munkafolyamatai \u00e9s aktivit\u00e1sai k\u00f6zt? A k\u00e9pz\u00e9s az \u00f6tlett\u0151l a tervez\u00e9sen \u00e1t a megval\u00f3s\u00edt\u00e1sig elk\u00eds\u00e9ri eg\u00e9szen a lez\u00e1r\u00e1sig. Felk\u00e9sz\u00edt a projekt aktivit\u00e1saira szervezeten bel\u00fcl \u00e9s individu\u00e1lisan is. Megtanulhatja a projekt vezet\u00e9s alapjait, saj\u00e1t [&hellip;]<\/p>\n","protected":false},"author":1,"featured_media":308,"comment_status":"closed","ping_status":"open","sticky":false,"template":"","format":"standard","meta":{"_monsterinsights_skip_tracking":false,"_monsterinsights_sitenote_active":false,"_monsterinsights_sitenote_note":"","_monsterinsights_sitenote_category":0,"footnotes":""},"categories":[3,7,8],"tags":[],"class_list":["post-307","post","type-post","status-publish","format-standard","has-post-thumbnail","hentry","category-fundraising","category-kultura","category-projekt"],"yoast_head":"<!-- This site is optimized with the Yoast SEO plugin v26.1.1 - https:\/\/yoast.com\/wordpress\/plugins\/seo\/ -->\n<title>Szeretn\u00e9 egy r\u00e9g\u00f3ta tervezett \u00f6tlet\u00e9t v\u00e9gre kivitelezni? - FutuReg PT<\/title>\n<meta name=\"robots\" content=\"index, follow, max-snippet:-1, max-image-preview:large, max-video-preview:-1\" \/>\n<link rel=\"canonical\" href=\"https:\/\/futureg.sk\/hu\/szeretne-egy-regota-tervezett-otletet-vegre-kivitelezni\/\" \/>\n<meta property=\"og:locale\" content=\"hu_HU\" \/>\n<meta property=\"og:type\" content=\"article\" \/>\n<meta property=\"og:title\" content=\"Szeretn\u00e9 egy r\u00e9g\u00f3ta tervezett \u00f6tlet\u00e9t v\u00e9gre kivitelezni? - FutuReg PT\" \/>\n<meta property=\"og:description\" content=\"PROJEKT MANAGEMENT ALAPJAI WORKSHOP- \u00d6tlett\u0151l a megval\u00f3s\u00edt\u00e1sig Szeretn\u00e9 egy r\u00e9g\u00f3ta tervezett \u00f6tlet\u00e9t v\u00e9gre kivitelezni? Nem tudja, hogyan kezdjen hozz\u00e1? Szeretne rendszert teremteni a munkafolyamatai \u00e9s aktivit\u00e1sai k\u00f6zt? A k\u00e9pz\u00e9s az \u00f6tlett\u0151l a tervez\u00e9sen \u00e1t a megval\u00f3s\u00edt\u00e1sig elk\u00eds\u00e9ri eg\u00e9szen a lez\u00e1r\u00e1sig. Felk\u00e9sz\u00edt a projekt aktivit\u00e1saira szervezeten bel\u00fcl \u00e9s individu\u00e1lisan is. Megtanulhatja a projekt vezet\u00e9s alapjait, saj\u00e1t [&hellip;]\" \/>\n<meta property=\"og:url\" content=\"https:\/\/futureg.sk\/hu\/szeretne-egy-regota-tervezett-otletet-vegre-kivitelezni\/\" \/>\n<meta property=\"og:site_name\" content=\"FutuReg PT\" \/>\n<meta property=\"article:published_time\" content=\"2019-11-06T13:36:40+00:00\" \/>\n<meta property=\"og:image\" content=\"https:\/\/futureg.sk\/hu\/wp-content\/uploads\/sites\/2\/2019\/11\/PM-design.png\" \/>\n\t<meta property=\"og:image:width\" content=\"945\" \/>\n\t<meta property=\"og:image:height\" content=\"630\" \/>\n\t<meta property=\"og:image:type\" content=\"image\/png\" \/>\n<meta name=\"author\" content=\"futureg\" \/>\n<meta name=\"twitter:card\" content=\"summary_large_image\" \/>\n<meta name=\"twitter:label1\" content=\"Szerz\u0151:\" \/>\n\t<meta name=\"twitter:data1\" content=\"futureg\" \/>\n\t<meta name=\"twitter:label2\" content=\"Becs\u00fclt olvas\u00e1si id\u0151\" \/>\n\t<meta name=\"twitter:data2\" content=\"2 perc\" \/>\n<script type=\"application\/ld+json\" class=\"yoast-schema-graph\">{\"@context\":\"https:\/\/schema.org\",\"@graph\":[{\"@type\":\"WebPage\",\"@id\":\"https:\/\/futureg.sk\/hu\/szeretne-egy-regota-tervezett-otletet-vegre-kivitelezni\/\",\"url\":\"https:\/\/futureg.sk\/hu\/szeretne-egy-regota-tervezett-otletet-vegre-kivitelezni\/\",\"name\":\"Szeretn\u00e9 egy r\u00e9g\u00f3ta tervezett \u00f6tlet\u00e9t v\u00e9gre kivitelezni? - FutuReg PT\",\"isPartOf\":{\"@id\":\"https:\/\/futureg.sk\/hu\/#website\"},\"primaryImageOfPage\":{\"@id\":\"https:\/\/futureg.sk\/hu\/szeretne-egy-regota-tervezett-otletet-vegre-kivitelezni\/#primaryimage\"},\"image\":{\"@id\":\"https:\/\/futureg.sk\/hu\/szeretne-egy-regota-tervezett-otletet-vegre-kivitelezni\/#primaryimage\"},\"thumbnailUrl\":\"https:\/\/futureg.sk\/hu\/wp-content\/uploads\/sites\/2\/2019\/11\/PM-design.png\",\"datePublished\":\"2019-11-06T13:36:40+00:00\",\"author\":{\"@id\":\"https:\/\/futureg.sk\/hu\/#\/schema\/person\/55778fd0da87f59248b56bc66be71ab5\"},\"breadcrumb\":{\"@id\":\"https:\/\/futureg.sk\/hu\/szeretne-egy-regota-tervezett-otletet-vegre-kivitelezni\/#breadcrumb\"},\"inLanguage\":\"hu\",\"potentialAction\":[{\"@type\":\"ReadAction\",\"target\":[\"https:\/\/futureg.sk\/hu\/szeretne-egy-regota-tervezett-otletet-vegre-kivitelezni\/\"]}]},{\"@type\":\"ImageObject\",\"inLanguage\":\"hu\",\"@id\":\"https:\/\/futureg.sk\/hu\/szeretne-egy-regota-tervezett-otletet-vegre-kivitelezni\/#primaryimage\",\"url\":\"https:\/\/futureg.sk\/hu\/wp-content\/uploads\/sites\/2\/2019\/11\/PM-design.png\",\"contentUrl\":\"https:\/\/futureg.sk\/hu\/wp-content\/uploads\/sites\/2\/2019\/11\/PM-design.png\",\"width\":945,\"height\":630},{\"@type\":\"BreadcrumbList\",\"@id\":\"https:\/\/futureg.sk\/hu\/szeretne-egy-regota-tervezett-otletet-vegre-kivitelezni\/#breadcrumb\",\"itemListElement\":[{\"@type\":\"ListItem\",\"position\":1,\"name\":\"Home\",\"item\":\"https:\/\/futureg.sk\/hu\/\"},{\"@type\":\"ListItem\",\"position\":2,\"name\":\"Szeretn\u00e9 egy r\u00e9g\u00f3ta tervezett \u00f6tlet\u00e9t v\u00e9gre kivitelezni?\"}]},{\"@type\":\"WebSite\",\"@id\":\"https:\/\/futureg.sk\/hu\/#website\",\"url\":\"https:\/\/futureg.sk\/hu\/\",\"name\":\"FutuReg PT\",\"description\":\"R\u00e9gi\u00f3nk \u00e9s gyermekeink fejleszt\u00e9s\u00e9\u00e9rt\",\"potentialAction\":[{\"@type\":\"SearchAction\",\"target\":{\"@type\":\"EntryPoint\",\"urlTemplate\":\"https:\/\/futureg.sk\/hu\/?s={search_term_string}\"},\"query-input\":{\"@type\":\"PropertyValueSpecification\",\"valueRequired\":true,\"valueName\":\"search_term_string\"}}],\"inLanguage\":\"hu\"},{\"@type\":\"Person\",\"@id\":\"https:\/\/futureg.sk\/hu\/#\/schema\/person\/55778fd0da87f59248b56bc66be71ab5\",\"name\":\"futureg\",\"image\":{\"@type\":\"ImageObject\",\"inLanguage\":\"hu\",\"@id\":\"https:\/\/futureg.sk\/hu\/#\/schema\/person\/image\/\",\"url\":\"https:\/\/secure.gravatar.com\/avatar\/db88629feb205bd1540ef21e3582402deadb0a8828b92221f5767b28bbddfab2?s=96&d=mm&r=g\",\"contentUrl\":\"https:\/\/secure.gravatar.com\/avatar\/db88629feb205bd1540ef21e3582402deadb0a8828b92221f5767b28bbddfab2?s=96&d=mm&r=g\",\"caption\":\"futureg\"},\"url\":\"https:\/\/futureg.sk\/hu\/author\/futureg\/\"}]}<\/script>\n<!-- \/ Yoast SEO plugin. -->","yoast_head_json":{"title":"Szeretn\u00e9 egy r\u00e9g\u00f3ta tervezett \u00f6tlet\u00e9t v\u00e9gre kivitelezni? - FutuReg PT","robots":{"index":"index","follow":"follow","max-snippet":"max-snippet:-1","max-image-preview":"max-image-preview:large","max-video-preview":"max-video-preview:-1"},"canonical":"https:\/\/futureg.sk\/hu\/szeretne-egy-regota-tervezett-otletet-vegre-kivitelezni\/","og_locale":"hu_HU","og_type":"article","og_title":"Szeretn\u00e9 egy r\u00e9g\u00f3ta tervezett \u00f6tlet\u00e9t v\u00e9gre kivitelezni? - FutuReg PT","og_description":"PROJEKT MANAGEMENT ALAPJAI WORKSHOP- \u00d6tlett\u0151l a megval\u00f3s\u00edt\u00e1sig Szeretn\u00e9 egy r\u00e9g\u00f3ta tervezett \u00f6tlet\u00e9t v\u00e9gre kivitelezni? Nem tudja, hogyan kezdjen hozz\u00e1? Szeretne rendszert teremteni a munkafolyamatai \u00e9s aktivit\u00e1sai k\u00f6zt? A k\u00e9pz\u00e9s az \u00f6tlett\u0151l a tervez\u00e9sen \u00e1t a megval\u00f3s\u00edt\u00e1sig elk\u00eds\u00e9ri eg\u00e9szen a lez\u00e1r\u00e1sig. Felk\u00e9sz\u00edt a projekt aktivit\u00e1saira szervezeten bel\u00fcl \u00e9s individu\u00e1lisan is. Megtanulhatja a projekt vezet\u00e9s alapjait, saj\u00e1t [&hellip;]","og_url":"https:\/\/futureg.sk\/hu\/szeretne-egy-regota-tervezett-otletet-vegre-kivitelezni\/","og_site_name":"FutuReg PT","article_published_time":"2019-11-06T13:36:40+00:00","og_image":[{"width":945,"height":630,"url":"https:\/\/futureg.sk\/hu\/wp-content\/uploads\/sites\/2\/2019\/11\/PM-design.png","type":"image\/png"}],"author":"futureg","twitter_card":"summary_large_image","twitter_misc":{"Szerz\u0151:":"futureg","Becs\u00fclt olvas\u00e1si id\u0151":"2 perc"},"schema":{"@context":"https:\/\/schema.org","@graph":[{"@type":"WebPage","@id":"https:\/\/futureg.sk\/hu\/szeretne-egy-regota-tervezett-otletet-vegre-kivitelezni\/","url":"https:\/\/futureg.sk\/hu\/szeretne-egy-regota-tervezett-otletet-vegre-kivitelezni\/","name":"Szeretn\u00e9 egy r\u00e9g\u00f3ta tervezett \u00f6tlet\u00e9t v\u00e9gre kivitelezni? - FutuReg PT","isPartOf":{"@id":"https:\/\/futureg.sk\/hu\/#website"},"primaryImageOfPage":{"@id":"https:\/\/futureg.sk\/hu\/szeretne-egy-regota-tervezett-otletet-vegre-kivitelezni\/#primaryimage"},"image":{"@id":"https:\/\/futureg.sk\/hu\/szeretne-egy-regota-tervezett-otletet-vegre-kivitelezni\/#primaryimage"},"thumbnailUrl":"https:\/\/futureg.sk\/hu\/wp-content\/uploads\/sites\/2\/2019\/11\/PM-design.png","datePublished":"2019-11-06T13:36:40+00:00","author":{"@id":"https:\/\/futureg.sk\/hu\/#\/schema\/person\/55778fd0da87f59248b56bc66be71ab5"},"breadcrumb":{"@id":"https:\/\/futureg.sk\/hu\/szeretne-egy-regota-tervezett-otletet-vegre-kivitelezni\/#breadcrumb"},"inLanguage":"hu","potentialAction":[{"@type":"ReadAction","target":["https:\/\/futureg.sk\/hu\/szeretne-egy-regota-tervezett-otletet-vegre-kivitelezni\/"]}]},{"@type":"ImageObject","inLanguage":"hu","@id":"https:\/\/futureg.sk\/hu\/szeretne-egy-regota-tervezett-otletet-vegre-kivitelezni\/#primaryimage","url":"https:\/\/futureg.sk\/hu\/wp-content\/uploads\/sites\/2\/2019\/11\/PM-design.png","contentUrl":"https:\/\/futureg.sk\/hu\/wp-content\/uploads\/sites\/2\/2019\/11\/PM-design.png","width":945,"height":630},{"@type":"BreadcrumbList","@id":"https:\/\/futureg.sk\/hu\/szeretne-egy-regota-tervezett-otletet-vegre-kivitelezni\/#breadcrumb","itemListElement":[{"@type":"ListItem","position":1,"name":"Home","item":"https:\/\/futureg.sk\/hu\/"},{"@type":"ListItem","position":2,"name":"Szeretn\u00e9 egy r\u00e9g\u00f3ta tervezett \u00f6tlet\u00e9t v\u00e9gre kivitelezni?"}]},{"@type":"WebSite","@id":"https:\/\/futureg.sk\/hu\/#website","url":"https:\/\/futureg.sk\/hu\/","name":"FutuReg PT","description":"R\u00e9gi\u00f3nk \u00e9s gyermekeink fejleszt\u00e9s\u00e9\u00e9rt","potentialAction":[{"@type":"SearchAction","target":{"@type":"EntryPoint","urlTemplate":"https:\/\/futureg.sk\/hu\/?s={search_term_string}"},"query-input":{"@type":"PropertyValueSpecification","valueRequired":true,"valueName":"search_term_string"}}],"inLanguage":"hu"},{"@type":"Person","@id":"https:\/\/futureg.sk\/hu\/#\/schema\/person\/55778fd0da87f59248b56bc66be71ab5","name":"futureg","image":{"@type":"ImageObject","inLanguage":"hu","@id":"https:\/\/futureg.sk\/hu\/#\/schema\/person\/image\/","url":"https:\/\/secure.gravatar.com\/avatar\/db88629feb205bd1540ef21e3582402deadb0a8828b92221f5767b28bbddfab2?s=96&d=mm&r=g","contentUrl":"https:\/\/secure.gravatar.com\/avatar\/db88629feb205bd1540ef21e3582402deadb0a8828b92221f5767b28bbddfab2?s=96&d=mm&r=g","caption":"futureg"},"url":"https:\/\/futureg.sk\/hu\/author\/futureg\/"}]}},"_links":{"self":[{"href":"https:\/\/futureg.sk\/hu\/wp-json\/wp\/v2\/posts\/307","targetHints":{"allow":["GET"]}}],"collection":[{"href":"https:\/\/futureg.sk\/hu\/wp-json\/wp\/v2\/posts"}],"about":[{"href":"https:\/\/futureg.sk\/hu\/wp-json\/wp\/v2\/types\/post"}],"author":[{"embeddable":true,"href":"https:\/\/futureg.sk\/hu\/wp-json\/wp\/v2\/users\/1"}],"replies":[{"embeddable":true,"href":"https:\/\/futureg.sk\/hu\/wp-json\/wp\/v2\/comments?post=307"}],"version-history":[{"count":1,"href":"https:\/\/futureg.sk\/hu\/wp-json\/wp\/v2\/posts\/307\/revisions"}],"predecessor-version":[{"id":309,"href":"https:\/\/futureg.sk\/hu\/wp-json\/wp\/v2\/posts\/307\/revisions\/309"}],"wp:featuredmedia":[{"embeddable":true,"href":"https:\/\/futureg.sk\/hu\/wp-json\/wp\/v2\/media\/308"}],"wp:attachment":[{"href":"https:\/\/futureg.sk\/hu\/wp-json\/wp\/v2\/media?parent=307"}],"wp:term":[{"taxonomy":"category","embeddable":true,"href":"https:\/\/futureg.sk\/hu\/wp-json\/wp\/v2\/categories?post=307"},{"taxonomy":"post_tag","embeddable":true,"href":"https:\/\/futureg.sk\/hu\/wp-json\/wp\/v2\/tags?post=307"}],"curies":[{"name":"wp","href":"https:\/\/api.w.org\/{rel}","templated":true}]}}