{"id":304,"date":"2019-11-05T13:36:26","date_gmt":"2019-11-05T13:36:26","guid":{"rendered":"http:\/\/futureg.sk\/hu\/?p=304"},"modified":"2019-11-05T13:36:26","modified_gmt":"2019-11-05T13:36:26","slug":"november-6-an-szervezunk-palyazatiro-workshopot-ngo-knak","status":"publish","type":"post","link":"https:\/\/futureg.sk\/hu\/november-6-an-szervezunk-palyazatiro-workshopot-ngo-knak\/","title":{"rendered":"November 6. -\u00e1n szervez\u00fcnk p\u00e1ly\u00e1zat\u00edr\u00f3 workshopot NGO-knak"},"content":{"rendered":"<p>T\u00fcrelem, Tanul\u00e1s, Tapasztalat &#8211; ez a sikeres p\u00e1ly\u00e1zat 3 T- je<\/p>\n<p>P\u00c1LY\u00c1Z(Z)ATOK! &#8211; egy praktikus workshop, arr\u00f3l amit a p\u00e1ly\u00e1zatok, dot\u00e1ci\u00f3k \u00e9s k\u00e9rv\u00e9nyek vil\u00e1g\u00e1r\u00f3l tudni \u00e9rdemes ahhoz, hogy egy sikeres projekt elk\u00e9sz\u00fclj\u00f6n.<\/p>\n<p>Szeretn\u00e9 egy k\u00f6zhaszn\u00fa \u00f6tlet\u00e9t kivitelezni, de nem tudja hol tal\u00e1lhat r\u00e1 forr\u00e1st? Ha tudja is hova p\u00e1ly\u00e1zzon, nem tudja, hogyan kezdjen neki? Esetleg \u00edrt m\u00e1r p\u00e1ly\u00e1zatot, de az akkor nem volt sikeres \u00e9s szeretn\u00e9 azt \u00e1tdolgozni? \u00c1ttekint\u00e9st szeretne kapni a p\u00e1ly\u00e1zatok vil\u00e1g\u00e1ban? Vagy \u201ecsak \u00fagy\u201d szeretne \u00faj tud\u00e1st szerezni egy \u00e9rdekes t\u00e9ma kapcs\u00e1n, ami \u00faj horizontokat nyithat meg?<\/p>\n<p>Mit tudhat meg a nap sor\u00e1n?<\/p>\n<p>&#8211; Az E\u00da dot\u00e1ci\u00f3s rendszerei, struktur\u00e1lis alapok, nemzetk\u00f6zi projektek<br \/>\n&#8211; p\u00e1ly\u00e1zati lehet\u0151s\u00e9gek keres\u00e9se, orient\u00e1ci\u00f3 hazai, eur\u00f3pai \u00e9s nemzetk\u00f6zi rendszerekben<br \/>\n&#8211; a p\u00e1ly\u00e1zatok min\u0151s\u00e9ges, tartalmilag \u00e9s formailag megfelel\u0151 kidolgoz\u00e1sa<\/p>\n<p>A workshop folytat\u00e1sa ezekben a t\u00e9m\u00e1kban tervezett:<br \/>\n&#8211; effekt\u00edv projekt implement\u00e1ci\u00f3 rendszere<br \/>\n&#8211; projekt management alapjai<br \/>\n&#8211; k\u00f6zbeszerz\u00e9s alapjai<br \/>\n&#8211; ellen\u0151rz\u00e9s, kontrolling, z\u00e1r\u00f3jelent\u00e9sek rendszere<br \/>\n&#8211; projekt k\u00f6nyvel\u00e9s \u00e9s adminisztr\u00e1ci\u00f3 alapjai<\/p>\n<p>Kinek lehet \u00e9rdekes a tr\u00e9ning?<\/p>\n<p>&#8211; mag\u00e1nszem\u00e9lyeknek alkot\u00e1si kedvvel \u00e9s \u00f6tlettel, akik p\u00e1ly\u00e1ztak m\u00e1r vagy szeretn\u00e9nek<br \/>\n&#8211; nonprofit szervezetek k\u00e9pvisel\u0151inek<br \/>\n&#8211; \u00f6nkorm\u00e1nyzatok dolgoz\u00f3inak<br \/>\n&#8211; kis- \u00e9s k\u00f6z\u00e9p-v\u00e1llalatoknak<br \/>\n&#8211; kultur\u00e1lis \u00e9s m\u00e1s k\u00f6zhaszn\u00fa int\u00e9zm\u00e9nyeknek<\/p>\n<p>Ezekben a t\u00e9m\u00e1kban \u00e9s ki\u00edr\u00e1sokban adhatunk \u00edzel\u00edt\u0151t:<br \/>\n&#8211; helyi jelleg\u0171 p\u00e1ly\u00e1zatok (\u00f6nkorm\u00e1nyzati, megyei, region\u00e1lis lehet\u0151s\u00e9gek)<br \/>\n&#8211; szlov\u00e1kiai magyar szervezetek sz\u00e1m\u00e1ra \u00e9rdekes p\u00e1ly\u00e1zati lehet\u0151s\u00e9gek, mint pl. Kultminor, BGA<br \/>\n&#8211; szlov\u00e1k OP-k (oper\u00e1ci\u00f3s programok) pl. kreat\u00edv ipar \u00e9s kult\u00fara, szlov\u00e1k alap\u00edtv\u00e1nyok<br \/>\n&#8211; nemzetk\u00f6zi p\u00e1ly\u00e1zatok: pl. Visegr\u00e1di Alap, INTERREG, Norv\u00e9g Alapok stb.<br \/>\n****************************************************************<br \/>\nA workshop c\u00e9lja felk\u00e9sz\u00edteni a p\u00e1ly\u00e1z\u00f3t egy adminisztrat\u00edv m\u00f3don helyes p\u00e1ly\u00e1zat meg\u00edr\u00e1s\u00e1ra \u00e9s orient\u00e1l\u00f3dni a projektek vil\u00e1g\u00e1ban alapfokon.<\/p>\n<p>&#8222;Minden megtanulhat\u00f3, m\u00e9g a p\u00e1ly\u00e1zat\u00edr\u00e1s is. Szerencse \u00e9s kitart\u00e1s k\u00e9rd\u00e9se csup\u00e1n.&#8221;<br \/>\n********************************************************************<br \/>\nSzervez\u0151: FutuReg PT<br \/>\nHelysz\u00edn: Trikk t\u00e1rgyal\u00f3terme, Kuku\u010d\u00edn utca 459,<\/p>\n<p>R\u00e9szv\u00e9teli d\u00edj, mely tartalamazza a k\u00e9pz\u00e9si anyagokat \u00e9s frissit\u0151t a d\u00e9lel\u0151tt sor\u00e1n:<\/p>\n<p>20 eur\/ szem\u00e9ly<br \/>\n30 eur\/ nonprofit szervezet ill. jogi szem\u00e9ly (A r\u00e9sztvev\u0151k sz\u00e1ma a szervezetb\u0151l maximum 2)<\/p>\n<p>Max. kapacit\u00e1s: 10 szem\u00e9ly<\/p>\n<p>Tr\u00e9ner profilja: PhDr. Bott Domonkos L\u00edvia, PhD. &#8211; k\u00f6zgazd\u00e1sz, projekt manager (PRINCE 2 certifik\u00e1lt) t\u00f6bb mint 15 \u00e9ves p\u00e1ly\u00e1zat\u00edr\u00f3i \u00e9s vezet\u00e9si tapasztalattal, a FutuReg PT eln\u00f6ke, t\u00f6bb sikeres nemzetk\u00f6zi \u00e9s hazai p\u00e1ly\u00e1zat meg\u00edr\u00f3ja \u00e9s realiz\u00e1l\u00f3ja, p\u00e1ly\u00e1zatok szakmai elb\u00edr\u00e1l\u00f3ja \u00e9s tan\u00e1csad\u00f3ja, civil aktivista (gyermekjogi, k\u00f6rnyezetv\u00e9delmi ), a Minority Kids online tan\u00e1csad\u00f3 projekt vezet\u0151je \u00e9s a projekt forr\u00e1sainak bebiztos\u00edt\u00f3ja imm\u00e1r 5 \u00e9ve, a Slovensk\u00e9 Centrum pre Fundraising \u00e9s a Grantexpert.sk port\u00e1l tagja. Mott\u00f3ja: &#8222;J\u00f3t s j\u00f3l!&#8221;<\/p>\n<p>Jelentkez\u00e9s: Mail form\u00e1j\u00e1ban bottlivi@gmail.com c\u00edmre 3 r\u00f6vid inform\u00e1ci\u00f3val arr\u00f3l, hogy 1, konkr\u00e9tan milyen tapasztalatai vannak a p\u00e1ly\u00e1zatok kapcs\u00e1n,2,mi az, ami a t\u00e9ma kapcs\u00e1n legink\u00e1bb \u00e9rdekli, 3,milyen ki\u00edr\u00e1sban vett r\u00e9szt \u00e9s milyet tervez.<\/p>\n","protected":false},"excerpt":{"rendered":"<p>T\u00fcrelem, Tanul\u00e1s, Tapasztalat &#8211; ez a sikeres p\u00e1ly\u00e1zat 3 T- je P\u00c1LY\u00c1Z(Z)ATOK! &#8211; egy praktikus workshop, arr\u00f3l amit a p\u00e1ly\u00e1zatok, dot\u00e1ci\u00f3k \u00e9s k\u00e9rv\u00e9nyek vil\u00e1g\u00e1r\u00f3l tudni \u00e9rdemes ahhoz, hogy egy sikeres projekt elk\u00e9sz\u00fclj\u00f6n. Szeretn\u00e9 egy k\u00f6zhaszn\u00fa \u00f6tlet\u00e9t kivitelezni, de nem tudja hol tal\u00e1lhat r\u00e1 forr\u00e1st? Ha tudja is hova p\u00e1ly\u00e1zzon, nem tudja, hogyan kezdjen neki? Esetleg [&hellip;]<\/p>\n","protected":false},"author":1,"featured_media":305,"comment_status":"closed","ping_status":"open","sticky":false,"template":"","format":"standard","meta":{"_monsterinsights_skip_tracking":false,"_monsterinsights_sitenote_active":false,"_monsterinsights_sitenote_note":"","_monsterinsights_sitenote_category":0,"footnotes":""},"categories":[7,8],"tags":[],"class_list":["post-304","post","type-post","status-publish","format-standard","has-post-thumbnail","hentry","category-kultura","category-projekt"],"yoast_head":"<!-- This site is optimized with the Yoast SEO plugin v26.1.1 - https:\/\/yoast.com\/wordpress\/plugins\/seo\/ -->\n<title>November 6. -\u00e1n szervez\u00fcnk p\u00e1ly\u00e1zat\u00edr\u00f3 workshopot NGO-knak - FutuReg PT<\/title>\n<meta name=\"robots\" content=\"index, follow, max-snippet:-1, max-image-preview:large, max-video-preview:-1\" \/>\n<link rel=\"canonical\" href=\"https:\/\/futureg.sk\/hu\/november-6-an-szervezunk-palyazatiro-workshopot-ngo-knak\/\" \/>\n<meta property=\"og:locale\" content=\"hu_HU\" \/>\n<meta property=\"og:type\" content=\"article\" \/>\n<meta property=\"og:title\" content=\"November 6. -\u00e1n szervez\u00fcnk p\u00e1ly\u00e1zat\u00edr\u00f3 workshopot NGO-knak - FutuReg PT\" \/>\n<meta property=\"og:description\" content=\"T\u00fcrelem, Tanul\u00e1s, Tapasztalat &#8211; ez a sikeres p\u00e1ly\u00e1zat 3 T- je P\u00c1LY\u00c1Z(Z)ATOK! &#8211; egy praktikus workshop, arr\u00f3l amit a p\u00e1ly\u00e1zatok, dot\u00e1ci\u00f3k \u00e9s k\u00e9rv\u00e9nyek vil\u00e1g\u00e1r\u00f3l tudni \u00e9rdemes ahhoz, hogy egy sikeres projekt elk\u00e9sz\u00fclj\u00f6n. Szeretn\u00e9 egy k\u00f6zhaszn\u00fa \u00f6tlet\u00e9t kivitelezni, de nem tudja hol tal\u00e1lhat r\u00e1 forr\u00e1st? Ha tudja is hova p\u00e1ly\u00e1zzon, nem tudja, hogyan kezdjen neki? Esetleg [&hellip;]\" \/>\n<meta property=\"og:url\" content=\"https:\/\/futureg.sk\/hu\/november-6-an-szervezunk-palyazatiro-workshopot-ngo-knak\/\" \/>\n<meta property=\"og:site_name\" content=\"FutuReg PT\" \/>\n<meta property=\"article:published_time\" content=\"2019-11-05T13:36:26+00:00\" \/>\n<meta property=\"og:image\" content=\"https:\/\/futureg.sk\/hu\/wp-content\/uploads\/sites\/2\/2019\/11\/wordcloud.jpg\" \/>\n\t<meta property=\"og:image:width\" content=\"1024\" \/>\n\t<meta property=\"og:image:height\" content=\"768\" \/>\n\t<meta property=\"og:image:type\" content=\"image\/jpeg\" \/>\n<meta name=\"author\" content=\"futureg\" \/>\n<meta name=\"twitter:card\" content=\"summary_large_image\" \/>\n<meta name=\"twitter:label1\" content=\"Szerz\u0151:\" \/>\n\t<meta name=\"twitter:data1\" content=\"futureg\" \/>\n\t<meta name=\"twitter:label2\" content=\"Becs\u00fclt olvas\u00e1si id\u0151\" \/>\n\t<meta name=\"twitter:data2\" content=\"3 perc\" \/>\n<script type=\"application\/ld+json\" class=\"yoast-schema-graph\">{\"@context\":\"https:\/\/schema.org\",\"@graph\":[{\"@type\":\"WebPage\",\"@id\":\"https:\/\/futureg.sk\/hu\/november-6-an-szervezunk-palyazatiro-workshopot-ngo-knak\/\",\"url\":\"https:\/\/futureg.sk\/hu\/november-6-an-szervezunk-palyazatiro-workshopot-ngo-knak\/\",\"name\":\"November 6. -\u00e1n szervez\u00fcnk p\u00e1ly\u00e1zat\u00edr\u00f3 workshopot NGO-knak - FutuReg PT\",\"isPartOf\":{\"@id\":\"https:\/\/futureg.sk\/hu\/#website\"},\"primaryImageOfPage\":{\"@id\":\"https:\/\/futureg.sk\/hu\/november-6-an-szervezunk-palyazatiro-workshopot-ngo-knak\/#primaryimage\"},\"image\":{\"@id\":\"https:\/\/futureg.sk\/hu\/november-6-an-szervezunk-palyazatiro-workshopot-ngo-knak\/#primaryimage\"},\"thumbnailUrl\":\"https:\/\/futureg.sk\/hu\/wp-content\/uploads\/sites\/2\/2019\/11\/wordcloud.jpg\",\"datePublished\":\"2019-11-05T13:36:26+00:00\",\"author\":{\"@id\":\"https:\/\/futureg.sk\/hu\/#\/schema\/person\/55778fd0da87f59248b56bc66be71ab5\"},\"breadcrumb\":{\"@id\":\"https:\/\/futureg.sk\/hu\/november-6-an-szervezunk-palyazatiro-workshopot-ngo-knak\/#breadcrumb\"},\"inLanguage\":\"hu\",\"potentialAction\":[{\"@type\":\"ReadAction\",\"target\":[\"https:\/\/futureg.sk\/hu\/november-6-an-szervezunk-palyazatiro-workshopot-ngo-knak\/\"]}]},{\"@type\":\"ImageObject\",\"inLanguage\":\"hu\",\"@id\":\"https:\/\/futureg.sk\/hu\/november-6-an-szervezunk-palyazatiro-workshopot-ngo-knak\/#primaryimage\",\"url\":\"https:\/\/futureg.sk\/hu\/wp-content\/uploads\/sites\/2\/2019\/11\/wordcloud.jpg\",\"contentUrl\":\"https:\/\/futureg.sk\/hu\/wp-content\/uploads\/sites\/2\/2019\/11\/wordcloud.jpg\",\"width\":1024,\"height\":768},{\"@type\":\"BreadcrumbList\",\"@id\":\"https:\/\/futureg.sk\/hu\/november-6-an-szervezunk-palyazatiro-workshopot-ngo-knak\/#breadcrumb\",\"itemListElement\":[{\"@type\":\"ListItem\",\"position\":1,\"name\":\"Home\",\"item\":\"https:\/\/futureg.sk\/hu\/\"},{\"@type\":\"ListItem\",\"position\":2,\"name\":\"November 6. -\u00e1n szervez\u00fcnk p\u00e1ly\u00e1zat\u00edr\u00f3 workshopot NGO-knak\"}]},{\"@type\":\"WebSite\",\"@id\":\"https:\/\/futureg.sk\/hu\/#website\",\"url\":\"https:\/\/futureg.sk\/hu\/\",\"name\":\"FutuReg PT\",\"description\":\"R\u00e9gi\u00f3nk \u00e9s gyermekeink fejleszt\u00e9s\u00e9\u00e9rt\",\"potentialAction\":[{\"@type\":\"SearchAction\",\"target\":{\"@type\":\"EntryPoint\",\"urlTemplate\":\"https:\/\/futureg.sk\/hu\/?s={search_term_string}\"},\"query-input\":{\"@type\":\"PropertyValueSpecification\",\"valueRequired\":true,\"valueName\":\"search_term_string\"}}],\"inLanguage\":\"hu\"},{\"@type\":\"Person\",\"@id\":\"https:\/\/futureg.sk\/hu\/#\/schema\/person\/55778fd0da87f59248b56bc66be71ab5\",\"name\":\"futureg\",\"image\":{\"@type\":\"ImageObject\",\"inLanguage\":\"hu\",\"@id\":\"https:\/\/futureg.sk\/hu\/#\/schema\/person\/image\/\",\"url\":\"https:\/\/secure.gravatar.com\/avatar\/db88629feb205bd1540ef21e3582402deadb0a8828b92221f5767b28bbddfab2?s=96&d=mm&r=g\",\"contentUrl\":\"https:\/\/secure.gravatar.com\/avatar\/db88629feb205bd1540ef21e3582402deadb0a8828b92221f5767b28bbddfab2?s=96&d=mm&r=g\",\"caption\":\"futureg\"},\"url\":\"https:\/\/futureg.sk\/hu\/author\/futureg\/\"}]}<\/script>\n<!-- \/ Yoast SEO plugin. -->","yoast_head_json":{"title":"November 6. -\u00e1n szervez\u00fcnk p\u00e1ly\u00e1zat\u00edr\u00f3 workshopot NGO-knak - FutuReg PT","robots":{"index":"index","follow":"follow","max-snippet":"max-snippet:-1","max-image-preview":"max-image-preview:large","max-video-preview":"max-video-preview:-1"},"canonical":"https:\/\/futureg.sk\/hu\/november-6-an-szervezunk-palyazatiro-workshopot-ngo-knak\/","og_locale":"hu_HU","og_type":"article","og_title":"November 6. -\u00e1n szervez\u00fcnk p\u00e1ly\u00e1zat\u00edr\u00f3 workshopot NGO-knak - FutuReg PT","og_description":"T\u00fcrelem, Tanul\u00e1s, Tapasztalat &#8211; ez a sikeres p\u00e1ly\u00e1zat 3 T- je P\u00c1LY\u00c1Z(Z)ATOK! &#8211; egy praktikus workshop, arr\u00f3l amit a p\u00e1ly\u00e1zatok, dot\u00e1ci\u00f3k \u00e9s k\u00e9rv\u00e9nyek vil\u00e1g\u00e1r\u00f3l tudni \u00e9rdemes ahhoz, hogy egy sikeres projekt elk\u00e9sz\u00fclj\u00f6n. Szeretn\u00e9 egy k\u00f6zhaszn\u00fa \u00f6tlet\u00e9t kivitelezni, de nem tudja hol tal\u00e1lhat r\u00e1 forr\u00e1st? Ha tudja is hova p\u00e1ly\u00e1zzon, nem tudja, hogyan kezdjen neki? Esetleg [&hellip;]","og_url":"https:\/\/futureg.sk\/hu\/november-6-an-szervezunk-palyazatiro-workshopot-ngo-knak\/","og_site_name":"FutuReg PT","article_published_time":"2019-11-05T13:36:26+00:00","og_image":[{"width":1024,"height":768,"url":"https:\/\/futureg.sk\/hu\/wp-content\/uploads\/sites\/2\/2019\/11\/wordcloud.jpg","type":"image\/jpeg"}],"author":"futureg","twitter_card":"summary_large_image","twitter_misc":{"Szerz\u0151:":"futureg","Becs\u00fclt olvas\u00e1si id\u0151":"3 perc"},"schema":{"@context":"https:\/\/schema.org","@graph":[{"@type":"WebPage","@id":"https:\/\/futureg.sk\/hu\/november-6-an-szervezunk-palyazatiro-workshopot-ngo-knak\/","url":"https:\/\/futureg.sk\/hu\/november-6-an-szervezunk-palyazatiro-workshopot-ngo-knak\/","name":"November 6. -\u00e1n szervez\u00fcnk p\u00e1ly\u00e1zat\u00edr\u00f3 workshopot NGO-knak - FutuReg PT","isPartOf":{"@id":"https:\/\/futureg.sk\/hu\/#website"},"primaryImageOfPage":{"@id":"https:\/\/futureg.sk\/hu\/november-6-an-szervezunk-palyazatiro-workshopot-ngo-knak\/#primaryimage"},"image":{"@id":"https:\/\/futureg.sk\/hu\/november-6-an-szervezunk-palyazatiro-workshopot-ngo-knak\/#primaryimage"},"thumbnailUrl":"https:\/\/futureg.sk\/hu\/wp-content\/uploads\/sites\/2\/2019\/11\/wordcloud.jpg","datePublished":"2019-11-05T13:36:26+00:00","author":{"@id":"https:\/\/futureg.sk\/hu\/#\/schema\/person\/55778fd0da87f59248b56bc66be71ab5"},"breadcrumb":{"@id":"https:\/\/futureg.sk\/hu\/november-6-an-szervezunk-palyazatiro-workshopot-ngo-knak\/#breadcrumb"},"inLanguage":"hu","potentialAction":[{"@type":"ReadAction","target":["https:\/\/futureg.sk\/hu\/november-6-an-szervezunk-palyazatiro-workshopot-ngo-knak\/"]}]},{"@type":"ImageObject","inLanguage":"hu","@id":"https:\/\/futureg.sk\/hu\/november-6-an-szervezunk-palyazatiro-workshopot-ngo-knak\/#primaryimage","url":"https:\/\/futureg.sk\/hu\/wp-content\/uploads\/sites\/2\/2019\/11\/wordcloud.jpg","contentUrl":"https:\/\/futureg.sk\/hu\/wp-content\/uploads\/sites\/2\/2019\/11\/wordcloud.jpg","width":1024,"height":768},{"@type":"BreadcrumbList","@id":"https:\/\/futureg.sk\/hu\/november-6-an-szervezunk-palyazatiro-workshopot-ngo-knak\/#breadcrumb","itemListElement":[{"@type":"ListItem","position":1,"name":"Home","item":"https:\/\/futureg.sk\/hu\/"},{"@type":"ListItem","position":2,"name":"November 6. -\u00e1n szervez\u00fcnk p\u00e1ly\u00e1zat\u00edr\u00f3 workshopot NGO-knak"}]},{"@type":"WebSite","@id":"https:\/\/futureg.sk\/hu\/#website","url":"https:\/\/futureg.sk\/hu\/","name":"FutuReg PT","description":"R\u00e9gi\u00f3nk \u00e9s gyermekeink fejleszt\u00e9s\u00e9\u00e9rt","potentialAction":[{"@type":"SearchAction","target":{"@type":"EntryPoint","urlTemplate":"https:\/\/futureg.sk\/hu\/?s={search_term_string}"},"query-input":{"@type":"PropertyValueSpecification","valueRequired":true,"valueName":"search_term_string"}}],"inLanguage":"hu"},{"@type":"Person","@id":"https:\/\/futureg.sk\/hu\/#\/schema\/person\/55778fd0da87f59248b56bc66be71ab5","name":"futureg","image":{"@type":"ImageObject","inLanguage":"hu","@id":"https:\/\/futureg.sk\/hu\/#\/schema\/person\/image\/","url":"https:\/\/secure.gravatar.com\/avatar\/db88629feb205bd1540ef21e3582402deadb0a8828b92221f5767b28bbddfab2?s=96&d=mm&r=g","contentUrl":"https:\/\/secure.gravatar.com\/avatar\/db88629feb205bd1540ef21e3582402deadb0a8828b92221f5767b28bbddfab2?s=96&d=mm&r=g","caption":"futureg"},"url":"https:\/\/futureg.sk\/hu\/author\/futureg\/"}]}},"_links":{"self":[{"href":"https:\/\/futureg.sk\/hu\/wp-json\/wp\/v2\/posts\/304","targetHints":{"allow":["GET"]}}],"collection":[{"href":"https:\/\/futureg.sk\/hu\/wp-json\/wp\/v2\/posts"}],"about":[{"href":"https:\/\/futureg.sk\/hu\/wp-json\/wp\/v2\/types\/post"}],"author":[{"embeddable":true,"href":"https:\/\/futureg.sk\/hu\/wp-json\/wp\/v2\/users\/1"}],"replies":[{"embeddable":true,"href":"https:\/\/futureg.sk\/hu\/wp-json\/wp\/v2\/comments?post=304"}],"version-history":[{"count":1,"href":"https:\/\/futureg.sk\/hu\/wp-json\/wp\/v2\/posts\/304\/revisions"}],"predecessor-version":[{"id":306,"href":"https:\/\/futureg.sk\/hu\/wp-json\/wp\/v2\/posts\/304\/revisions\/306"}],"wp:featuredmedia":[{"embeddable":true,"href":"https:\/\/futureg.sk\/hu\/wp-json\/wp\/v2\/media\/305"}],"wp:attachment":[{"href":"https:\/\/futureg.sk\/hu\/wp-json\/wp\/v2\/media?parent=304"}],"wp:term":[{"taxonomy":"category","embeddable":true,"href":"https:\/\/futureg.sk\/hu\/wp-json\/wp\/v2\/categories?post=304"},{"taxonomy":"post_tag","embeddable":true,"href":"https:\/\/futureg.sk\/hu\/wp-json\/wp\/v2\/tags?post=304"}],"curies":[{"name":"wp","href":"https:\/\/api.w.org\/{rel}","templated":true}]}}