{"id":244,"date":"2018-11-16T18:52:05","date_gmt":"2018-11-16T18:52:05","guid":{"rendered":"http:\/\/futureg.sk\/hu\/?p=244"},"modified":"2018-11-16T18:52:05","modified_gmt":"2018-11-16T18:52:05","slug":"novemberi-gondolatok-gyerekek-jogok-ebookok","status":"publish","type":"post","link":"https:\/\/futureg.sk\/hu\/novemberi-gondolatok-gyerekek-jogok-ebookok\/","title":{"rendered":"Novemberi gondolatok: gyerekek, jogok, ebookok"},"content":{"rendered":"<p><strong>A legjobb \u00e9rdekr\u0151l a\u00a0gyermekek jogainak vil\u00e1gnapj\u00e1n<\/strong><\/p>\n<blockquote><p><strong><em>A\u00a0gyermek a\u00a0csal\u00e1d legkisebb tagja, ez\u00e9rt l\u00e9trehoztunk egy kiadv\u00e1nyt \u00e9s egy workshopot, hogy hangs\u00falyozzuk: a\u00a0t\u00e1rsadalom legfontosabb tagja a gyermek, aki a szlov\u00e1kiai magyar val\u00f3j\u00e1ban m\u00e1s m\u00e9rce szerint, m\u00e1s \u00e9lethelyzetben \u00e9l, mint a t\u00f6bbs\u00e9g. Teh\u00e1t amikor a\u00a0kisebbs\u00e9gben \u00e9l\u0151 gyermekekr\u0151l sz\u00f3lunk, fontos megeml\u00edteni a\u00a0gyermekeink j\u00f6v\u0151j\u00e9t.<\/em><\/strong><\/p><\/blockquote>\n<ol start=\"2018\">\n<li>november 20-\u00e1n d\u00e9lut\u00e1n 13.00 \u00f3rai kezdettel megrendez\u00e9sre ker\u00fcl a somorjai Zalabai Zsigmond V\u00e1rosi K\u00f6nyvt\u00e1r el\u0151ad\u00f3term\u00e9ben A j\u00f6v\u0151 gyermekei\u00e9rt \u2013 Minority Kids II. workshopja. A projekt c\u00e9lja oktat\u00e1si, kultur\u00e1lis k\u00e9pz\u00e9s \u00e9s szakmai f\u00f3rum szervez\u00e9se kerekasztal-besz\u00e9lget\u00e9s form\u00e1j\u00e1ban a csall\u00f3k\u00f6zi magyar gyermekek \u00e9s any\u00e1k r\u00e9sz\u00e9re. A csal\u00e1dias hangulat\u00fa rendezv\u00e9ny azzal a sz\u00e1nd\u00e9kkal k\u00e9sz\u00fcl, hogy a gyerekek \u00e9s kisebbs\u00e9gen \u00e9l\u0151 magyar csal\u00e1dok konkr\u00e9t helyzet\u00e9t vizsg\u00e1ljuk kult\u00far\u00e1nk, lehet\u0151s\u00e9geink \u00e9s r\u00e9gi\u00f3nk kontextus\u00e1ban.<\/li>\n<\/ol>\n<p>A megh\u00edvottak k\u00f6z\u00f6tt itt \u00e9l\u0151 magyar sz\u00fcl\u0151k \u00e9s gyerekek, valamint a FutuReg PT Minority Kids projektj\u00e9nek r\u00e9sztvev\u0151i lesznek. A m\u0171helymunk\u00e1k sor\u00e1n k\u00fcl\u00f6nb\u00f6z\u0151 t\u00e9m\u00e1kra \u00f6sszpontos\u00edtunk. Nemcsak nevel\u00e9si szak\u00e9rt\u0151kkel besz\u00e9lget\u00fcnk, de gyermekeink fel\u00e9 k\u00f6zvet\u00edtj\u00fck a kult\u00far\u00e1nkat is. Az \u00e9rdekl\u0151d\u0151k az oz@futureg.sk c\u00edmen jelezhetik r\u00e9szv\u00e9teli sz\u00e1nd\u00e9kukat. A\u00a0kerekasztal-besz\u00e9lget\u00e9s \u00e9s projekt-z\u00e1r\u00f3 konferencia k\u00f6nyvbemutat\u00f3val lesz egybek\u00f6tve, mivel november 20-\u00e1n vil\u00e1gszerte \u00fcnneplik a\u00a0gyermekeket, a gyermekek jogainak vil\u00e1gnapja alkalm\u00e1b\u00f3l. Ezen a napon jelenik meg a <em>Gyermekek kisebbs\u00e9gben<\/em> c\u00edm\u0171 k\u00f6tet online form\u00e1ban. A nyomtatott k\u00f6nyvh\u00f6z a\u00a0rendezv\u00e9nyen, illetve a\u00a0FutuReg PT el\u00e9rhet\u0151s\u00e9g\u00e9n is hozz\u00e1 lehet f\u00e9rni. A\u00a0tudom\u00e1nyos \u00e9s ismeretterjeszt\u0151 kiadv\u00e1ny ingyenes a\u00a0Kultminor t\u00e1mogat\u00e1sa j\u00f3volt\u00e1b\u00f3l. Az esem\u00e9nyt a Bethlen G\u00e1bor Alap<\/p>\n<p>A J\u00f6v\u0151 gyermekei\u00e9rt\u00a0workshop programja \u2013 MINORITY KIDS II.<\/p>\n<p><em>A\u00a0legjobb \u00e9rdek<\/em> e-book bemutat\u00f3<\/p>\n<ul>\n<li>13.00-13.15 \u2013 Bott Domonkos L\u00edvia: Megnyit\u00f3, A\u00a0szlov\u00e1kiai magyar gyermekek demogr\u00e1fi\u00e1ja<\/li>\n<li>1315-13.45 \u2013 M\u00e9sz\u00e1ros Krisztina: A\u00a0szlov\u00e1kiai magyar gyermek kommunik\u00e1ci\u00f3ja \u00e9s a kisgyermekek asszert\u00edv nevel\u00e9se<\/li>\n<li>14.00-14.30 \u2013 Veress Anita: A\u00a0szlov\u00e1kiai magyar sz\u00fcl\u00e9szet \u00e9s terhesgondoz\u00e1s<\/li>\n<li>15.35-15.15 \u2013 Bott Domonkos L\u00edvia: A\u00a0szlov\u00e1kiai magyar gyermekek t\u00e1rsadalmi helyzete<\/li>\n<li>15.00-15.30 \u2013 K\u00e1v\u00e9sz\u00fcnet<\/li>\n<li>15.30-16.00 \u2013 Misovich Eleon\u00f3ra: Boldogs\u00e1g\u00f3ra es coaching gyerekeknek (bemutat\u00f3)<\/li>\n<li>16.00-16.45 \u2013 Moln\u00e1r Kantner \u00c9va: Gyakorlati tapasztalatok a\u00a0gyermekl\u00e9lek \u00e9s a\u00a0meseter\u00e1pia t\u00e9r\u00e9n Szlov\u00e1ki\u00e1ban, tal\u00e1lkoz\u00e1s a sz\u00fcl\u0151kkel<\/li>\n<li>16. 50-17.30 \u2013 Moln\u00e1r P\u00e9ter: A szlov\u00e1kiai magyar gyerekek p\u00e1lyaorient\u00e1ci\u00f3ja \u00e9s\u00a0j\u00f6v\u0151k\u00e9pe<\/li>\n<\/ul>\n<p>Akt\u00edv mes\u00e9s december a v\u00e1rosi k\u00f6nyvt\u00e1rban<\/p>\n<p>Az idei Minority Kids kutat\u00e1sunk A legjobb \u00e9rdek c. tanulm\u00e1nyk\u00f6tet\u00e9nek elektronikus \u00f6sszefoglal\u00f3ja e-book form\u00e1ban december 10. ut\u00e1n lesz olvashat\u00f3 online m\u00f3don a futureg.sk \u00e9s minortykids.sk oldalakon.<\/p>\n<p>December 11-\u00e9n kedden, 17 \u00f3rai kezdettel pedig B\u00edr\u00f3 Szabolcs: S\u00e1rk\u00e1nyfi mes\u00e9je ker\u00fcl bemutat\u00e1sra Benes Tarr Csilla sz\u00edn\u00e9sz, dr\u00e1mapedag\u00f3gus \u00e1ltal, december 18-a pedig a\u00a0kisebbs\u00e9gi jogok napja, ez\u00e9rt ezen a\u00a0napon a\u00a0FutuReg PT a\u00a0hagyom\u00e1nyos meseter\u00e1pi\u00e1s foglalkoz\u00e1s ut\u00e1n a\u00a0gyerekeknek sz\u00e1m\u00e1ra k\u00e9sz\u00fcl egy kis meglepet\u00e9ssel a\u00a0helyi k\u00f6nyvt\u00e1rban. Ne feledj\u00fck:<strong>\u201eAkkor j\u00f3 a\u00a0vil\u00e1g, ha j\u00f3 benne gyereknek lenni.\u201c (V\u00e9ghelyi Bal\u00e1zs)<\/strong><\/p>\n<p>K\u00f6sz\u00f6net a t\u00e1mogat\u00f3knak : Nagyszombat megye kultur\u00e1lis p\u00e1ly\u00e1zat\u00e1nak \u00e9s a helyi k\u00f6nyvt\u00e1rnak.<\/p>\n","protected":false},"excerpt":{"rendered":"<p>A legjobb \u00e9rdekr\u0151l a\u00a0gyermekek jogainak vil\u00e1gnapj\u00e1n A\u00a0gyermek a\u00a0csal\u00e1d legkisebb tagja, ez\u00e9rt l\u00e9trehoztunk egy kiadv\u00e1nyt \u00e9s egy workshopot, hogy hangs\u00falyozzuk: a\u00a0t\u00e1rsadalom legfontosabb tagja a gyermek, aki a szlov\u00e1kiai magyar val\u00f3j\u00e1ban m\u00e1s m\u00e9rce szerint, m\u00e1s \u00e9lethelyzetben \u00e9l, mint a t\u00f6bbs\u00e9g. Teh\u00e1t amikor a\u00a0kisebbs\u00e9gben \u00e9l\u0151 gyermekekr\u0151l sz\u00f3lunk, fontos megeml\u00edteni a\u00a0gyermekeink j\u00f6v\u0151j\u00e9t. november 20-\u00e1n d\u00e9lut\u00e1n 13.00 \u00f3rai kezdettel megrendez\u00e9sre [&hellip;]<\/p>\n","protected":false},"author":1,"featured_media":245,"comment_status":"closed","ping_status":"open","sticky":false,"template":"","format":"standard","meta":{"_monsterinsights_skip_tracking":false,"_monsterinsights_sitenote_active":false,"_monsterinsights_sitenote_note":"","_monsterinsights_sitenote_category":0,"footnotes":""},"categories":[1],"tags":[],"class_list":["post-244","post","type-post","status-publish","format-standard","has-post-thumbnail","hentry","category-workshop"],"yoast_head":"<!-- This site is optimized with the Yoast SEO plugin v26.1.1 - https:\/\/yoast.com\/wordpress\/plugins\/seo\/ -->\n<title>Novemberi gondolatok: gyerekek, jogok, ebookok - FutuReg PT<\/title>\n<meta name=\"robots\" content=\"index, follow, max-snippet:-1, max-image-preview:large, max-video-preview:-1\" \/>\n<link rel=\"canonical\" href=\"https:\/\/futureg.sk\/hu\/novemberi-gondolatok-gyerekek-jogok-ebookok\/\" \/>\n<meta property=\"og:locale\" content=\"hu_HU\" \/>\n<meta property=\"og:type\" content=\"article\" \/>\n<meta property=\"og:title\" content=\"Novemberi gondolatok: gyerekek, jogok, ebookok - FutuReg PT\" \/>\n<meta property=\"og:description\" content=\"A legjobb \u00e9rdekr\u0151l a\u00a0gyermekek jogainak vil\u00e1gnapj\u00e1n A\u00a0gyermek a\u00a0csal\u00e1d legkisebb tagja, ez\u00e9rt l\u00e9trehoztunk egy kiadv\u00e1nyt \u00e9s egy workshopot, hogy hangs\u00falyozzuk: a\u00a0t\u00e1rsadalom legfontosabb tagja a gyermek, aki a szlov\u00e1kiai magyar val\u00f3j\u00e1ban m\u00e1s m\u00e9rce szerint, m\u00e1s \u00e9lethelyzetben \u00e9l, mint a t\u00f6bbs\u00e9g. Teh\u00e1t amikor a\u00a0kisebbs\u00e9gben \u00e9l\u0151 gyermekekr\u0151l sz\u00f3lunk, fontos megeml\u00edteni a\u00a0gyermekeink j\u00f6v\u0151j\u00e9t. november 20-\u00e1n d\u00e9lut\u00e1n 13.00 \u00f3rai kezdettel megrendez\u00e9sre [&hellip;]\" \/>\n<meta property=\"og:url\" content=\"https:\/\/futureg.sk\/hu\/novemberi-gondolatok-gyerekek-jogok-ebookok\/\" \/>\n<meta property=\"og:site_name\" content=\"FutuReg PT\" \/>\n<meta property=\"article:published_time\" content=\"2018-11-16T18:52:05+00:00\" \/>\n<meta property=\"og:image\" content=\"https:\/\/futureg.sk\/hu\/wp-content\/uploads\/sites\/2\/2018\/11\/fbbanner-MK.png\" \/>\n\t<meta property=\"og:image:width\" content=\"1200\" \/>\n\t<meta property=\"og:image:height\" content=\"628\" \/>\n\t<meta property=\"og:image:type\" content=\"image\/png\" \/>\n<meta name=\"author\" content=\"futureg\" \/>\n<meta name=\"twitter:card\" content=\"summary_large_image\" \/>\n<meta name=\"twitter:label1\" content=\"Szerz\u0151:\" \/>\n\t<meta name=\"twitter:data1\" content=\"futureg\" \/>\n\t<meta name=\"twitter:label2\" content=\"Becs\u00fclt olvas\u00e1si id\u0151\" \/>\n\t<meta name=\"twitter:data2\" content=\"3 perc\" \/>\n<script type=\"application\/ld+json\" class=\"yoast-schema-graph\">{\"@context\":\"https:\/\/schema.org\",\"@graph\":[{\"@type\":\"WebPage\",\"@id\":\"https:\/\/futureg.sk\/hu\/novemberi-gondolatok-gyerekek-jogok-ebookok\/\",\"url\":\"https:\/\/futureg.sk\/hu\/novemberi-gondolatok-gyerekek-jogok-ebookok\/\",\"name\":\"Novemberi gondolatok: gyerekek, jogok, ebookok - FutuReg PT\",\"isPartOf\":{\"@id\":\"https:\/\/futureg.sk\/hu\/#website\"},\"primaryImageOfPage\":{\"@id\":\"https:\/\/futureg.sk\/hu\/novemberi-gondolatok-gyerekek-jogok-ebookok\/#primaryimage\"},\"image\":{\"@id\":\"https:\/\/futureg.sk\/hu\/novemberi-gondolatok-gyerekek-jogok-ebookok\/#primaryimage\"},\"thumbnailUrl\":\"https:\/\/futureg.sk\/hu\/wp-content\/uploads\/sites\/2\/2018\/11\/fbbanner-MK.png\",\"datePublished\":\"2018-11-16T18:52:05+00:00\",\"author\":{\"@id\":\"https:\/\/futureg.sk\/hu\/#\/schema\/person\/55778fd0da87f59248b56bc66be71ab5\"},\"breadcrumb\":{\"@id\":\"https:\/\/futureg.sk\/hu\/novemberi-gondolatok-gyerekek-jogok-ebookok\/#breadcrumb\"},\"inLanguage\":\"hu\",\"potentialAction\":[{\"@type\":\"ReadAction\",\"target\":[\"https:\/\/futureg.sk\/hu\/novemberi-gondolatok-gyerekek-jogok-ebookok\/\"]}]},{\"@type\":\"ImageObject\",\"inLanguage\":\"hu\",\"@id\":\"https:\/\/futureg.sk\/hu\/novemberi-gondolatok-gyerekek-jogok-ebookok\/#primaryimage\",\"url\":\"https:\/\/futureg.sk\/hu\/wp-content\/uploads\/sites\/2\/2018\/11\/fbbanner-MK.png\",\"contentUrl\":\"https:\/\/futureg.sk\/hu\/wp-content\/uploads\/sites\/2\/2018\/11\/fbbanner-MK.png\",\"width\":1200,\"height\":628},{\"@type\":\"BreadcrumbList\",\"@id\":\"https:\/\/futureg.sk\/hu\/novemberi-gondolatok-gyerekek-jogok-ebookok\/#breadcrumb\",\"itemListElement\":[{\"@type\":\"ListItem\",\"position\":1,\"name\":\"Home\",\"item\":\"https:\/\/futureg.sk\/hu\/\"},{\"@type\":\"ListItem\",\"position\":2,\"name\":\"Novemberi gondolatok: gyerekek, jogok, ebookok\"}]},{\"@type\":\"WebSite\",\"@id\":\"https:\/\/futureg.sk\/hu\/#website\",\"url\":\"https:\/\/futureg.sk\/hu\/\",\"name\":\"FutuReg PT\",\"description\":\"R\u00e9gi\u00f3nk \u00e9s gyermekeink fejleszt\u00e9s\u00e9\u00e9rt\",\"potentialAction\":[{\"@type\":\"SearchAction\",\"target\":{\"@type\":\"EntryPoint\",\"urlTemplate\":\"https:\/\/futureg.sk\/hu\/?s={search_term_string}\"},\"query-input\":{\"@type\":\"PropertyValueSpecification\",\"valueRequired\":true,\"valueName\":\"search_term_string\"}}],\"inLanguage\":\"hu\"},{\"@type\":\"Person\",\"@id\":\"https:\/\/futureg.sk\/hu\/#\/schema\/person\/55778fd0da87f59248b56bc66be71ab5\",\"name\":\"futureg\",\"image\":{\"@type\":\"ImageObject\",\"inLanguage\":\"hu\",\"@id\":\"https:\/\/futureg.sk\/hu\/#\/schema\/person\/image\/\",\"url\":\"https:\/\/secure.gravatar.com\/avatar\/db88629feb205bd1540ef21e3582402deadb0a8828b92221f5767b28bbddfab2?s=96&d=mm&r=g\",\"contentUrl\":\"https:\/\/secure.gravatar.com\/avatar\/db88629feb205bd1540ef21e3582402deadb0a8828b92221f5767b28bbddfab2?s=96&d=mm&r=g\",\"caption\":\"futureg\"},\"url\":\"https:\/\/futureg.sk\/hu\/author\/futureg\/\"}]}<\/script>\n<!-- \/ Yoast SEO plugin. -->","yoast_head_json":{"title":"Novemberi gondolatok: gyerekek, jogok, ebookok - FutuReg PT","robots":{"index":"index","follow":"follow","max-snippet":"max-snippet:-1","max-image-preview":"max-image-preview:large","max-video-preview":"max-video-preview:-1"},"canonical":"https:\/\/futureg.sk\/hu\/novemberi-gondolatok-gyerekek-jogok-ebookok\/","og_locale":"hu_HU","og_type":"article","og_title":"Novemberi gondolatok: gyerekek, jogok, ebookok - FutuReg PT","og_description":"A legjobb \u00e9rdekr\u0151l a\u00a0gyermekek jogainak vil\u00e1gnapj\u00e1n A\u00a0gyermek a\u00a0csal\u00e1d legkisebb tagja, ez\u00e9rt l\u00e9trehoztunk egy kiadv\u00e1nyt \u00e9s egy workshopot, hogy hangs\u00falyozzuk: a\u00a0t\u00e1rsadalom legfontosabb tagja a gyermek, aki a szlov\u00e1kiai magyar val\u00f3j\u00e1ban m\u00e1s m\u00e9rce szerint, m\u00e1s \u00e9lethelyzetben \u00e9l, mint a t\u00f6bbs\u00e9g. Teh\u00e1t amikor a\u00a0kisebbs\u00e9gben \u00e9l\u0151 gyermekekr\u0151l sz\u00f3lunk, fontos megeml\u00edteni a\u00a0gyermekeink j\u00f6v\u0151j\u00e9t. november 20-\u00e1n d\u00e9lut\u00e1n 13.00 \u00f3rai kezdettel megrendez\u00e9sre [&hellip;]","og_url":"https:\/\/futureg.sk\/hu\/novemberi-gondolatok-gyerekek-jogok-ebookok\/","og_site_name":"FutuReg PT","article_published_time":"2018-11-16T18:52:05+00:00","og_image":[{"width":1200,"height":628,"url":"https:\/\/futureg.sk\/hu\/wp-content\/uploads\/sites\/2\/2018\/11\/fbbanner-MK.png","type":"image\/png"}],"author":"futureg","twitter_card":"summary_large_image","twitter_misc":{"Szerz\u0151:":"futureg","Becs\u00fclt olvas\u00e1si id\u0151":"3 perc"},"schema":{"@context":"https:\/\/schema.org","@graph":[{"@type":"WebPage","@id":"https:\/\/futureg.sk\/hu\/novemberi-gondolatok-gyerekek-jogok-ebookok\/","url":"https:\/\/futureg.sk\/hu\/novemberi-gondolatok-gyerekek-jogok-ebookok\/","name":"Novemberi gondolatok: gyerekek, jogok, ebookok - FutuReg PT","isPartOf":{"@id":"https:\/\/futureg.sk\/hu\/#website"},"primaryImageOfPage":{"@id":"https:\/\/futureg.sk\/hu\/novemberi-gondolatok-gyerekek-jogok-ebookok\/#primaryimage"},"image":{"@id":"https:\/\/futureg.sk\/hu\/novemberi-gondolatok-gyerekek-jogok-ebookok\/#primaryimage"},"thumbnailUrl":"https:\/\/futureg.sk\/hu\/wp-content\/uploads\/sites\/2\/2018\/11\/fbbanner-MK.png","datePublished":"2018-11-16T18:52:05+00:00","author":{"@id":"https:\/\/futureg.sk\/hu\/#\/schema\/person\/55778fd0da87f59248b56bc66be71ab5"},"breadcrumb":{"@id":"https:\/\/futureg.sk\/hu\/novemberi-gondolatok-gyerekek-jogok-ebookok\/#breadcrumb"},"inLanguage":"hu","potentialAction":[{"@type":"ReadAction","target":["https:\/\/futureg.sk\/hu\/novemberi-gondolatok-gyerekek-jogok-ebookok\/"]}]},{"@type":"ImageObject","inLanguage":"hu","@id":"https:\/\/futureg.sk\/hu\/novemberi-gondolatok-gyerekek-jogok-ebookok\/#primaryimage","url":"https:\/\/futureg.sk\/hu\/wp-content\/uploads\/sites\/2\/2018\/11\/fbbanner-MK.png","contentUrl":"https:\/\/futureg.sk\/hu\/wp-content\/uploads\/sites\/2\/2018\/11\/fbbanner-MK.png","width":1200,"height":628},{"@type":"BreadcrumbList","@id":"https:\/\/futureg.sk\/hu\/novemberi-gondolatok-gyerekek-jogok-ebookok\/#breadcrumb","itemListElement":[{"@type":"ListItem","position":1,"name":"Home","item":"https:\/\/futureg.sk\/hu\/"},{"@type":"ListItem","position":2,"name":"Novemberi gondolatok: gyerekek, jogok, ebookok"}]},{"@type":"WebSite","@id":"https:\/\/futureg.sk\/hu\/#website","url":"https:\/\/futureg.sk\/hu\/","name":"FutuReg PT","description":"R\u00e9gi\u00f3nk \u00e9s gyermekeink fejleszt\u00e9s\u00e9\u00e9rt","potentialAction":[{"@type":"SearchAction","target":{"@type":"EntryPoint","urlTemplate":"https:\/\/futureg.sk\/hu\/?s={search_term_string}"},"query-input":{"@type":"PropertyValueSpecification","valueRequired":true,"valueName":"search_term_string"}}],"inLanguage":"hu"},{"@type":"Person","@id":"https:\/\/futureg.sk\/hu\/#\/schema\/person\/55778fd0da87f59248b56bc66be71ab5","name":"futureg","image":{"@type":"ImageObject","inLanguage":"hu","@id":"https:\/\/futureg.sk\/hu\/#\/schema\/person\/image\/","url":"https:\/\/secure.gravatar.com\/avatar\/db88629feb205bd1540ef21e3582402deadb0a8828b92221f5767b28bbddfab2?s=96&d=mm&r=g","contentUrl":"https:\/\/secure.gravatar.com\/avatar\/db88629feb205bd1540ef21e3582402deadb0a8828b92221f5767b28bbddfab2?s=96&d=mm&r=g","caption":"futureg"},"url":"https:\/\/futureg.sk\/hu\/author\/futureg\/"}]}},"_links":{"self":[{"href":"https:\/\/futureg.sk\/hu\/wp-json\/wp\/v2\/posts\/244","targetHints":{"allow":["GET"]}}],"collection":[{"href":"https:\/\/futureg.sk\/hu\/wp-json\/wp\/v2\/posts"}],"about":[{"href":"https:\/\/futureg.sk\/hu\/wp-json\/wp\/v2\/types\/post"}],"author":[{"embeddable":true,"href":"https:\/\/futureg.sk\/hu\/wp-json\/wp\/v2\/users\/1"}],"replies":[{"embeddable":true,"href":"https:\/\/futureg.sk\/hu\/wp-json\/wp\/v2\/comments?post=244"}],"version-history":[{"count":1,"href":"https:\/\/futureg.sk\/hu\/wp-json\/wp\/v2\/posts\/244\/revisions"}],"predecessor-version":[{"id":246,"href":"https:\/\/futureg.sk\/hu\/wp-json\/wp\/v2\/posts\/244\/revisions\/246"}],"wp:featuredmedia":[{"embeddable":true,"href":"https:\/\/futureg.sk\/hu\/wp-json\/wp\/v2\/media\/245"}],"wp:attachment":[{"href":"https:\/\/futureg.sk\/hu\/wp-json\/wp\/v2\/media?parent=244"}],"wp:term":[{"taxonomy":"category","embeddable":true,"href":"https:\/\/futureg.sk\/hu\/wp-json\/wp\/v2\/categories?post=244"},{"taxonomy":"post_tag","embeddable":true,"href":"https:\/\/futureg.sk\/hu\/wp-json\/wp\/v2\/tags?post=244"}],"curies":[{"name":"wp","href":"https:\/\/api.w.org\/{rel}","templated":true}]}}