{"id":229,"date":"2018-10-02T20:57:24","date_gmt":"2018-10-02T20:57:24","guid":{"rendered":"http:\/\/futureg.sk\/hu\/?p=229"},"modified":"2018-10-02T21:05:55","modified_gmt":"2018-10-02T21:05:55","slug":"meseterapia-somorjan","status":"publish","type":"post","link":"https:\/\/futureg.sk\/hu\/meseterapia-somorjan\/","title":{"rendered":"Meseter\u00e1pia Somorj\u00e1n"},"content":{"rendered":"<p>Hamarosan kezdet\u00e9t veszik a meseter\u00e1pi\u00e1s foglalkoz\u00e1sok a somorjai k\u00f6nyvt\u00e1r megszokott term\u00e9ben Kantner Moln\u00e1r \u00c9vi vezet\u00e9s\u00e9vel. Az els\u0151 foglalkoz\u00e1sra okt\u00f3ber 9-\u00e9n ker\u00fcl sor, minden kedden a k\u00f6nyvt\u00e1rban tal\u00e1lkozunk szemeszter v\u00e9g\u00e9ig.<\/p>\n<p>A lektor nagyon sok gyermekkel foglalkozik \u00f3vod\u00e1skort\u00f3l eg\u00e9szen k\u00f6z\u00e9piskol\u00e1s korig, ugyanis iskolapszichol\u00f3gusk\u00e9nt, tan\u00e1csad\u00f3k\u00e9nt is dolgozott. Nyitott\u00a0 az alternat\u00edv pedag\u00f3gia ir\u00e1nt.<br \/>\nC\u00e9lja a mes\u00e9k \u00fczenet\u00e9nek k\u00f6zvet\u00edt\u00e9se az emberek fel\u00e9, annak a hiedelemnek a megc\u00e1fol\u00e1sa, hogy a mese gyermekeknek val\u00f3, a meseter\u00e1pia m\u00f3dszer\u00e9nek meghonos\u00edt\u00e1sa Csall\u00f3k\u00f6zben, olyan k\u00f6z\u00f6ss\u00e9gek l\u00e9trehoz\u00e1sa, melyek nyitottak a mese vil\u00e1g\u00e1nak befogad\u00e1s\u00e1ra.<\/p>\n<p>Legnagyobb v\u00e1gya pedig egy meseter\u00e1pi\u00e1s k\u00f6zpont kialak\u00edt\u00e1sa. Merj\u00fcnk nagyot \u00e1lmodni! Addigi tal\u00e1lkozunk Somorj\u00e1n, k\u00f6zpontunk a k\u00f6nyvt\u00e1r lesz. K\u00f6sz\u00f6net a somorjai Zalabai Zsigmond V\u00e1rosi K\u00f6nyvt\u00e1rnak \u00e9s kedves dolgoz\u00f3inak egyar\u00e1nt. Minden somorjai gyerek helye itt van. Jelentkezni lehet a lektor <a href=\"https:\/\/www.facebook.com\/meseterapiacsallokozben\/\">Meseter\u00e1pia Csall\u00f3k\u00f6zben Facebook<\/a> oldal\u00e1n vagy \u00fczenetben, esetleg a <a href=\"https:\/\/www.facebook.com\/ozfutureg\/\">FutuReg Polg\u00e1ri T\u00e1rsul\u00e1s<\/a> oldal\u00e1n a szoci\u00e1lis m\u00e9di\u00e1n.<\/p>\n","protected":false},"excerpt":{"rendered":"<p>Hamarosan kezdet\u00e9t veszik a meseter\u00e1pi\u00e1s foglalkoz\u00e1sok a somorjai k\u00f6nyvt\u00e1r megszokott term\u00e9ben Kantner Moln\u00e1r \u00c9vi vezet\u00e9s\u00e9vel. Az els\u0151 foglalkoz\u00e1sra okt\u00f3ber 9-\u00e9n ker\u00fcl sor, minden kedden a k\u00f6nyvt\u00e1rban tal\u00e1lkozunk szemeszter v\u00e9g\u00e9ig. A lektor nagyon sok gyermekkel foglalkozik \u00f3vod\u00e1skort\u00f3l eg\u00e9szen k\u00f6z\u00e9piskol\u00e1s korig, ugyanis iskolapszichol\u00f3gusk\u00e9nt, tan\u00e1csad\u00f3k\u00e9nt is dolgozott. Nyitott\u00a0 az alternat\u00edv pedag\u00f3gia ir\u00e1nt. C\u00e9lja a mes\u00e9k \u00fczenet\u00e9nek k\u00f6zvet\u00edt\u00e9se az [&hellip;]<\/p>\n","protected":false},"author":1,"featured_media":232,"comment_status":"closed","ping_status":"open","sticky":false,"template":"","format":"standard","meta":{"_monsterinsights_skip_tracking":false,"_monsterinsights_sitenote_active":false,"_monsterinsights_sitenote_note":"","_monsterinsights_sitenote_category":0,"footnotes":""},"categories":[7,8],"tags":[19],"class_list":["post-229","post","type-post","status-publish","format-standard","has-post-thumbnail","hentry","category-kultura","category-projekt","tag-mese"],"yoast_head":"<!-- This site is optimized with the Yoast SEO plugin v26.1.1 - https:\/\/yoast.com\/wordpress\/plugins\/seo\/ -->\n<title>Meseter\u00e1pia Somorj\u00e1n - FutuReg PT<\/title>\n<meta name=\"robots\" content=\"index, follow, max-snippet:-1, max-image-preview:large, max-video-preview:-1\" \/>\n<link rel=\"canonical\" href=\"https:\/\/futureg.sk\/hu\/meseterapia-somorjan\/\" \/>\n<meta property=\"og:locale\" content=\"hu_HU\" \/>\n<meta property=\"og:type\" content=\"article\" \/>\n<meta property=\"og:title\" content=\"Meseter\u00e1pia Somorj\u00e1n - FutuReg PT\" \/>\n<meta property=\"og:description\" content=\"Hamarosan kezdet\u00e9t veszik a meseter\u00e1pi\u00e1s foglalkoz\u00e1sok a somorjai k\u00f6nyvt\u00e1r megszokott term\u00e9ben Kantner Moln\u00e1r \u00c9vi vezet\u00e9s\u00e9vel. Az els\u0151 foglalkoz\u00e1sra okt\u00f3ber 9-\u00e9n ker\u00fcl sor, minden kedden a k\u00f6nyvt\u00e1rban tal\u00e1lkozunk szemeszter v\u00e9g\u00e9ig. A lektor nagyon sok gyermekkel foglalkozik \u00f3vod\u00e1skort\u00f3l eg\u00e9szen k\u00f6z\u00e9piskol\u00e1s korig, ugyanis iskolapszichol\u00f3gusk\u00e9nt, tan\u00e1csad\u00f3k\u00e9nt is dolgozott. Nyitott\u00a0 az alternat\u00edv pedag\u00f3gia ir\u00e1nt. C\u00e9lja a mes\u00e9k \u00fczenet\u00e9nek k\u00f6zvet\u00edt\u00e9se az [&hellip;]\" \/>\n<meta property=\"og:url\" content=\"https:\/\/futureg.sk\/hu\/meseterapia-somorjan\/\" \/>\n<meta property=\"og:site_name\" content=\"FutuReg PT\" \/>\n<meta property=\"article:published_time\" content=\"2018-10-02T20:57:24+00:00\" \/>\n<meta property=\"article:modified_time\" content=\"2018-10-02T21:05:55+00:00\" \/>\n<meta property=\"og:image\" content=\"https:\/\/futureg.sk\/hu\/wp-content\/uploads\/sites\/2\/2018\/10\/mese.jpg\" \/>\n\t<meta property=\"og:image:width\" content=\"288\" \/>\n\t<meta property=\"og:image:height\" content=\"175\" \/>\n\t<meta property=\"og:image:type\" content=\"image\/jpeg\" \/>\n<meta name=\"author\" content=\"futureg\" \/>\n<meta name=\"twitter:card\" content=\"summary_large_image\" \/>\n<meta name=\"twitter:label1\" content=\"Szerz\u0151:\" \/>\n\t<meta name=\"twitter:data1\" content=\"futureg\" \/>\n\t<meta name=\"twitter:label2\" content=\"Becs\u00fclt olvas\u00e1si id\u0151\" \/>\n\t<meta name=\"twitter:data2\" content=\"1 perc\" \/>\n<script type=\"application\/ld+json\" class=\"yoast-schema-graph\">{\"@context\":\"https:\/\/schema.org\",\"@graph\":[{\"@type\":\"WebPage\",\"@id\":\"https:\/\/futureg.sk\/hu\/meseterapia-somorjan\/\",\"url\":\"https:\/\/futureg.sk\/hu\/meseterapia-somorjan\/\",\"name\":\"Meseter\u00e1pia Somorj\u00e1n - FutuReg PT\",\"isPartOf\":{\"@id\":\"https:\/\/futureg.sk\/hu\/#website\"},\"primaryImageOfPage\":{\"@id\":\"https:\/\/futureg.sk\/hu\/meseterapia-somorjan\/#primaryimage\"},\"image\":{\"@id\":\"https:\/\/futureg.sk\/hu\/meseterapia-somorjan\/#primaryimage\"},\"thumbnailUrl\":\"https:\/\/futureg.sk\/hu\/wp-content\/uploads\/sites\/2\/2018\/10\/mese.jpg\",\"datePublished\":\"2018-10-02T20:57:24+00:00\",\"dateModified\":\"2018-10-02T21:05:55+00:00\",\"author\":{\"@id\":\"https:\/\/futureg.sk\/hu\/#\/schema\/person\/55778fd0da87f59248b56bc66be71ab5\"},\"breadcrumb\":{\"@id\":\"https:\/\/futureg.sk\/hu\/meseterapia-somorjan\/#breadcrumb\"},\"inLanguage\":\"hu\",\"potentialAction\":[{\"@type\":\"ReadAction\",\"target\":[\"https:\/\/futureg.sk\/hu\/meseterapia-somorjan\/\"]}]},{\"@type\":\"ImageObject\",\"inLanguage\":\"hu\",\"@id\":\"https:\/\/futureg.sk\/hu\/meseterapia-somorjan\/#primaryimage\",\"url\":\"https:\/\/futureg.sk\/hu\/wp-content\/uploads\/sites\/2\/2018\/10\/mese.jpg\",\"contentUrl\":\"https:\/\/futureg.sk\/hu\/wp-content\/uploads\/sites\/2\/2018\/10\/mese.jpg\",\"width\":288,\"height\":175},{\"@type\":\"BreadcrumbList\",\"@id\":\"https:\/\/futureg.sk\/hu\/meseterapia-somorjan\/#breadcrumb\",\"itemListElement\":[{\"@type\":\"ListItem\",\"position\":1,\"name\":\"Home\",\"item\":\"https:\/\/futureg.sk\/hu\/\"},{\"@type\":\"ListItem\",\"position\":2,\"name\":\"Meseter\u00e1pia Somorj\u00e1n\"}]},{\"@type\":\"WebSite\",\"@id\":\"https:\/\/futureg.sk\/hu\/#website\",\"url\":\"https:\/\/futureg.sk\/hu\/\",\"name\":\"FutuReg PT\",\"description\":\"R\u00e9gi\u00f3nk \u00e9s gyermekeink fejleszt\u00e9s\u00e9\u00e9rt\",\"potentialAction\":[{\"@type\":\"SearchAction\",\"target\":{\"@type\":\"EntryPoint\",\"urlTemplate\":\"https:\/\/futureg.sk\/hu\/?s={search_term_string}\"},\"query-input\":{\"@type\":\"PropertyValueSpecification\",\"valueRequired\":true,\"valueName\":\"search_term_string\"}}],\"inLanguage\":\"hu\"},{\"@type\":\"Person\",\"@id\":\"https:\/\/futureg.sk\/hu\/#\/schema\/person\/55778fd0da87f59248b56bc66be71ab5\",\"name\":\"futureg\",\"image\":{\"@type\":\"ImageObject\",\"inLanguage\":\"hu\",\"@id\":\"https:\/\/futureg.sk\/hu\/#\/schema\/person\/image\/\",\"url\":\"https:\/\/secure.gravatar.com\/avatar\/db88629feb205bd1540ef21e3582402deadb0a8828b92221f5767b28bbddfab2?s=96&d=mm&r=g\",\"contentUrl\":\"https:\/\/secure.gravatar.com\/avatar\/db88629feb205bd1540ef21e3582402deadb0a8828b92221f5767b28bbddfab2?s=96&d=mm&r=g\",\"caption\":\"futureg\"},\"url\":\"https:\/\/futureg.sk\/hu\/author\/futureg\/\"}]}<\/script>\n<!-- \/ Yoast SEO plugin. -->","yoast_head_json":{"title":"Meseter\u00e1pia Somorj\u00e1n - FutuReg PT","robots":{"index":"index","follow":"follow","max-snippet":"max-snippet:-1","max-image-preview":"max-image-preview:large","max-video-preview":"max-video-preview:-1"},"canonical":"https:\/\/futureg.sk\/hu\/meseterapia-somorjan\/","og_locale":"hu_HU","og_type":"article","og_title":"Meseter\u00e1pia Somorj\u00e1n - FutuReg PT","og_description":"Hamarosan kezdet\u00e9t veszik a meseter\u00e1pi\u00e1s foglalkoz\u00e1sok a somorjai k\u00f6nyvt\u00e1r megszokott term\u00e9ben Kantner Moln\u00e1r \u00c9vi vezet\u00e9s\u00e9vel. Az els\u0151 foglalkoz\u00e1sra okt\u00f3ber 9-\u00e9n ker\u00fcl sor, minden kedden a k\u00f6nyvt\u00e1rban tal\u00e1lkozunk szemeszter v\u00e9g\u00e9ig. A lektor nagyon sok gyermekkel foglalkozik \u00f3vod\u00e1skort\u00f3l eg\u00e9szen k\u00f6z\u00e9piskol\u00e1s korig, ugyanis iskolapszichol\u00f3gusk\u00e9nt, tan\u00e1csad\u00f3k\u00e9nt is dolgozott. Nyitott\u00a0 az alternat\u00edv pedag\u00f3gia ir\u00e1nt. C\u00e9lja a mes\u00e9k \u00fczenet\u00e9nek k\u00f6zvet\u00edt\u00e9se az [&hellip;]","og_url":"https:\/\/futureg.sk\/hu\/meseterapia-somorjan\/","og_site_name":"FutuReg PT","article_published_time":"2018-10-02T20:57:24+00:00","article_modified_time":"2018-10-02T21:05:55+00:00","og_image":[{"width":288,"height":175,"url":"https:\/\/futureg.sk\/hu\/wp-content\/uploads\/sites\/2\/2018\/10\/mese.jpg","type":"image\/jpeg"}],"author":"futureg","twitter_card":"summary_large_image","twitter_misc":{"Szerz\u0151:":"futureg","Becs\u00fclt olvas\u00e1si id\u0151":"1 perc"},"schema":{"@context":"https:\/\/schema.org","@graph":[{"@type":"WebPage","@id":"https:\/\/futureg.sk\/hu\/meseterapia-somorjan\/","url":"https:\/\/futureg.sk\/hu\/meseterapia-somorjan\/","name":"Meseter\u00e1pia Somorj\u00e1n - FutuReg PT","isPartOf":{"@id":"https:\/\/futureg.sk\/hu\/#website"},"primaryImageOfPage":{"@id":"https:\/\/futureg.sk\/hu\/meseterapia-somorjan\/#primaryimage"},"image":{"@id":"https:\/\/futureg.sk\/hu\/meseterapia-somorjan\/#primaryimage"},"thumbnailUrl":"https:\/\/futureg.sk\/hu\/wp-content\/uploads\/sites\/2\/2018\/10\/mese.jpg","datePublished":"2018-10-02T20:57:24+00:00","dateModified":"2018-10-02T21:05:55+00:00","author":{"@id":"https:\/\/futureg.sk\/hu\/#\/schema\/person\/55778fd0da87f59248b56bc66be71ab5"},"breadcrumb":{"@id":"https:\/\/futureg.sk\/hu\/meseterapia-somorjan\/#breadcrumb"},"inLanguage":"hu","potentialAction":[{"@type":"ReadAction","target":["https:\/\/futureg.sk\/hu\/meseterapia-somorjan\/"]}]},{"@type":"ImageObject","inLanguage":"hu","@id":"https:\/\/futureg.sk\/hu\/meseterapia-somorjan\/#primaryimage","url":"https:\/\/futureg.sk\/hu\/wp-content\/uploads\/sites\/2\/2018\/10\/mese.jpg","contentUrl":"https:\/\/futureg.sk\/hu\/wp-content\/uploads\/sites\/2\/2018\/10\/mese.jpg","width":288,"height":175},{"@type":"BreadcrumbList","@id":"https:\/\/futureg.sk\/hu\/meseterapia-somorjan\/#breadcrumb","itemListElement":[{"@type":"ListItem","position":1,"name":"Home","item":"https:\/\/futureg.sk\/hu\/"},{"@type":"ListItem","position":2,"name":"Meseter\u00e1pia Somorj\u00e1n"}]},{"@type":"WebSite","@id":"https:\/\/futureg.sk\/hu\/#website","url":"https:\/\/futureg.sk\/hu\/","name":"FutuReg PT","description":"R\u00e9gi\u00f3nk \u00e9s gyermekeink fejleszt\u00e9s\u00e9\u00e9rt","potentialAction":[{"@type":"SearchAction","target":{"@type":"EntryPoint","urlTemplate":"https:\/\/futureg.sk\/hu\/?s={search_term_string}"},"query-input":{"@type":"PropertyValueSpecification","valueRequired":true,"valueName":"search_term_string"}}],"inLanguage":"hu"},{"@type":"Person","@id":"https:\/\/futureg.sk\/hu\/#\/schema\/person\/55778fd0da87f59248b56bc66be71ab5","name":"futureg","image":{"@type":"ImageObject","inLanguage":"hu","@id":"https:\/\/futureg.sk\/hu\/#\/schema\/person\/image\/","url":"https:\/\/secure.gravatar.com\/avatar\/db88629feb205bd1540ef21e3582402deadb0a8828b92221f5767b28bbddfab2?s=96&d=mm&r=g","contentUrl":"https:\/\/secure.gravatar.com\/avatar\/db88629feb205bd1540ef21e3582402deadb0a8828b92221f5767b28bbddfab2?s=96&d=mm&r=g","caption":"futureg"},"url":"https:\/\/futureg.sk\/hu\/author\/futureg\/"}]}},"_links":{"self":[{"href":"https:\/\/futureg.sk\/hu\/wp-json\/wp\/v2\/posts\/229","targetHints":{"allow":["GET"]}}],"collection":[{"href":"https:\/\/futureg.sk\/hu\/wp-json\/wp\/v2\/posts"}],"about":[{"href":"https:\/\/futureg.sk\/hu\/wp-json\/wp\/v2\/types\/post"}],"author":[{"embeddable":true,"href":"https:\/\/futureg.sk\/hu\/wp-json\/wp\/v2\/users\/1"}],"replies":[{"embeddable":true,"href":"https:\/\/futureg.sk\/hu\/wp-json\/wp\/v2\/comments?post=229"}],"version-history":[{"count":3,"href":"https:\/\/futureg.sk\/hu\/wp-json\/wp\/v2\/posts\/229\/revisions"}],"predecessor-version":[{"id":233,"href":"https:\/\/futureg.sk\/hu\/wp-json\/wp\/v2\/posts\/229\/revisions\/233"}],"wp:featuredmedia":[{"embeddable":true,"href":"https:\/\/futureg.sk\/hu\/wp-json\/wp\/v2\/media\/232"}],"wp:attachment":[{"href":"https:\/\/futureg.sk\/hu\/wp-json\/wp\/v2\/media?parent=229"}],"wp:term":[{"taxonomy":"category","embeddable":true,"href":"https:\/\/futureg.sk\/hu\/wp-json\/wp\/v2\/categories?post=229"},{"taxonomy":"post_tag","embeddable":true,"href":"https:\/\/futureg.sk\/hu\/wp-json\/wp\/v2\/tags?post=229"}],"curies":[{"name":"wp","href":"https:\/\/api.w.org\/{rel}","templated":true}]}}