{"id":200,"date":"2018-01-25T21:22:45","date_gmt":"2018-01-25T21:22:45","guid":{"rendered":"http:\/\/futureg.sk\/hu\/?p=200"},"modified":"2018-01-25T21:22:45","modified_gmt":"2018-01-25T21:22:45","slug":"hatarterseg-foglalkoztatasi-szerkezete","status":"publish","type":"post","link":"https:\/\/futureg.sk\/hu\/hatarterseg-foglalkoztatasi-szerkezete\/","title":{"rendered":"A hat\u00e1rt\u00e9rs\u00e9g foglalkoztat\u00e1si szerkezete"},"content":{"rendered":"<p>Az elm\u00falt t\u00edz \u00e9vben Szlov\u00e1kia \u00e9s Magyarorsz\u00e1g gazdas\u00e1gi szerkezete igen kedvez\u0151 v\u00e1ltoz\u00e1sokon ment kereszt\u00fcl, azonban a mintegy 700 km hossz\u00fa hat\u00e1rt\u00e9rs\u00e9gben komolyabb javul\u00e1s nem ment v\u00e9gbe a Pozsony k\u00f6zvetlen t\u00e9rs\u00e9g\u00e9t jelent\u0151 Fels\u0151-Csall\u00f3k\u00f6zt lesz\u00e1m\u00edtva. A hat\u00e1rt\u00e9rs\u00e9g nyugati szakaszain, f\u0151leg a k\u00fclf\u00f6ldi m\u0171k\u00f6d\u0151t\u0151ke beruh\u00e1z\u00e1soknak k\u00f6sz\u00f6nhet\u0151en cs\u00f6kkent a munkan\u00e9lk\u00fclis\u00e9g. A hat\u00e1rt\u00e9rs\u00e9g foglalkoztat\u00e1si szerkezet\u00e9t vizsg\u00e1lva szembet\u0171n\u0151 m\u00e9g az agr\u00e1rszektorban s\u00faly\u00e1ban megmutatkoz\u00f3 k\u00fcl\u00f6nbs\u00e9g. A teljes hat\u00e1rszakaszra igaz, hogy a szlov\u00e1k oldalon a foglalkoztatottak j\u00f3val nagyobb h\u00e1nyada tal\u00e1l m\u00e9g meg\u00e9lhet\u00e9st a mez\u0151gazdas\u00e1gban (2,3\u20133,8% a magyar oldalon, m\u00edg 4\u20136,8% a szlov\u00e1kon).<\/p>\n<p>A\u00a0hat\u00e1rt\u00e9rs\u00e9g s\u00falyos munkan\u00e9lk\u00fclis\u00e9gi probl\u00e9m\u00e1inak orvosl\u00e1s\u00e1ra egyik kiv\u00e1l\u00f3 eszk\u00f6z az Interreg V-A Szlov\u00e1kia-Magyarorsz\u00e1g Egy\u00fcttm\u0171k\u00f6d\u00e9si Program lehet az elk\u00f6vetkez\u0151 5 \u00e9vben, ugyanis ezen program <strong>3. priorit\u00e1si tengelye kimondottan a <\/strong>fenntarthat\u00f3 \u00e9s min\u0151s\u00e9gi foglalkoztat\u00e1s el\u0151mozd\u00edt\u00e1s\u00e1t \u00e9s a munkav\u00e1llal\u00f3i mobilit\u00e1s t\u00e1mogat\u00e1s\u00e1t hivatott t\u00e1mogatni. A priorit\u00e1s a foglalkoztat\u00e1s a r\u00e9gi\u00f3k k\u00f6z\u00f6tt egyenl\u0151tlens\u00e9geinek cs\u00f6kkent\u00e9s\u00e9re f\u00f3kusz\u00e1l a foglalkoztat\u00e1s szintj\u00e9nek jav\u00edt\u00e1sa c\u00e9lj\u00e1b\u00f3l a programr\u00e9gi\u00f3ban a hat\u00e1ron \u00e1tny\u00fal\u00f3 munkaer\u0151piacok integr\u00e1l\u00e1sa r\u00e9v\u00e9n, bele\u00e9rtve a hat\u00e1rokon \u00e1tny\u00fal\u00f3 mobilit\u00e1st, a k\u00f6z\u00f6s helyi foglalkoztat\u00e1si kezdem\u00e9nyez\u00e9seket, a t\u00e1j\u00e9koztat\u00f3 \u00e9s tan\u00e1csad\u00f3 szolg\u00e1ltat\u00e1sokat \u00e9s a k\u00f6z\u00f6s k\u00e9pz\u00e9st.<\/p>\n<p>2017 j\u00falius\u00e1ban v\u00e1rhat\u00f3 ezen INTERREG program keret\u00e9ben a p\u00e1ly\u00e1zati felh\u00edv\u00e1s megjelen\u00e9se a 3. priorit\u00e1si tengelyre f\u00f3kusz\u00e1lva, ahol integr\u00e1lt ter\u00fcleti foglalkoztat\u00e1si akci\u00f3tervek beny\u00fajt\u00e1s\u00e1ra lesz lehet\u0151s\u00e9g. Ezen terveknek a funkcion\u00e1lis t\u00e9rs\u00e9gekben kell megc\u00e9lozniuk a foglalkoztat\u00e1si helyzet jav\u00edt\u00e1s\u00e1t, \u00faj munkahelyek l\u00e9trehoz\u00e1s\u00e1t a\u00a0t\u00e9rs\u00e9g gazdas\u00e1gi adotts\u00e1gaira \u00e9s ig\u00e9nyeire alapozva. F\u0151 szempont az elv\u00e1ndorl\u00e1s megakad\u00e1lyoz\u00e1sa, a\u00a0 hat\u00e1ron \u00e1tny\u00fal\u00f3 munkaer\u0151-mobilit\u00e1s el\u0151seg\u00edt\u00e9se, \u00faj foglalkoztat\u00e1si lehet\u0151s\u00e9gek teremt\u00e9se &#8211; term\u00e9kek \u00e9s szolg\u00e1ltat\u00e1sok \u00e1ltal &#8211; annak \u00e9rdek\u00e9ben, hogy a t\u00e9rs\u00e9gben min\u00e9l magasabb legyen a foglalkoztat\u00e1si ar\u00e1ny \u00e9s az \u00e9letsz\u00ednvonal. Az egy\u00fcttm\u0171k\u00f6d\u00e9s r\u00e9v\u00e9n \u00f6sszehangolhat\u00f3ak tov\u00e1bb\u00e1 a munkaer\u0151-piaci ig\u00e9nyek \u00e9s a k\u00e9pz\u0151 int\u00e9zm\u00e9nyek k\u00e9pz\u00e9si k\u00edn\u00e1lata is, ami hozz\u00e1j\u00e1rul a helyi v\u00e1llalkoz\u00e1sok fejl\u0151d\u00e9s\u00e9hez, a munkaer\u0151 helyben tart\u00e1s\u00e1hoz. A szlov\u00e1k-magyar hat\u00e1r ment\u00e9n re\u00e1lisan 10 TAPE \u2013 Ter\u00fcleti Foglalkoztat\u00e1si Akci\u00f3terv &#8211; ker\u00fclhet t\u00e1mogat\u00e1sra.<\/p>\n<p><em>A beruh\u00e1z\u00e1si priorit\u00e1son bel\u00fcl t\u00e1mogathat\u00f3 tev\u00e9kenys\u00e9gek:<\/em><\/p>\n<ul>\n<li>a foglalkoztat\u00e1st a helyi potenci\u00e1lra alapoz\u00f3 term\u00e9kek \u00e9s szolg\u00e1ltat\u00e1sok kialak\u00edt\u00e1s\u00e1val meger\u0151s\u00edt\u0151 c\u00e9lzott akci\u00f3k;<\/li>\n<li>a munkaer\u0151 hat\u00e1ron \u00e1tny\u00fal\u00f3 mobilit\u00e1s\u00e1nak jav\u00edt\u00e1s\u00e1t megc\u00e9lz\u00f3 kezdem\u00e9nyez\u00e9sek \u00e9s szolg\u00e1ltat\u00e1sok;<\/li>\n<li>konkr\u00e9t ter\u00fcletek korszer\u0171s\u00edt\u00e9s\u00e9hez, szerkezeti \u00e1talak\u00edt\u00e1s\u00e1hoz \u00e9s fenntarthat\u00f3 fejl\u0151d\u00e9s\u00e9hez hozz\u00e1j\u00e1rul\u00f3, tov\u00e1bb\u00e1 a munkaer\u0151 mobilit\u00e1s\u00e1nak m\u00e9rhet\u0151 javul\u00e1s\u00e1t eredm\u00e9nyez\u0151 infrastruktur\u00e1lis;<\/li>\n<li>k\u00f6z\u00f6s integr\u00e1lt hat\u00e1ron \u00e1tny\u00fal\u00f3 foglalkoztat\u00e1si kezdem\u00e9nyez\u00e9sek elind\u00edt\u00e1sa \u00e9s v\u00e9grehajt\u00e1sa;<\/li>\n<li>a foglalkoztat\u00e1st el\u0151mozd\u00edt\u00f3 \u00fczleti szolg\u00e1ltat\u00e1sok kialak\u00edt\u00e1sa \u00e9s az ehhez sz\u00fcks\u00e9ges infrastruktur\u00e1lis felt\u00e9telek megteremt\u00e9se;<\/li>\n<li>k\u00f6z\u00f6s oktat\u00e1si \u00e9s k\u00e9pz\u00e9si programok;<\/li>\n<li>t\u00e1mogat\u00f3 menedzsment tev\u00e9kenys\u00e9g fel\u00e1ll\u00edt\u00e1sa \u00e9s m\u0171k\u00f6dtet\u00e9se az akci\u00f3terv megval\u00f3s\u00edt\u00e1s\u00e1nak idej\u00e9re, a project k\u00f6z\u00f6s menedzsment \u00e9s koordin\u00e1ci\u00f3s feladatainak ell\u00e1t\u00e1s\u00e1ra, h\u00e1tr\u00e1nyos csoportok seg\u00edt\u00e9se, akci\u00f3tervek elk\u00e9sz\u00edt\u00e9se \u00e9s aktualiz\u00e1l\u00e1sa, jelent\u00e9sek elk\u00e9sz\u00edt\u00e9se \u00e9s kommunik\u00e1ci\u00f3s tev\u00e9kenys\u00e9gek v\u00e9grehajt\u00e1sa.<\/li>\n<\/ul>\n<p><img loading=\"lazy\" decoding=\"async\" class=\"alignnone size-medium wp-image-174\" src=\"http:\/\/futureg.sk\/wp-content\/uploads\/2017\/05\/hatarmenti-pic-300x211.png\" alt=\"\" width=\"300\" height=\"211\" \/><\/p>\n<p><em>T\u00e9rk\u00e9p 1: Funkcion\u00e1lis r\u00e9gi\u00f3k a\u00a0szlov\u00e1k-magyar hat\u00e1r ment\u00e9n<\/em><\/p>\n<p><em>Forr\u00e1s: <\/em><a href=\"http:\/\/www.cesci-net.eu\/\"><em>http:\/\/www.cesci-net.eu\/<\/em><\/a><\/p>\n<p>Foglalkoztat\u00e1si projektek kulcstev\u00e9kenys\u00e9gei:<\/p>\n<ul>\n<li>Term\u00e9kek \u00e9s szolg\u00e1ltat\u00e1sok<\/li>\n<li>Hat\u00e1ron \u00e1tny\u00fal\u00f3 munkaer\u0151-mobilit\u00e1s<\/li>\n<\/ul>\n<p>Kieg\u00e9sz\u00edt\u0151 tev\u00e9kenys\u00e9gek:<\/p>\n<ul>\n<li>Infrastruktur\u00e1lis beruh\u00e1z\u00e1sok<\/li>\n<li>K\u00f6z\u00f6s, hat\u00e1ron \u00e1tny\u00fal\u00f3 foglalkoztat\u00e1si kezdem\u00e9nyez\u00e9sek<\/li>\n<li>\u00dczleti szolg\u00e1ltat\u00e1sok<\/li>\n<li>K\u00f6z\u00f6s oktat\u00e1si \u00e9s k\u00e9pz\u00e9si programok<\/li>\n<\/ul>\n<p>A ter\u00fcleti foglalkoztat\u00e1si akci\u00f3terv c\u00e9lja munkahelyek l\u00e9trehoz\u00e1sa<\/p>\n<ul>\n<li>val\u00f3di ter\u00fcleti ig\u00e9nyekre alapozva,<\/li>\n<li>integr\u00e1lt megk\u00f6zel\u00edt\u00e9st alkalmazva,<\/li>\n<li>szinergikus rendszerben (tematikus f\u00f3kusz, logikus f\u00f3kusz egym\u00e1sra \u00e9p\u00fcl\u00e9sek).<\/li>\n<\/ul>\n<p>C\u00e9l, hogy a ter\u00fcleti foglalkoztat\u00e1si akci\u00f3terv tev\u00e9kenys\u00e9gei j\u00e1ruljanak hozz\u00e1<\/p>\n<p>&#8211; gazdas\u00e1gi n\u00f6veked\u00e9s\u00e9hez,<\/p>\n<p>&#8211; a\u00a0foglalkoztat\u00e1si lehet\u0151s\u00e9gek b\u0151v\u00edt\u00e9s\u00e9hez \u00e9s munkahely-teremt\u00e9shez,<\/p>\n<p>&#8211; a n\u00e9pess\u00e9g helyben tart\u00e1s\u00e1hoz,<\/p>\n<p>&#8211; a t\u00e9rs\u00e9gi v\u00e1llalkoz\u00e1sok fejleszt\u00e9s\u00e9hez, a v\u00e1llalkoz\u00e1sok ir\u00e1ny\u00edt\u00e1s\u00e1hoz, hat\u00e9konyabb m\u0171k\u00f6dtet\u00e9s\u00e9hez \u00e9s versenyk\u00e9pess\u00e9g\u00fck n\u00f6vel\u00e9s\u00e9hez.<\/p>\n<p><strong>Az integr\u00e1lt ter\u00fcleti foglalkoztat\u00e1si akci\u00f3tervek hat\u00e1sindik\u00e1torai: <\/strong><\/p>\n<ul>\n<li>L\u00e9trehozott munkahelyek sz\u00e1ma (db)<\/li>\n<li>Szoci\u00e1lis gazdas\u00e1gban foglalkoztatottak sz\u00e1ma (db)<\/li>\n<li>Munkan\u00e9lk\u00fclis\u00e9gi r\u00e1ta c\u00e9lcsoportonk\u00e9nt (%)<\/li>\n<li>Foglalkoztatotts\u00e1gi r\u00e1ta c\u00e9lcsoportonk\u00e9nt (%)<\/li>\n<li>Munkahelyteremt\u0151 beruh\u00e1z\u00e1sok nagys\u00e1ga (HUF, EUR)<\/li>\n<li>Helyi\/t\u00e9rs\u00e9gi term\u00e9kek sz\u00e1ma (db) &#8211; Helyi\/t\u00e9rs\u00e9gi term\u00e9kek \u00e9rt\u00e9kes\u00edt\u00e9s\u00e9nek \u00e1rbev\u00e9tele (HUF, EUR)<\/li>\n<li>Ing\u00e1z\u00f3k \u00e9s helyben dolgoz\u00f3k ar\u00e1nya (%)<\/li>\n<li>A hat\u00e1ron \u00e1tny\u00fal\u00f3 foglalkoztat\u00e1si kezdem\u00e9nyez\u00e9sek sz\u00e1ma (db)<\/li>\n<li>A helyi foglalkoztat\u00e1si projektek sz\u00e1ma (db)<\/li>\n<li>\u00daj foglalkoztatotts\u00e1gi partners\u00e9gek sz\u00e1ma (db)<\/li>\n<\/ul>\n<ol start=\"2017\">\n<li>\u00e1prilis 26-\u00e1n a PONTIBUS EGTC t\u00e1j\u00e9koztat\u00e1si f\u00f3rumot tartott Nyitr\u00e1n a Interreg V-A Szlov\u00e1kia-Magyarorsz\u00e1g Egy\u00fcttm\u0171k\u00f6d\u00e9si Programr\u00f3l, ahol t\u00f6bbek k\u00f6zt Lelkes G\u00e1bor r\u00e9gi\u00f3fejleszt\u00e9si szakembert\u0151l elhangzott, hogy ugyan a pontos p\u00e1ly\u00e1zati felt\u00e9telek m\u00e9g jelenleg kidolgoz\u00e1s alatt vannak, jelenleg arr\u00f3l folynak az egyeztet\u00e9sek, hogy mekkora legyen 1 l\u00e9trehozott munkahelyre es\u0151 t\u00e1mogat\u00e1s (50 ezer \u00e9s 200 ezer eur\u00f3 k\u00f6zt folynak a partneri egyeztet\u00e9sek, s lehets\u00e9ges, hogy majd 120 ezerben egyeznek meg).<\/li>\n<\/ol>\n<p><img loading=\"lazy\" decoding=\"async\" class=\"alignnone size-medium wp-image-175\" src=\"http:\/\/futureg.sk\/wp-content\/uploads\/2017\/05\/belica-300x225.jpg\" alt=\"\" width=\"300\" height=\"225\" \/><\/p>\n<p>Fot\u00f3: Nyitra megye isp\u00e1nja, <em>Ing. Milan Belica, PhD. k\u00f6sz\u00f6nti a\u00a0PONTIBUS EGTC inform\u00e1ci\u00f3s napj\u00e1ra \u00e9rkezett vend\u00e9geket 2017. \u00e1prilis 26-\u00e1n<br \/>\n<\/em><\/p>\n<p>Save<\/p>\n","protected":false},"excerpt":{"rendered":"<p>Az elm\u00falt t\u00edz \u00e9vben Szlov\u00e1kia \u00e9s Magyarorsz\u00e1g gazdas\u00e1gi szerkezete igen kedvez\u0151 v\u00e1ltoz\u00e1sokon ment kereszt\u00fcl, azonban a mintegy 700 km hossz\u00fa hat\u00e1rt\u00e9rs\u00e9gben komolyabb javul\u00e1s nem ment v\u00e9gbe a Pozsony k\u00f6zvetlen t\u00e9rs\u00e9g\u00e9t jelent\u0151 Fels\u0151-Csall\u00f3k\u00f6zt lesz\u00e1m\u00edtva. A hat\u00e1rt\u00e9rs\u00e9g nyugati szakaszain, f\u0151leg a k\u00fclf\u00f6ldi m\u0171k\u00f6d\u0151t\u0151ke beruh\u00e1z\u00e1soknak k\u00f6sz\u00f6nhet\u0151en cs\u00f6kkent a munkan\u00e9lk\u00fclis\u00e9g. A hat\u00e1rt\u00e9rs\u00e9g foglalkoztat\u00e1si szerkezet\u00e9t vizsg\u00e1lva szembet\u0171n\u0151 m\u00e9g az agr\u00e1rszektorban [&hellip;]<\/p>\n","protected":false},"author":1,"featured_media":54,"comment_status":"closed","ping_status":"open","sticky":false,"template":"","format":"standard","meta":{"_monsterinsights_skip_tracking":false,"_monsterinsights_sitenote_active":false,"_monsterinsights_sitenote_note":"","_monsterinsights_sitenote_category":0,"footnotes":""},"categories":[3,7,8,12],"tags":[13,10,16,9,11,15],"class_list":["post-200","post","type-post","status-publish","format-standard","has-post-thumbnail","hentry","category-fundraising","category-kultura","category-projekt","category-region","tag-csallokoz","tag-hatarmente","tag-palyazat","tag-regio","tag-strategia","tag-tanulmany"],"yoast_head":"<!-- This site is optimized with the Yoast SEO plugin v26.1.1 - https:\/\/yoast.com\/wordpress\/plugins\/seo\/ -->\n<title>A hat\u00e1rt\u00e9rs\u00e9g foglalkoztat\u00e1si szerkezete - FutuReg PT<\/title>\n<meta name=\"robots\" content=\"index, follow, max-snippet:-1, max-image-preview:large, max-video-preview:-1\" \/>\n<link rel=\"canonical\" href=\"https:\/\/futureg.sk\/hu\/hatarterseg-foglalkoztatasi-szerkezete\/\" \/>\n<meta property=\"og:locale\" content=\"hu_HU\" \/>\n<meta property=\"og:type\" content=\"article\" \/>\n<meta property=\"og:title\" content=\"A hat\u00e1rt\u00e9rs\u00e9g foglalkoztat\u00e1si szerkezete - FutuReg PT\" \/>\n<meta property=\"og:description\" content=\"Az elm\u00falt t\u00edz \u00e9vben Szlov\u00e1kia \u00e9s Magyarorsz\u00e1g gazdas\u00e1gi szerkezete igen kedvez\u0151 v\u00e1ltoz\u00e1sokon ment kereszt\u00fcl, azonban a mintegy 700 km hossz\u00fa hat\u00e1rt\u00e9rs\u00e9gben komolyabb javul\u00e1s nem ment v\u00e9gbe a Pozsony k\u00f6zvetlen t\u00e9rs\u00e9g\u00e9t jelent\u0151 Fels\u0151-Csall\u00f3k\u00f6zt lesz\u00e1m\u00edtva. A hat\u00e1rt\u00e9rs\u00e9g nyugati szakaszain, f\u0151leg a k\u00fclf\u00f6ldi m\u0171k\u00f6d\u0151t\u0151ke beruh\u00e1z\u00e1soknak k\u00f6sz\u00f6nhet\u0151en cs\u00f6kkent a munkan\u00e9lk\u00fclis\u00e9g. A hat\u00e1rt\u00e9rs\u00e9g foglalkoztat\u00e1si szerkezet\u00e9t vizsg\u00e1lva szembet\u0171n\u0151 m\u00e9g az agr\u00e1rszektorban [&hellip;]\" \/>\n<meta property=\"og:url\" content=\"https:\/\/futureg.sk\/hu\/hatarterseg-foglalkoztatasi-szerkezete\/\" \/>\n<meta property=\"og:site_name\" content=\"FutuReg PT\" \/>\n<meta property=\"article:published_time\" content=\"2018-01-25T21:22:45+00:00\" \/>\n<meta property=\"og:image\" content=\"https:\/\/futureg.sk\/hu\/wp-content\/uploads\/sites\/2\/2017\/11\/eurovelo.png\" \/>\n\t<meta property=\"og:image:width\" content=\"1091\" \/>\n\t<meta property=\"og:image:height\" content=\"546\" \/>\n\t<meta property=\"og:image:type\" content=\"image\/png\" \/>\n<meta name=\"author\" content=\"futureg\" \/>\n<meta name=\"twitter:card\" content=\"summary_large_image\" \/>\n<meta name=\"twitter:label1\" content=\"Szerz\u0151:\" \/>\n\t<meta name=\"twitter:data1\" content=\"futureg\" \/>\n\t<meta name=\"twitter:label2\" content=\"Becs\u00fclt olvas\u00e1si id\u0151\" \/>\n\t<meta name=\"twitter:data2\" content=\"6 perc\" \/>\n<script type=\"application\/ld+json\" class=\"yoast-schema-graph\">{\"@context\":\"https:\/\/schema.org\",\"@graph\":[{\"@type\":\"WebPage\",\"@id\":\"https:\/\/futureg.sk\/hu\/hatarterseg-foglalkoztatasi-szerkezete\/\",\"url\":\"https:\/\/futureg.sk\/hu\/hatarterseg-foglalkoztatasi-szerkezete\/\",\"name\":\"A hat\u00e1rt\u00e9rs\u00e9g foglalkoztat\u00e1si szerkezete - FutuReg PT\",\"isPartOf\":{\"@id\":\"https:\/\/futureg.sk\/hu\/#website\"},\"primaryImageOfPage\":{\"@id\":\"https:\/\/futureg.sk\/hu\/hatarterseg-foglalkoztatasi-szerkezete\/#primaryimage\"},\"image\":{\"@id\":\"https:\/\/futureg.sk\/hu\/hatarterseg-foglalkoztatasi-szerkezete\/#primaryimage\"},\"thumbnailUrl\":\"https:\/\/futureg.sk\/hu\/wp-content\/uploads\/sites\/2\/2017\/11\/eurovelo.png\",\"datePublished\":\"2018-01-25T21:22:45+00:00\",\"author\":{\"@id\":\"https:\/\/futureg.sk\/hu\/#\/schema\/person\/55778fd0da87f59248b56bc66be71ab5\"},\"breadcrumb\":{\"@id\":\"https:\/\/futureg.sk\/hu\/hatarterseg-foglalkoztatasi-szerkezete\/#breadcrumb\"},\"inLanguage\":\"hu\",\"potentialAction\":[{\"@type\":\"ReadAction\",\"target\":[\"https:\/\/futureg.sk\/hu\/hatarterseg-foglalkoztatasi-szerkezete\/\"]}]},{\"@type\":\"ImageObject\",\"inLanguage\":\"hu\",\"@id\":\"https:\/\/futureg.sk\/hu\/hatarterseg-foglalkoztatasi-szerkezete\/#primaryimage\",\"url\":\"https:\/\/futureg.sk\/hu\/wp-content\/uploads\/sites\/2\/2017\/11\/eurovelo.png\",\"contentUrl\":\"https:\/\/futureg.sk\/hu\/wp-content\/uploads\/sites\/2\/2017\/11\/eurovelo.png\",\"width\":1091,\"height\":546},{\"@type\":\"BreadcrumbList\",\"@id\":\"https:\/\/futureg.sk\/hu\/hatarterseg-foglalkoztatasi-szerkezete\/#breadcrumb\",\"itemListElement\":[{\"@type\":\"ListItem\",\"position\":1,\"name\":\"Home\",\"item\":\"https:\/\/futureg.sk\/hu\/\"},{\"@type\":\"ListItem\",\"position\":2,\"name\":\"A hat\u00e1rt\u00e9rs\u00e9g foglalkoztat\u00e1si szerkezete\"}]},{\"@type\":\"WebSite\",\"@id\":\"https:\/\/futureg.sk\/hu\/#website\",\"url\":\"https:\/\/futureg.sk\/hu\/\",\"name\":\"FutuReg PT\",\"description\":\"R\u00e9gi\u00f3nk \u00e9s gyermekeink fejleszt\u00e9s\u00e9\u00e9rt\",\"potentialAction\":[{\"@type\":\"SearchAction\",\"target\":{\"@type\":\"EntryPoint\",\"urlTemplate\":\"https:\/\/futureg.sk\/hu\/?s={search_term_string}\"},\"query-input\":{\"@type\":\"PropertyValueSpecification\",\"valueRequired\":true,\"valueName\":\"search_term_string\"}}],\"inLanguage\":\"hu\"},{\"@type\":\"Person\",\"@id\":\"https:\/\/futureg.sk\/hu\/#\/schema\/person\/55778fd0da87f59248b56bc66be71ab5\",\"name\":\"futureg\",\"image\":{\"@type\":\"ImageObject\",\"inLanguage\":\"hu\",\"@id\":\"https:\/\/futureg.sk\/hu\/#\/schema\/person\/image\/\",\"url\":\"https:\/\/secure.gravatar.com\/avatar\/db88629feb205bd1540ef21e3582402deadb0a8828b92221f5767b28bbddfab2?s=96&d=mm&r=g\",\"contentUrl\":\"https:\/\/secure.gravatar.com\/avatar\/db88629feb205bd1540ef21e3582402deadb0a8828b92221f5767b28bbddfab2?s=96&d=mm&r=g\",\"caption\":\"futureg\"},\"url\":\"https:\/\/futureg.sk\/hu\/author\/futureg\/\"}]}<\/script>\n<!-- \/ Yoast SEO plugin. -->","yoast_head_json":{"title":"A hat\u00e1rt\u00e9rs\u00e9g foglalkoztat\u00e1si szerkezete - FutuReg PT","robots":{"index":"index","follow":"follow","max-snippet":"max-snippet:-1","max-image-preview":"max-image-preview:large","max-video-preview":"max-video-preview:-1"},"canonical":"https:\/\/futureg.sk\/hu\/hatarterseg-foglalkoztatasi-szerkezete\/","og_locale":"hu_HU","og_type":"article","og_title":"A hat\u00e1rt\u00e9rs\u00e9g foglalkoztat\u00e1si szerkezete - FutuReg PT","og_description":"Az elm\u00falt t\u00edz \u00e9vben Szlov\u00e1kia \u00e9s Magyarorsz\u00e1g gazdas\u00e1gi szerkezete igen kedvez\u0151 v\u00e1ltoz\u00e1sokon ment kereszt\u00fcl, azonban a mintegy 700 km hossz\u00fa hat\u00e1rt\u00e9rs\u00e9gben komolyabb javul\u00e1s nem ment v\u00e9gbe a Pozsony k\u00f6zvetlen t\u00e9rs\u00e9g\u00e9t jelent\u0151 Fels\u0151-Csall\u00f3k\u00f6zt lesz\u00e1m\u00edtva. A hat\u00e1rt\u00e9rs\u00e9g nyugati szakaszain, f\u0151leg a k\u00fclf\u00f6ldi m\u0171k\u00f6d\u0151t\u0151ke beruh\u00e1z\u00e1soknak k\u00f6sz\u00f6nhet\u0151en cs\u00f6kkent a munkan\u00e9lk\u00fclis\u00e9g. A hat\u00e1rt\u00e9rs\u00e9g foglalkoztat\u00e1si szerkezet\u00e9t vizsg\u00e1lva szembet\u0171n\u0151 m\u00e9g az agr\u00e1rszektorban [&hellip;]","og_url":"https:\/\/futureg.sk\/hu\/hatarterseg-foglalkoztatasi-szerkezete\/","og_site_name":"FutuReg PT","article_published_time":"2018-01-25T21:22:45+00:00","og_image":[{"width":1091,"height":546,"url":"https:\/\/futureg.sk\/hu\/wp-content\/uploads\/sites\/2\/2017\/11\/eurovelo.png","type":"image\/png"}],"author":"futureg","twitter_card":"summary_large_image","twitter_misc":{"Szerz\u0151:":"futureg","Becs\u00fclt olvas\u00e1si id\u0151":"6 perc"},"schema":{"@context":"https:\/\/schema.org","@graph":[{"@type":"WebPage","@id":"https:\/\/futureg.sk\/hu\/hatarterseg-foglalkoztatasi-szerkezete\/","url":"https:\/\/futureg.sk\/hu\/hatarterseg-foglalkoztatasi-szerkezete\/","name":"A hat\u00e1rt\u00e9rs\u00e9g foglalkoztat\u00e1si szerkezete - FutuReg PT","isPartOf":{"@id":"https:\/\/futureg.sk\/hu\/#website"},"primaryImageOfPage":{"@id":"https:\/\/futureg.sk\/hu\/hatarterseg-foglalkoztatasi-szerkezete\/#primaryimage"},"image":{"@id":"https:\/\/futureg.sk\/hu\/hatarterseg-foglalkoztatasi-szerkezete\/#primaryimage"},"thumbnailUrl":"https:\/\/futureg.sk\/hu\/wp-content\/uploads\/sites\/2\/2017\/11\/eurovelo.png","datePublished":"2018-01-25T21:22:45+00:00","author":{"@id":"https:\/\/futureg.sk\/hu\/#\/schema\/person\/55778fd0da87f59248b56bc66be71ab5"},"breadcrumb":{"@id":"https:\/\/futureg.sk\/hu\/hatarterseg-foglalkoztatasi-szerkezete\/#breadcrumb"},"inLanguage":"hu","potentialAction":[{"@type":"ReadAction","target":["https:\/\/futureg.sk\/hu\/hatarterseg-foglalkoztatasi-szerkezete\/"]}]},{"@type":"ImageObject","inLanguage":"hu","@id":"https:\/\/futureg.sk\/hu\/hatarterseg-foglalkoztatasi-szerkezete\/#primaryimage","url":"https:\/\/futureg.sk\/hu\/wp-content\/uploads\/sites\/2\/2017\/11\/eurovelo.png","contentUrl":"https:\/\/futureg.sk\/hu\/wp-content\/uploads\/sites\/2\/2017\/11\/eurovelo.png","width":1091,"height":546},{"@type":"BreadcrumbList","@id":"https:\/\/futureg.sk\/hu\/hatarterseg-foglalkoztatasi-szerkezete\/#breadcrumb","itemListElement":[{"@type":"ListItem","position":1,"name":"Home","item":"https:\/\/futureg.sk\/hu\/"},{"@type":"ListItem","position":2,"name":"A hat\u00e1rt\u00e9rs\u00e9g foglalkoztat\u00e1si szerkezete"}]},{"@type":"WebSite","@id":"https:\/\/futureg.sk\/hu\/#website","url":"https:\/\/futureg.sk\/hu\/","name":"FutuReg PT","description":"R\u00e9gi\u00f3nk \u00e9s gyermekeink fejleszt\u00e9s\u00e9\u00e9rt","potentialAction":[{"@type":"SearchAction","target":{"@type":"EntryPoint","urlTemplate":"https:\/\/futureg.sk\/hu\/?s={search_term_string}"},"query-input":{"@type":"PropertyValueSpecification","valueRequired":true,"valueName":"search_term_string"}}],"inLanguage":"hu"},{"@type":"Person","@id":"https:\/\/futureg.sk\/hu\/#\/schema\/person\/55778fd0da87f59248b56bc66be71ab5","name":"futureg","image":{"@type":"ImageObject","inLanguage":"hu","@id":"https:\/\/futureg.sk\/hu\/#\/schema\/person\/image\/","url":"https:\/\/secure.gravatar.com\/avatar\/db88629feb205bd1540ef21e3582402deadb0a8828b92221f5767b28bbddfab2?s=96&d=mm&r=g","contentUrl":"https:\/\/secure.gravatar.com\/avatar\/db88629feb205bd1540ef21e3582402deadb0a8828b92221f5767b28bbddfab2?s=96&d=mm&r=g","caption":"futureg"},"url":"https:\/\/futureg.sk\/hu\/author\/futureg\/"}]}},"_links":{"self":[{"href":"https:\/\/futureg.sk\/hu\/wp-json\/wp\/v2\/posts\/200","targetHints":{"allow":["GET"]}}],"collection":[{"href":"https:\/\/futureg.sk\/hu\/wp-json\/wp\/v2\/posts"}],"about":[{"href":"https:\/\/futureg.sk\/hu\/wp-json\/wp\/v2\/types\/post"}],"author":[{"embeddable":true,"href":"https:\/\/futureg.sk\/hu\/wp-json\/wp\/v2\/users\/1"}],"replies":[{"embeddable":true,"href":"https:\/\/futureg.sk\/hu\/wp-json\/wp\/v2\/comments?post=200"}],"version-history":[{"count":1,"href":"https:\/\/futureg.sk\/hu\/wp-json\/wp\/v2\/posts\/200\/revisions"}],"predecessor-version":[{"id":201,"href":"https:\/\/futureg.sk\/hu\/wp-json\/wp\/v2\/posts\/200\/revisions\/201"}],"wp:featuredmedia":[{"embeddable":true,"href":"https:\/\/futureg.sk\/hu\/wp-json\/wp\/v2\/media\/54"}],"wp:attachment":[{"href":"https:\/\/futureg.sk\/hu\/wp-json\/wp\/v2\/media?parent=200"}],"wp:term":[{"taxonomy":"category","embeddable":true,"href":"https:\/\/futureg.sk\/hu\/wp-json\/wp\/v2\/categories?post=200"},{"taxonomy":"post_tag","embeddable":true,"href":"https:\/\/futureg.sk\/hu\/wp-json\/wp\/v2\/tags?post=200"}],"curies":[{"name":"wp","href":"https:\/\/api.w.org\/{rel}","templated":true}]}}