{"id":177,"date":"2018-01-10T15:49:36","date_gmt":"2018-01-10T15:49:36","guid":{"rendered":"http:\/\/futureg.sk\/hu\/?p=177"},"modified":"2018-01-25T08:49:05","modified_gmt":"2018-01-25T08:49:05","slug":"addig-jar-korso-kutra","status":"publish","type":"post","link":"https:\/\/futureg.sk\/hu\/addig-jar-korso-kutra\/","title":{"rendered":"Addig j\u00e1r a kors\u00f3 a k\u00fatra&#8230;"},"content":{"rendered":"<p><a href=\"https:\/\/futureg.sk\/hu\/addig-jar-korso-kutra\/studna\/\" rel=\"attachment wp-att-178\"><img loading=\"lazy\" decoding=\"async\" class=\"alignnone size-full wp-image-178\" src=\"https:\/\/futureg.sk\/hu\/wp-content\/uploads\/sites\/2\/2018\/01\/studna.jpg\" alt=\"\" width=\"271\" height=\"186\" \/><\/a><\/p>\n<p>&#8230;am\u00edg nem lesz benne atrazin? H\u00e1t \u00f6nts\u00fcnk tiszta vizet a\u00a0k\u00fati vizek pohar\u00e1ba is, ne csak a hat \u00e9rintett falu atrazin okozta v\u00edzv\u00e1ls\u00e1g\u00e1r\u00f3l sz\u00f3ljunk, s\u00a0tekints\u00fck lez\u00e1rtnak az \u00fcgyet miut\u00e1n a v\u00edz \u00fajra ihat\u00f3. Csall\u00f3k\u00f6zi telep\u00fcl\u00e9seink m\u00e9g mindig jelent\u0151s r\u00e9sze akarva vagy akaratlanul kutakon kereszt\u00fcl van v\u00edzzel ell\u00e1tva. <a href=\"http:\/\/www.hirek.sk\/itthon\/20180109083330\/Lakossagi-forumot-tartottak-a-csallokozi-vizszennyezes-ugyeben.html\">A lakoss\u00e1gi f\u00f3rumon janu\u00e1r 8-\u00e1n<\/a>\u00a0err\u0151l is esett sz\u00f3, de a\u00a0legfontosabb mondanival\u00f3 m\u00e9gis az volt, hogy ez egy figyelmeztet\u00e9s, a viz\u00fcnk m\u00e1r nem az ami volt, s nem kiz\u00e1r\u00f3lag csak az atrazin okozhat probl\u00e9m\u00e1t.Nagyobb probl\u00e9ma a gy\u00f3gyszerek \u00e9s m\u0171anyagok nem lebontott hat\u00e1s\u00e1nak k\u00f6vetkezm\u00e9nye.<\/p>\n<p>Sok v\u00edz lefolyt a\u00a0Dun\u00e1n, sok minden m\u00e1s lefolyt a talajv\u00edzen is, amit nem is tudunk. Akkor j\u00f6het\u00fcnk kapcsolatba ilyenfajta adatokkal, ha net\u00e1n h\u00e1zat kolaud\u00e1lunk, \u00faj h\u00e1zunk k\u00fatj\u00e1nak viz\u00e9t vizsg\u00e1ltatjuk be. Ha pedig megtudtuk milyen is a v\u00edz, \u00e9rt\u00e9kelhet\u00fcnk&#8230; Mennyit \u00e9r a\u00a0v\u00edz? Mennyit \u00e9r a\u00a0term\u00e9szet? Ha kutat v\u00e1lasztunk, j\u00f3 utat v\u00e1lasztunk?<\/p>\n<p><strong>\u201eMajd ha az ember kiv\u00e1gja az utols\u00f3 f\u00e1t, megm\u00e9rgezi az utols\u00f3 foly\u00f3 viz\u00e9t, kifogja az utols\u00f3 halat is, akkor r\u00e1d\u00f6bben, hogy a p\u00e9nzt nem lehet megenni.\u2013 Indi\u00e1n k\u00f6zmond\u00e1s<\/strong><\/p>\n<p>A rigor\u00f3zus munk\u00e1m nyit\u00f3mondatak\u00e9nt \u00edrtam 6 \u00e9ve ezt a mondatot, ahol az ENSZ szlov\u00e1k energetikai \u00e9s k\u00f6rnyezetv\u00e9delmi projektjeinek szerep\u00e9t vizsg\u00e1ltam k\u00f6zgazdas\u00e1gi szempontb\u00f3l Szlov\u00e1ki\u00e1ban. Sz\u00f3 se esett v\u00edzr\u0151l \u00e9s v\u00edzprobl\u00e9m\u00e1kr\u00f3l sem. Ez a fejl\u0151d\u0151 orsz\u00e1gok probl\u00e9m\u00e1ja volt. V\u00edzprobl\u00e9ma n\u00e1lunk? Eltelt 6 \u00e9v, s b\u00e1r nagyon rem\u00e9ltem nem kell majd ezt az id\u00e9zetet \u00fajra &#8222;el\u0151vennem&#8221; a decemberi esem\u00e9nyek \u00e9s v\u00edzmentes kar\u00e1csony megtette a mag\u00e1\u00e9t. Nem lesz r\u00e1 p\u00e9lda, gondoltam, hisz az emberis\u00e9g halad. Igen \u00e1m, de sajnos nem mindig el\u0151re.<\/p>\n<p>Nagyon \u00f6r\u00fcl\u00f6k, hogy r\u00e9sztvev\u0151je lehettem Csall\u00f3k\u00f6zn\u00e1dasdon a szakmailag sz\u00ednvonalas, inform\u00e1ci\u00f3ban gazdag v\u00edzr\u0151l sz\u00f3l\u00f3 lakoss\u00e1gi f\u00f3rumnak, s mi\u00f3ta a v\u00edzbotr\u00e1ny kit\u00f6rt szem\u00e9lyes ind\u00edttat\u00e1sb\u00f3l is megold\u00e1sokat, lehet\u0151s\u00e9geket elemezt\u00fcnk. A FutuReg PT szakmai h\u00e1tteret \u00e9s v\u00e9lem\u00e9nyeket szeretett volna \u00e9s szeretne nem kiz\u00e1r\u00f3lag szlov\u00e1kiai magyar illet\u00e9kesekt\u0151l, hogy a best practice, az \u00fagyn. j\u00f3 p\u00e9lda k\u00fclf\u00f6ldi m\u00f3dszereit is l\u00e1thatjuk.Hogy ezzel is kik\u00fcsz\u00f6b\u00f6lj\u00fck a m\u00e1shol m\u00e1r elk\u00f6vetett hib\u00e1kat. Hogy ne igyunk rossz vizet. Pedig lehet hogy \u00edgy van, az igazs\u00e1g v\u00e1ltoz\u00f3, mint a v\u00edzmint\u00e1k.<\/p>\n<p>Pedig ha logikusan belegondolunk mi, mind akik tudatosan vagy valami m\u00e1s okn\u00e1l fogva kiz\u00e1r\u00f3lag csall\u00f3k\u00f6zi k\u00fati vizet haszn\u00e1lunk h\u00e1ztart\u00e1sunkban tudatosan vagy ahogy indokoljuk a k\u00fati v\u00edz haszn\u00e1lat\u00e1t \u201eingyen\u201c m\u00e9rgezhetj\u00fck magunkat, az eg\u00e9szs\u00e9g\u00fcnket.<\/p>\n<p>A f\u00f3rum fontos gondolata, hogy nem csak az atrazin k\u00e1ros, s eddig nem is bizony\u00edtottan \u00e9letvesz\u00e9lyes emberek sz\u00e1m\u00e1ra, b\u00e1r m\u00edg a konkr\u00e9t k\u00fati v\u00edz nincs erre kivizsg\u00e1lva vegy\u00e9sz tan\u00e1cs\u00e1ra gyerekek fogyaszt\u00e1s\u00e1ra nem aj\u00e1nlott megfelel\u0151 berendez\u00e9sek haszn\u00e1lata n\u00e9lk\u00fcl.<\/p>\n<p><a href=\"https:\/\/futureg.sk\/hu\/csallokozi-karacsonyi-mese\/atrazin\/\" rel=\"attachment wp-att-166\"><img loading=\"lazy\" decoding=\"async\" class=\"alignnone size-medium wp-image-166\" src=\"https:\/\/futureg.sk\/hu\/wp-content\/uploads\/sites\/2\/2017\/12\/atrazin-300x190.png\" alt=\"\" width=\"300\" height=\"190\" srcset=\"https:\/\/futureg.sk\/hu\/wp-content\/uploads\/sites\/2\/2017\/12\/atrazin-300x190.png 300w, https:\/\/futureg.sk\/hu\/wp-content\/uploads\/sites\/2\/2017\/12\/atrazin.png 417w\" sizes=\"auto, (max-width: 300px) 100vw, 300px\" \/><\/a><\/p>\n<p>Ami elhangozott nemcsak csall\u00f3k\u00f6zieknek fontos inform\u00e1ci\u00f3, s nem csak meghallgatni, de tudatos \u00e9letm\u00f3dot folytatva fenntarthat\u00f3 fejl\u0151d\u00e9sben \u00e9lni a c\u00e9l\u2026 J\u00f3l hangzanak az <a href=\"https:\/\/sustainabledevelopment.un.org\/\">ENSZ 2030-as fenntarthat\u00f3 fejl\u0151d\u00e9si strat\u00e9gi\u00e1j\u00e1nak <\/a>kulcsszavai (sustainable development).<\/p>\n<p>&#8222;A biztons\u00e1gos \u00e9s megfizethet\u0151 <strong><em>iv\u00f3v\u00edz<\/em><\/strong>, a megfelel\u0151 <strong><em>szanit\u00e1ci\u00f3 <\/em><\/strong>\u00e9s higi\u00e9nia el\u00e9rhet\u0151s\u00e9ge mindenki sz\u00e1m\u00e1ra kulcsfontoss\u00e1g\u00fa a szeg\u00e9nys\u00e9g lek\u00fczd\u00e9s\u00e9vel, az eg\u00e9szs\u00e9g\u00fcgyi c\u00e9lok el\u00e9r\u00e9s\u00e9vel kapcsolatban is. Ezekkel is \u00f6sszef\u00fcgg\u00e9sben tov\u00e1bbi konkr\u00e9t c\u00e9lpontok: mindenhol a <em>v\u00edzmin\u0151s\u00e9g <\/em>\u00e9s a <em>v\u00edzhaszn\u00e1lat hat\u00e9konys\u00e1g\u00e1nak <\/em>jav\u00edt\u00e1sa, az <em>integr\u00e1lt v\u00edzk\u00e9szlet-gazd\u00e1lkod\u00e1s <\/em>\u00e9s a <em>vizes \u00f6kosziszt\u00e9m\u00e1k <\/em>v\u00e9delme.&#8221;-\u00edrja a dokumentum.<\/p>\n<p>Valahol ez a decemberi esem\u00e9ny nek\u00fcnk,csall\u00f3k\u00f6ziekek egy t\u00f6rt\u00e9nelmi pillanat, m\u00e9rf\u00f6ldk\u0151, hidegh\u00e1bor\u00fa a v\u00edzzel.<\/p>\n<p>B\u00e1r az illet\u00e9keseken \u00e9s f\u00fcggetlen szlov\u00e1kiai magyar kutat\u00f3kon, szakembereken k\u00edv\u00fcl rettent\u0151en fontos lett volna, ha orsz\u00e1g &#8211; vil\u00e1g szeme, a glob\u00e1lis szervezetek figyelme, esetleg fontos d\u00f6nt\u00e9shoz\u00f3k figyelme is r\u00e1nk, fordul. A FutuReg PT megh\u00edv\u00e1s\u00e1ra a <a href=\"http:\/\/www.greenpeace.org\">Greenpeace<\/a> a f\u00f3rumon val\u00f3 r\u00e9szv\u00e9telt szakmai kapacit\u00e1shi\u00e1ny \u00e9s egy\u00e9b k\u00f6teless\u00e9gek miatt visszautas\u00edtotta, de biztos\u00edtott szakmai \u00e1ll\u00e1spont kidolgoz\u00e1s\u00e1r\u00f3l. Nem z\u00e1rt\u00e1k ki a lehet\u0151s\u00e9get a j\u00f6v\u0151ben sem, hogy szakv\u00e9lem\u00e9nnyel seg\u00edthetik az esem\u00e9nyek \u00e9rt\u00e9kel\u00e9s\u00e9t \u00e9s progn\u00f3zis\u00e1t. Ezt az\u00e9rt fontos tudni, mert az \u00f3ce\u00e1nok tisztas\u00e1g\u00e1\u00e9rt,az olajf\u00far\u00f3k elleni kamp\u00e1nyban egy ilyen szervezet nagyon akt\u00edv, legut\u00f3bb a peszticidek ellen a m\u00e9hek v\u00e9delm\u00e9ben kamp\u00e1nyolt. Fontos a figyelemfelkelt\u00e9s, ez\u00e9rt is lett volna j\u00f3, m\u00edg &#8222;forr\u00f3&#8221; a v\u00edz t\u00e9m\u00e1ja,az iv\u00f3viz\u00fcnk\u00e9.<\/p>\n<p>A f\u00f3rumot k\u00f6vet\u0151en m\u00e9gsem hagyott nyugodni a &#8222;kutasok&#8221; probl\u00e9m\u00e1ja, felel\u0151ss\u00e9gteljes d\u00f6nt\u00e9s inni tov\u00e1bb adatok hi\u00e1ny\u00e1ban. Minden k\u00fat vize m\u00e1s. Val\u00f3sz\u00edn\u0171leg a f\u00f3rum ut\u00e1n \u00e9n is inn\u00e1m tov\u00e1bb, ha lenne k\u00f6zponti. De nem ez a helyzet. S szomor\u00fa, hogy ez individu\u00e1lisan a csal\u00e1dok gondja marad.<\/p>\n<p>Ha \u00e9pp most tudom f\u00e9l\u00e9ves eredm\u00e9nyekkel mit iszom (atrazinra \u00e9s peszticidekre viszont nem kivizsg\u00e1lt), s ehhez is sok id\u0151 \u00e9s berendez\u00e9s volt sz\u00fcks\u00e9ges a k\u00fatra szerelve vagy m\u00e1shogy megoldva, hogy ugye pap\u00edron ihat\u00f3 legyen, vajon mindenki \u00edgy j\u00e1r el?<\/p>\n<blockquote><p>Ez\u00e9rt is kulcsk\u00e9rd\u00e9s mi\u00e9rt nincs k\u00f6zponti h\u00e1l\u00f3zatra k\u00f6tve t\u00f6bb csall\u00f3k\u00f6zi falu a 21.sz\u00e1zadban?Mi\u00e9rt nem akarjak a m\u00e1r r\u00e1k\u00f6t\u00f6tt r\u00e9szek lakosai haszn\u00e1lni a vizet, ha van k\u00fati v\u00edz?Milyen fajta sz\u0171r\u0151berendez\u00e9sek l\u00e9teznek, amiket egy \u00e1tlagos csal\u00e1d megengedhet mag\u00e1nak? Mivel a k\u00e9rd\u00e9ssor nagy r\u00e9sze ink\u00e1bb k\u00f6lt\u0151i,ez\u00e9rt is z\u00e1rom soraimat elgondolkodtat\u00f3 gondolatokkal.<\/p><\/blockquote>\n<p>\u201e<strong>Az igazi term\u00e9szetv\u00e9d\u0151 az, aki tudja hogy a term\u00e9szetet nem a sz\u00fcleinkt\u0151l \u00f6r\u00f6k\u00f6lt\u00fck, hanem a gyermekeinknek k\u00f6lcs\u00f6n\u00f6zz\u00fck.\u201d \u2013John James Audubon<\/strong><\/p>\n<p>Bott L\u00edvia<\/p>\n","protected":false},"excerpt":{"rendered":"<p>&#8230;am\u00edg nem lesz benne atrazin? H\u00e1t \u00f6nts\u00fcnk tiszta vizet a\u00a0k\u00fati vizek pohar\u00e1ba is, ne csak a hat \u00e9rintett falu atrazin okozta v\u00edzv\u00e1ls\u00e1g\u00e1r\u00f3l sz\u00f3ljunk, s\u00a0tekints\u00fck lez\u00e1rtnak az \u00fcgyet miut\u00e1n a v\u00edz \u00fajra ihat\u00f3. Csall\u00f3k\u00f6zi telep\u00fcl\u00e9seink m\u00e9g mindig jelent\u0151s r\u00e9sze akarva vagy akaratlanul kutakon kereszt\u00fcl van v\u00edzzel ell\u00e1tva. A lakoss\u00e1gi f\u00f3rumon janu\u00e1r 8-\u00e1n\u00a0err\u0151l is esett sz\u00f3, de [&hellip;]<\/p>\n","protected":false},"author":1,"featured_media":178,"comment_status":"closed","ping_status":"open","sticky":false,"template":"","format":"standard","meta":{"_monsterinsights_skip_tracking":false,"_monsterinsights_sitenote_active":false,"_monsterinsights_sitenote_note":"","_monsterinsights_sitenote_category":0,"footnotes":""},"categories":[8,12],"tags":[13,6,9,11,18],"class_list":["post-177","post","type-post","status-publish","format-standard","has-post-thumbnail","hentry","category-projekt","category-region","tag-csallokoz","tag-gyermek","tag-regio","tag-strategia","tag-viz"],"yoast_head":"<!-- This site is optimized with the Yoast SEO plugin v26.1.1 - https:\/\/yoast.com\/wordpress\/plugins\/seo\/ -->\n<title>Addig j\u00e1r a kors\u00f3 a k\u00fatra... - FutuReg PT<\/title>\n<meta name=\"robots\" content=\"index, follow, max-snippet:-1, max-image-preview:large, max-video-preview:-1\" \/>\n<link rel=\"canonical\" href=\"https:\/\/futureg.sk\/hu\/addig-jar-korso-kutra\/\" \/>\n<meta property=\"og:locale\" content=\"hu_HU\" \/>\n<meta property=\"og:type\" content=\"article\" \/>\n<meta property=\"og:title\" content=\"Addig j\u00e1r a kors\u00f3 a k\u00fatra... - FutuReg PT\" \/>\n<meta property=\"og:description\" content=\"&#8230;am\u00edg nem lesz benne atrazin? H\u00e1t \u00f6nts\u00fcnk tiszta vizet a\u00a0k\u00fati vizek pohar\u00e1ba is, ne csak a hat \u00e9rintett falu atrazin okozta v\u00edzv\u00e1ls\u00e1g\u00e1r\u00f3l sz\u00f3ljunk, s\u00a0tekints\u00fck lez\u00e1rtnak az \u00fcgyet miut\u00e1n a v\u00edz \u00fajra ihat\u00f3. Csall\u00f3k\u00f6zi telep\u00fcl\u00e9seink m\u00e9g mindig jelent\u0151s r\u00e9sze akarva vagy akaratlanul kutakon kereszt\u00fcl van v\u00edzzel ell\u00e1tva. A lakoss\u00e1gi f\u00f3rumon janu\u00e1r 8-\u00e1n\u00a0err\u0151l is esett sz\u00f3, de [&hellip;]\" \/>\n<meta property=\"og:url\" content=\"https:\/\/futureg.sk\/hu\/addig-jar-korso-kutra\/\" \/>\n<meta property=\"og:site_name\" content=\"FutuReg PT\" \/>\n<meta property=\"article:published_time\" content=\"2018-01-10T15:49:36+00:00\" \/>\n<meta property=\"article:modified_time\" content=\"2018-01-25T08:49:05+00:00\" \/>\n<meta property=\"og:image\" content=\"https:\/\/futureg.sk\/hu\/wp-content\/uploads\/sites\/2\/2018\/01\/studna.jpg\" \/>\n\t<meta property=\"og:image:width\" content=\"271\" \/>\n\t<meta property=\"og:image:height\" content=\"186\" \/>\n\t<meta property=\"og:image:type\" content=\"image\/jpeg\" \/>\n<meta name=\"author\" content=\"futureg\" \/>\n<meta name=\"twitter:card\" content=\"summary_large_image\" \/>\n<meta name=\"twitter:label1\" content=\"Szerz\u0151:\" \/>\n\t<meta name=\"twitter:data1\" content=\"futureg\" \/>\n\t<meta name=\"twitter:label2\" content=\"Becs\u00fclt olvas\u00e1si id\u0151\" \/>\n\t<meta name=\"twitter:data2\" content=\"6 perc\" \/>\n<script type=\"application\/ld+json\" class=\"yoast-schema-graph\">{\"@context\":\"https:\/\/schema.org\",\"@graph\":[{\"@type\":\"WebPage\",\"@id\":\"https:\/\/futureg.sk\/hu\/addig-jar-korso-kutra\/\",\"url\":\"https:\/\/futureg.sk\/hu\/addig-jar-korso-kutra\/\",\"name\":\"Addig j\u00e1r a kors\u00f3 a k\u00fatra... - FutuReg PT\",\"isPartOf\":{\"@id\":\"https:\/\/futureg.sk\/hu\/#website\"},\"primaryImageOfPage\":{\"@id\":\"https:\/\/futureg.sk\/hu\/addig-jar-korso-kutra\/#primaryimage\"},\"image\":{\"@id\":\"https:\/\/futureg.sk\/hu\/addig-jar-korso-kutra\/#primaryimage\"},\"thumbnailUrl\":\"https:\/\/futureg.sk\/hu\/wp-content\/uploads\/sites\/2\/2018\/01\/studna.jpg\",\"datePublished\":\"2018-01-10T15:49:36+00:00\",\"dateModified\":\"2018-01-25T08:49:05+00:00\",\"author\":{\"@id\":\"https:\/\/futureg.sk\/hu\/#\/schema\/person\/55778fd0da87f59248b56bc66be71ab5\"},\"breadcrumb\":{\"@id\":\"https:\/\/futureg.sk\/hu\/addig-jar-korso-kutra\/#breadcrumb\"},\"inLanguage\":\"hu\",\"potentialAction\":[{\"@type\":\"ReadAction\",\"target\":[\"https:\/\/futureg.sk\/hu\/addig-jar-korso-kutra\/\"]}]},{\"@type\":\"ImageObject\",\"inLanguage\":\"hu\",\"@id\":\"https:\/\/futureg.sk\/hu\/addig-jar-korso-kutra\/#primaryimage\",\"url\":\"https:\/\/futureg.sk\/hu\/wp-content\/uploads\/sites\/2\/2018\/01\/studna.jpg\",\"contentUrl\":\"https:\/\/futureg.sk\/hu\/wp-content\/uploads\/sites\/2\/2018\/01\/studna.jpg\",\"width\":271,\"height\":186},{\"@type\":\"BreadcrumbList\",\"@id\":\"https:\/\/futureg.sk\/hu\/addig-jar-korso-kutra\/#breadcrumb\",\"itemListElement\":[{\"@type\":\"ListItem\",\"position\":1,\"name\":\"Home\",\"item\":\"https:\/\/futureg.sk\/hu\/\"},{\"@type\":\"ListItem\",\"position\":2,\"name\":\"Addig j\u00e1r a kors\u00f3 a k\u00fatra&#8230;\"}]},{\"@type\":\"WebSite\",\"@id\":\"https:\/\/futureg.sk\/hu\/#website\",\"url\":\"https:\/\/futureg.sk\/hu\/\",\"name\":\"FutuReg PT\",\"description\":\"R\u00e9gi\u00f3nk \u00e9s gyermekeink fejleszt\u00e9s\u00e9\u00e9rt\",\"potentialAction\":[{\"@type\":\"SearchAction\",\"target\":{\"@type\":\"EntryPoint\",\"urlTemplate\":\"https:\/\/futureg.sk\/hu\/?s={search_term_string}\"},\"query-input\":{\"@type\":\"PropertyValueSpecification\",\"valueRequired\":true,\"valueName\":\"search_term_string\"}}],\"inLanguage\":\"hu\"},{\"@type\":\"Person\",\"@id\":\"https:\/\/futureg.sk\/hu\/#\/schema\/person\/55778fd0da87f59248b56bc66be71ab5\",\"name\":\"futureg\",\"image\":{\"@type\":\"ImageObject\",\"inLanguage\":\"hu\",\"@id\":\"https:\/\/futureg.sk\/hu\/#\/schema\/person\/image\/\",\"url\":\"https:\/\/secure.gravatar.com\/avatar\/db88629feb205bd1540ef21e3582402deadb0a8828b92221f5767b28bbddfab2?s=96&d=mm&r=g\",\"contentUrl\":\"https:\/\/secure.gravatar.com\/avatar\/db88629feb205bd1540ef21e3582402deadb0a8828b92221f5767b28bbddfab2?s=96&d=mm&r=g\",\"caption\":\"futureg\"},\"url\":\"https:\/\/futureg.sk\/hu\/author\/futureg\/\"}]}<\/script>\n<!-- \/ Yoast SEO plugin. -->","yoast_head_json":{"title":"Addig j\u00e1r a kors\u00f3 a k\u00fatra... - FutuReg PT","robots":{"index":"index","follow":"follow","max-snippet":"max-snippet:-1","max-image-preview":"max-image-preview:large","max-video-preview":"max-video-preview:-1"},"canonical":"https:\/\/futureg.sk\/hu\/addig-jar-korso-kutra\/","og_locale":"hu_HU","og_type":"article","og_title":"Addig j\u00e1r a kors\u00f3 a k\u00fatra... - FutuReg PT","og_description":"&#8230;am\u00edg nem lesz benne atrazin? H\u00e1t \u00f6nts\u00fcnk tiszta vizet a\u00a0k\u00fati vizek pohar\u00e1ba is, ne csak a hat \u00e9rintett falu atrazin okozta v\u00edzv\u00e1ls\u00e1g\u00e1r\u00f3l sz\u00f3ljunk, s\u00a0tekints\u00fck lez\u00e1rtnak az \u00fcgyet miut\u00e1n a v\u00edz \u00fajra ihat\u00f3. Csall\u00f3k\u00f6zi telep\u00fcl\u00e9seink m\u00e9g mindig jelent\u0151s r\u00e9sze akarva vagy akaratlanul kutakon kereszt\u00fcl van v\u00edzzel ell\u00e1tva. A lakoss\u00e1gi f\u00f3rumon janu\u00e1r 8-\u00e1n\u00a0err\u0151l is esett sz\u00f3, de [&hellip;]","og_url":"https:\/\/futureg.sk\/hu\/addig-jar-korso-kutra\/","og_site_name":"FutuReg PT","article_published_time":"2018-01-10T15:49:36+00:00","article_modified_time":"2018-01-25T08:49:05+00:00","og_image":[{"width":271,"height":186,"url":"https:\/\/futureg.sk\/hu\/wp-content\/uploads\/sites\/2\/2018\/01\/studna.jpg","type":"image\/jpeg"}],"author":"futureg","twitter_card":"summary_large_image","twitter_misc":{"Szerz\u0151:":"futureg","Becs\u00fclt olvas\u00e1si id\u0151":"6 perc"},"schema":{"@context":"https:\/\/schema.org","@graph":[{"@type":"WebPage","@id":"https:\/\/futureg.sk\/hu\/addig-jar-korso-kutra\/","url":"https:\/\/futureg.sk\/hu\/addig-jar-korso-kutra\/","name":"Addig j\u00e1r a kors\u00f3 a k\u00fatra... - FutuReg PT","isPartOf":{"@id":"https:\/\/futureg.sk\/hu\/#website"},"primaryImageOfPage":{"@id":"https:\/\/futureg.sk\/hu\/addig-jar-korso-kutra\/#primaryimage"},"image":{"@id":"https:\/\/futureg.sk\/hu\/addig-jar-korso-kutra\/#primaryimage"},"thumbnailUrl":"https:\/\/futureg.sk\/hu\/wp-content\/uploads\/sites\/2\/2018\/01\/studna.jpg","datePublished":"2018-01-10T15:49:36+00:00","dateModified":"2018-01-25T08:49:05+00:00","author":{"@id":"https:\/\/futureg.sk\/hu\/#\/schema\/person\/55778fd0da87f59248b56bc66be71ab5"},"breadcrumb":{"@id":"https:\/\/futureg.sk\/hu\/addig-jar-korso-kutra\/#breadcrumb"},"inLanguage":"hu","potentialAction":[{"@type":"ReadAction","target":["https:\/\/futureg.sk\/hu\/addig-jar-korso-kutra\/"]}]},{"@type":"ImageObject","inLanguage":"hu","@id":"https:\/\/futureg.sk\/hu\/addig-jar-korso-kutra\/#primaryimage","url":"https:\/\/futureg.sk\/hu\/wp-content\/uploads\/sites\/2\/2018\/01\/studna.jpg","contentUrl":"https:\/\/futureg.sk\/hu\/wp-content\/uploads\/sites\/2\/2018\/01\/studna.jpg","width":271,"height":186},{"@type":"BreadcrumbList","@id":"https:\/\/futureg.sk\/hu\/addig-jar-korso-kutra\/#breadcrumb","itemListElement":[{"@type":"ListItem","position":1,"name":"Home","item":"https:\/\/futureg.sk\/hu\/"},{"@type":"ListItem","position":2,"name":"Addig j\u00e1r a kors\u00f3 a k\u00fatra&#8230;"}]},{"@type":"WebSite","@id":"https:\/\/futureg.sk\/hu\/#website","url":"https:\/\/futureg.sk\/hu\/","name":"FutuReg PT","description":"R\u00e9gi\u00f3nk \u00e9s gyermekeink fejleszt\u00e9s\u00e9\u00e9rt","potentialAction":[{"@type":"SearchAction","target":{"@type":"EntryPoint","urlTemplate":"https:\/\/futureg.sk\/hu\/?s={search_term_string}"},"query-input":{"@type":"PropertyValueSpecification","valueRequired":true,"valueName":"search_term_string"}}],"inLanguage":"hu"},{"@type":"Person","@id":"https:\/\/futureg.sk\/hu\/#\/schema\/person\/55778fd0da87f59248b56bc66be71ab5","name":"futureg","image":{"@type":"ImageObject","inLanguage":"hu","@id":"https:\/\/futureg.sk\/hu\/#\/schema\/person\/image\/","url":"https:\/\/secure.gravatar.com\/avatar\/db88629feb205bd1540ef21e3582402deadb0a8828b92221f5767b28bbddfab2?s=96&d=mm&r=g","contentUrl":"https:\/\/secure.gravatar.com\/avatar\/db88629feb205bd1540ef21e3582402deadb0a8828b92221f5767b28bbddfab2?s=96&d=mm&r=g","caption":"futureg"},"url":"https:\/\/futureg.sk\/hu\/author\/futureg\/"}]}},"_links":{"self":[{"href":"https:\/\/futureg.sk\/hu\/wp-json\/wp\/v2\/posts\/177","targetHints":{"allow":["GET"]}}],"collection":[{"href":"https:\/\/futureg.sk\/hu\/wp-json\/wp\/v2\/posts"}],"about":[{"href":"https:\/\/futureg.sk\/hu\/wp-json\/wp\/v2\/types\/post"}],"author":[{"embeddable":true,"href":"https:\/\/futureg.sk\/hu\/wp-json\/wp\/v2\/users\/1"}],"replies":[{"embeddable":true,"href":"https:\/\/futureg.sk\/hu\/wp-json\/wp\/v2\/comments?post=177"}],"version-history":[{"count":6,"href":"https:\/\/futureg.sk\/hu\/wp-json\/wp\/v2\/posts\/177\/revisions"}],"predecessor-version":[{"id":188,"href":"https:\/\/futureg.sk\/hu\/wp-json\/wp\/v2\/posts\/177\/revisions\/188"}],"wp:featuredmedia":[{"embeddable":true,"href":"https:\/\/futureg.sk\/hu\/wp-json\/wp\/v2\/media\/178"}],"wp:attachment":[{"href":"https:\/\/futureg.sk\/hu\/wp-json\/wp\/v2\/media?parent=177"}],"wp:term":[{"taxonomy":"category","embeddable":true,"href":"https:\/\/futureg.sk\/hu\/wp-json\/wp\/v2\/categories?post=177"},{"taxonomy":"post_tag","embeddable":true,"href":"https:\/\/futureg.sk\/hu\/wp-json\/wp\/v2\/tags?post=177"}],"curies":[{"name":"wp","href":"https:\/\/api.w.org\/{rel}","templated":true}]}}